{"id":49413,"date":"2012-03-11T18:08:42","date_gmt":"2012-03-11T16:08:42","guid":{"rendered":"http:\/\/www.korhanyilmaz.com\/?p=49413"},"modified":"2012-03-11T18:24:59","modified_gmt":"2012-03-11T16:24:59","slug":"kilicdaroglu-chpnin-adayi-koske-cikacak","status":"publish","type":"post","link":"http:\/\/www.korhanyilmaz.com\/?p=49413","title":{"rendered":"K\u0131l\u0131\u00e7daro\u011flu: CHP\u2019nin aday\u0131 K\u00f6\u015fk\u2019e \u00e7\u0131kacak"},"content":{"rendered":"<p style=\"text-align: center;\"><a href=\"http:\/\/www.korhanyilmaz.com\/wp-content\/uploads\/2012\/03\/9121.jpg\"  class=\"lightview\"><img loading=\"lazy\" decoding=\"async\" class=\"aligncenter  wp-image-49414\" src=\"http:\/\/www.korhanyilmaz.com\/wp-content\/uploads\/2012\/03\/9121.jpg\" alt=\"\" width=\"384\" height=\"221\" \/><\/a><\/p>\n<p style=\"text-align: justify;\">CHP lideri Kemal K\u0131l\u0131\u00e7daro\u011flu, iki y\u0131l sonra yap\u0131lacak Cumhurba\u015fkanl\u0131\u011f\u0131 se\u00e7imleriyle ilgili adaylar\u0131n\u0131n hen\u00fcz belli olmad\u0131\u011f\u0131n\u0131 s\u00f6yledi. K\u0131l\u0131\u00e7daro\u011flu, \u201cAma g\u00f6sterece\u011fimiz aday\u0131n cumhurba\u015fkan\u0131 se\u00e7ilece\u011fine inan\u0131yorum\u201d dedi.<\/p>\n<p style=\"text-align: justify;\">ANKARA &#8211; CHP lideri Kemal K\u0131l\u0131\u00e7daro\u011flu, iki y\u0131l sonra yap\u0131lacak Cumhurba\u015fkanl\u0131\u011f\u0131 se\u00e7imleriyle ilgili adaylar\u0131n\u0131n hen\u00fcz belli olmad\u0131\u011f\u0131n\u0131 s\u00f6yledi. K\u0131l\u0131\u00e7daro\u011flu, \u201cAma bizim g\u00f6sterece\u011fimiz aday\u0131n cumhurba\u015fkan\u0131 se\u00e7ilece\u011fine inan\u0131yorum\u201d dedi.\u00a0<!--more--><\/p>\n<p style=\"text-align: justify;\">CHP Genel Ba\u015fkan\u0131 Kemal K\u0131l\u0131\u00e7daro\u011flu, partisinin gazete genel yay\u0131n y\u00f6netmenleri ve k\u00f6\u015fe yazarlar\u0131 ile e\u011fitimcilerin kat\u0131l\u0131m\u0131yla d\u00fczenlenen toplant\u0131 \u00f6ncesinde gazetecilerin sorular\u0131n\u0131 yan\u0131tlad\u0131.<\/p>\n<p style=\"text-align: justify;\">Kemal K\u0131l\u0131\u00e7daro\u011flu, e\u011fitimin d\u00fcnyan\u0131n b\u00fct\u00fcn \u00fclkelerinde temel konu oldu\u011funu belirterek, &#8221;\u00c7\u00fcnk\u00fc \u00e7ocuklar\u0131m\u0131z\u0131 e\u011fitece\u011fiz ve onlara g\u00fczel bir gelecek vadetmek i\u00e7in \u00e7al\u0131\u015faca\u011f\u0131z. E\u011fitim budur&#8221; dedi.<\/p>\n<p style=\"text-align: justify;\">E\u011fitimin her toplumda \u00f6zg\u00fcrce tart\u0131\u015f\u0131ld\u0131\u011f\u0131n\u0131 dile getiren K\u0131l\u0131\u00e7daro\u011flu, getirilmesi planlanan yasal d\u00fczenlemelerin komisyonlarda g\u00f6r\u00fc\u015f\u00fcld\u00fc\u011f\u00fcn\u00fc, bilim insanlar\u0131n\u0131n, uygulamac\u0131lar\u0131n g\u00f6r\u00fc\u015f\u00fcn\u00fcn al\u0131nd\u0131\u011f\u0131n\u0131 kaydetti.<\/p>\n<p style=\"text-align: justify;\">Ankara&#8217;da akademisyenler, bilim insanlar\u0131yla ve sivil toplum \u00f6rg\u00fctleri temsilcileriyle g\u00f6r\u00fc\u015ft\u00fcklerini, bug\u00fcn de gazeteciler ve e\u011fitimcilerle bir araya geleceklerini anlatan K\u0131l\u0131\u00e7daro\u011flu, \u015funlar\u0131 kaydetti:<\/p>\n<p style=\"text-align: justify;\">&#8221;Teklifi burada tart\u0131\u015faca\u011f\u0131z. \u00d6zg\u00fcrce tart\u0131\u015faca\u011f\u0131z. Umuyorum ba\u015ftan s\u00f6yledi\u011fim gibi olsun. Bu kanun teklifi geri \u00e7ekilsin. Yeni ba\u015ftan, \u00e7ocuklar\u0131m\u0131z i\u00e7in yeni bir kanun teklifi getirelim veya bir tasar\u0131 gelsin. Biz elimizi uzatt\u0131k, say\u0131n Ba\u015fbakan&#8217;a, &#8216;Gelin uzla\u015fal\u0131m, beraber bir tasar\u0131 haz\u0131rlayal\u0131m&#8217; dedik. &#8216;Biz hangi konuda uzla\u015ft\u0131k&#8217; diye bir tepkisi oldu. Say\u0131n Ba\u015fbakan&#8217;\u0131n herhalde parlamento \u00e7al\u0131\u015fmalar\u0131ndan fazla bilgisi yok. \u00c7ok konuda uzla\u015fma oldu parlamentoda. \u00d6rne\u011fin, AB uyum yasalar\u0131n\u0131n b\u00fcy\u00fck bir k\u0131sm\u0131 uzla\u015fmayla ge\u00e7ti. Anayasa de\u011fi\u015fikliklerine ili\u015fkin parlamentoda uzla\u015fma komisyonu kurduk. B\u00f6yle bir anlay\u0131\u015fla ger\u00e7ekle\u015ftiriyoruz. E\u011fitim gibi \u00e7ok temel bir konuda da oturmam\u0131z, g\u00f6r\u00fc\u015fmemiz, g\u00f6r\u00fc\u015fleri almam\u0131z, bu konudaki sivil toplum \u00f6rg\u00fctlerinin, \u00fcniversitelerin, e\u011fitim fak\u00fcltelerinin g\u00f6r\u00fc\u015flerini almam\u0131z gerekiyor. \u00c7\u00fcnk\u00fc okula gidecek \u00e7ocuklar hepimizin \u00e7ocuklar\u0131. Biz onlara g\u00fczel bir gelecek haz\u0131rlamak durumunday\u0131z. Bu bizim tarihi sorumlulu\u011fumuz. O sorumlulu\u011fun bir gere\u011fi olarak bug\u00fcn burada topland\u0131k.&#8221;<\/p>\n<p style=\"text-align: justify;\"><strong>\u2018DANI\u015eTAY BA\u015eKANI DA ALET OLDU\u2019<\/strong><\/p>\n<p style=\"text-align: justify;\">Bir gazetecinin &#8221;Dan\u0131\u015ftay&#8217;\u0131n \u00fc\u00e7 \u00fcyesinin g\u00f6revden al\u0131nmas\u0131 konusunda ne d\u00fc\u015f\u00fcn\u00fcyorsunuz?&#8221; sorusu \u00fczerine K\u0131l\u0131\u00e7daro\u011flu, \u015funlar\u0131 s\u00f6yledi:<\/p>\n<p style=\"text-align: justify;\">&#8221;Say\u0131n Ba\u015fbakan, sa\u011fl\u0131kl\u0131 \u00e7al\u0131\u015fan bir demokraside olmayan bir yetkiyi ald\u0131. O yetkinin yarg\u0131 denetimine tabi oldu\u011funu herkes biliyordu. \u00c7\u00fcnk\u00fc Anayasa g\u00f6re, idarenin her t\u00fcrl\u00fc i\u015f ve eylemi yarg\u0131 denetimine tabidir. \u00d6nce bir yetki ald\u0131, sonra bu yetkinin paralelinde yarg\u0131y\u0131 kendi istedi\u011fi \u015fekilde d\u00fczenledi. Dan\u0131\u015ftay&#8217;dan 3 yarg\u0131c\u0131n g\u00f6rev yerlerinin de\u011fi\u015ftirilmesi, b\u00fcy\u00fck bir talihsizliktir. Dan\u0131\u015ftay Ba\u015fkan\u0131 da bu s\u00fcrece alet olmu\u015ftur. Yaz\u0131k g\u00fcnaht\u0131r bu \u00fclkeye. Adalet kavram\u0131 bu kadar sorumsuzca ayaklar alt\u0131na al\u0131nmamal\u0131d\u0131r. Adalet herkes i\u00e7in ge\u00e7erli. \u015eimdi o mahkemeden \u00e7\u0131kacak karar\u0131 hepimiz g\u00f6rece\u011fiz, bilece\u011fiz. Adalete olan g\u00fcven duygusu sars\u0131l\u0131rsa devletin temelleri sars\u0131lm\u0131\u015f olur. \u00c7\u00fcnk\u00fc adalet m\u00fclk\u00fcn, yani devletin temelidir.&#8221;<\/p>\n<p style=\"text-align: justify;\">Bir gazetecinin, &#8221;Say\u0131n Ba\u015fbakan&#8217;\u0131n M\u0130T mensuplar\u0131na soru\u015fturma olay\u0131yla ilgili bir a\u00e7\u0131klamas\u0131 oldu. Yeni M\u0130T Yasas\u0131&#8217;n\u0131 i\u015faret etti. Bu da &#8216;h\u00fck\u00fcmetin tavr\u0131nda bir de\u011fi\u015fiklik yoktur&#8217; tart\u0131\u015fmalar\u0131n\u0131 getirdi. Siz bu konuda ne d\u00fc\u015f\u00fcn\u00fcyorsunuz?&#8221; sorusu \u00fczerine de K\u0131l\u0131\u00e7daro\u011flu, \u015funlar\u0131 dile getirdi:<\/p>\n<p style=\"text-align: justify;\">&#8221;H\u00fck\u00fcmetin tavr\u0131nda bir de\u011fi\u015fiklik beklemiyorum. Asl\u0131nda h\u00fck\u00fcmet de\u011fil, h\u00fck\u00fcmet diye konu\u015fuyorsunuz. H\u00fck\u00fcmet \u015feklen var. Bir ki\u015fi var; Recep Tayyip Erdo\u011fan&#8230; Onun verdi\u011fi bir karara, Bakan\u0131n kar\u015f\u0131 \u00e7\u0131kmas\u0131 m\u00fcmk\u00fcn m\u00fc? B\u00fcy\u00fck bir olas\u0131l\u0131kla, e\u011fitimle ilgili teklife baz\u0131 bakanlar, &#8216;biz b\u00f6yle bir d\u00fczenlemenin alt\u0131na imza atmay\u0131z&#8217; dedikleri i\u00e7in teklif olarak verildi. Bir ki\u015fi var, o ki\u015finin a\u011fz\u0131ndan \u00e7\u0131kan parlamentoda yasala\u015f\u0131yor. Ben size daha \u00f6nce ne dedim? Postmodern bir diktat\u00f6rl\u00fck var, bu diktat\u00f6rl\u00fc\u011f\u00fcn de bir diktat\u00f6r\u00fc var. Onun da ad\u0131 Recep Tayyip Erdo\u011fan. Ger\u00e7ek bu, niye bu ger\u00e7ekleri kabul etmiyoruz? Recep Tayyip Erdo\u011fan&#8217;a g\u00f6re, yarg\u0131 dizayn edilir, Recep Tayyip Erdo\u011fan&#8217;a g\u00f6re AKP grubu \u00e7al\u0131\u015f\u0131r, Recep Tayyip Erdo\u011fan&#8217;\u0131n s\u00f6ylemine g\u00f6re, Bakanlar Kurulu karar al\u0131r. Olay budur. G\u00f6r\u00fcn\u00fcrde bir demokrasi var ama ger\u00e7ekte bir demokrasi yoktur. Bir siyasal parti, &#8216;gelin konu\u015fal\u0131m arkada\u015flar, burada ne yap\u0131yorsunuz, amac\u0131n\u0131z nedir?&#8217; dedi\u011finde kar\u015f\u0131da iktidar olan bir g\u00fcc\u00fcn, &#8216;hay\u0131r efendim biz g\u00f6r\u00fc\u015fmeyece\u011fiz&#8217; demesi ne demektir? Demokrasi k\u00fclt\u00fcr\u00fcnde muhalefet uzla\u015fma aray\u0131\u015f\u0131 i\u00e7ine girmez, iktidarlar uzla\u015fma aray\u0131\u015f\u0131 i\u00e7ine girerler. Biz \u00f6yle bir durumday\u0131z ki \u00e7ocuklar\u0131m\u0131z\u0131n gelece\u011fi i\u00e7in biz elimizi uzat\u0131yoruz. Ama iktidar diyor ki &#8216;hay\u0131r kusura bakma benim g\u00fcc\u00fcm var, ben tepeden inmeci bir zihniyetle yasalar\u0131 de\u011fi\u015ftiririm. Sen ne yaparsan yap ne s\u00f6ylersen s\u00f6yle. Ben bildi\u011fimi okurum&#8217;. Kusura bakmay\u0131n ama onlar hen\u00fcz CHP&#8217;yi tan\u0131mad\u0131lar. \u00d6yle herkes her istedi\u011fini okuyamaz. Burada hukuk var, demokrasi var.&#8221;<\/p>\n<p style=\"text-align: justify;\"><strong>\u2018CUMHURBA\u015eKANI CHP\u2019DEN OLACAK\u2019<\/strong><\/p>\n<p style=\"text-align: justify;\">Bir gazetecinin &#8221;2014 y\u0131l\u0131nda Cumhurba\u015fkanl\u0131\u011f\u0131 se\u00e7imi var. \u00d6ne \u00e7\u0131kan bir isim var m\u0131?&#8221; sorusuna K\u0131l\u0131\u00e7daro\u011flu, &#8221;\u00d6ne \u00e7\u0131kan bir isim yok. Ama 2014&#8217;te CHP&#8217;nin g\u00f6sterece\u011fi aday\u0131n Cumhurba\u015fkan\u0131 se\u00e7ilece\u011fine inan\u0131yorum. \u00c7\u00fcnk\u00fc bu \u00fclkenin, bu yurtta\u015flar\u0131n sa\u011fduyusuna inan\u0131yorum. \u00dclkesini temsil eden, demokrat d\u00fc\u015f\u00fcnceyi benimseyen demokrasiyi \u00f6z\u00fcmseyen, g\u00fc\u00e7ler ayr\u0131l\u0131\u011f\u0131 ilkesine sayg\u0131 duyan bir Cumhurba\u015fkan\u0131, T\u00fcrkiye&#8217;nin arzulad\u0131\u011f\u0131 bir Cumhurba\u015fkan\u0131d\u0131r. Biz bu anlay\u0131\u015fa sahip bir aday\u0131 g\u00f6sterece\u011fiz. \u015eu a\u015famada aday s\u00f6z konusu de\u011fil. \u00d6n\u00fcm\u00fczde daha uzun s\u00fcre var&#8221; yan\u0131t\u0131n\u0131 verdi.<\/p>\n<p style=\"text-align: justify;\">Bir gazetecinin, &#8221;CHP&#8217;nin mi aday\u0131 olacak, yoksa uzla\u015f\u0131 sonucu ortaya \u00e7\u0131kacak bir aday m\u0131 olacak?&#8221; sorusuna da K\u0131l\u0131\u00e7daro\u011flu, &#8221;T\u00fcrkiye&#8217;nin aday\u0131 olacak&#8221; cevab\u0131n\u0131 verdi.<\/p>\n<p style=\"text-align: justify;\"><a href=\"http:\/\/www.ntvmsnbc.com\/id\/25329414\" target=\"_blank\">Kaynak : NTVMSNBC<\/a><\/p>\n","protected":false},"excerpt":{"rendered":"<p style=\"text-align: center;\">\n<p style=\"text-align: justify;\">CHP lideri Kemal K\u0131l\u0131\u00e7daro\u011flu, iki y\u0131l sonra yap\u0131lacak Cumhurba\u015fkanl\u0131\u011f\u0131 se\u00e7imleriyle ilgili adaylar\u0131n\u0131n hen\u00fcz belli olmad\u0131\u011f\u0131n\u0131 s\u00f6yledi. K\u0131l\u0131\u00e7daro\u011flu, \u201cAma g\u00f6sterece\u011fimiz aday\u0131n cumhurba\u015fkan\u0131 se\u00e7ilece\u011fine inan\u0131yorum\u201d dedi.<\/p>\n<p style=\"text-align: justify;\">ANKARA &#8211; CHP lideri Kemal K\u0131l\u0131\u00e7daro\u011flu, iki y\u0131l sonra yap\u0131lacak Cumhurba\u015fkanl\u0131\u011f\u0131 se\u00e7imleriyle ilgili adaylar\u0131n\u0131n hen\u00fcz belli olmad\u0131\u011f\u0131n\u0131 s\u00f6yledi. K\u0131l\u0131\u00e7daro\u011flu, \u201cAma bizim g\u00f6sterece\u011fimiz aday\u0131n cumhurba\u015fkan\u0131 <\/p>\n","protected":false},"author":1,"featured_media":0,"comment_status":"open","ping_status":"open","sticky":false,"template":"","format":"standard","meta":{"footnotes":""},"categories":[105],"tags":[],"class_list":["post-49413","post","type-post","status-publish","format-standard","hentry","category-gundem","odd"],"_links":{"self":[{"href":"http:\/\/www.korhanyilmaz.com\/index.php?rest_route=\/wp\/v2\/posts\/49413","targetHints":{"allow":["GET"]}}],"collection":[{"href":"http:\/\/www.korhanyilmaz.com\/index.php?rest_route=\/wp\/v2\/posts"}],"about":[{"href":"http:\/\/www.korhanyilmaz.com\/index.php?rest_route=\/wp\/v2\/types\/post"}],"author":[{"embeddable":true,"href":"http:\/\/www.korhanyilmaz.com\/index.php?rest_route=\/wp\/v2\/users\/1"}],"replies":[{"embeddable":true,"href":"http:\/\/www.korhanyilmaz.com\/index.php?rest_route=%2Fwp%2Fv2%2Fcomments&post=49413"}],"version-history":[{"count":0,"href":"http:\/\/www.korhanyilmaz.com\/index.php?rest_route=\/wp\/v2\/posts\/49413\/revisions"}],"wp:attachment":[{"href":"http:\/\/www.korhanyilmaz.com\/index.php?rest_route=%2Fwp%2Fv2%2Fmedia&parent=49413"}],"wp:term":[{"taxonomy":"category","embeddable":true,"href":"http:\/\/www.korhanyilmaz.com\/index.php?rest_route=%2Fwp%2Fv2%2Fcategories&post=49413"},{"taxonomy":"post_tag","embeddable":true,"href":"http:\/\/www.korhanyilmaz.com\/index.php?rest_route=%2Fwp%2Fv2%2Ftags&post=49413"}],"curies":[{"name":"wp","href":"https:\/\/api.w.org\/{rel}","templated":true}]}}