{"id":49409,"date":"2012-03-11T14:26:22","date_gmt":"2012-03-11T12:26:22","guid":{"rendered":"http:\/\/www.korhanyilmaz.com\/?p=49409"},"modified":"2012-03-11T18:36:17","modified_gmt":"2012-03-11T16:36:17","slug":"444-buyuk-kavgayla-jet-hiziyla-gecti","status":"publish","type":"post","link":"http:\/\/www.korhanyilmaz.com\/?p=49409","title":{"rendered":"\u20184+4+4\u2019 b\u00fcy\u00fck kavgayla jet h\u0131z\u0131yla ge\u00e7ti"},"content":{"rendered":"<p style=\"text-align: center;\"><a href=\"http:\/\/www.korhanyilmaz.com\/wp-content\/uploads\/2012\/03\/9120.jpg\"  class=\"lightview\"><img loading=\"lazy\" decoding=\"async\" class=\"aligncenter  wp-image-49410\" src=\"http:\/\/www.korhanyilmaz.com\/wp-content\/uploads\/2012\/03\/9120.jpg\" alt=\"\" width=\"333\" height=\"191\" \/><\/a><\/p>\n<p style=\"text-align: justify;\">E\u011fitimde \u201c4+4+4\u201d d\u00fczenlemesi ya\u015fanan b\u00fcy\u00fck bir kavgayla kabul edildi. Salona 100 ki\u015fiyle gelen AK Parti milletvekilleri ile CHP ve MHP\u2019li vekiller aras\u0131nda yumrukla\u015fma meydana geldi. Sandalyeler par\u00e7aland\u0131, vekiller birbirlerine su \u015fi\u015feleri f\u0131rlatt\u0131, ezilme tehlikesi ge\u00e7irenler oldu.<\/p>\n<p style=\"text-align: justify;\">ANKARA &#8211; E\u011fitimde tart\u0131\u015fmalara neden olan \u201c4+4+4\u201d sisteminin g\u00f6r\u00fc\u015f\u00fcld\u00fc\u011f\u00fc TBMM Milli E\u011fitim, K\u00fclt\u00fcr, Gen\u00e7lik ve Spor Komisyonu\u2019nda b\u00fcy\u00fck bir kavga ya\u015fand\u0131.\u00a0<!--more--><\/p>\n<p style=\"text-align: justify;\">AK Parti\u2019li 100-150 milletvekili bu sabah kahvalt\u0131da bir araya geldi. Yap\u0131lan g\u00f6r\u00fc\u015fmelerin ard\u0131ndan yakla\u015f\u0131k 100 milletvekili, saat 15.00\u2019teki g\u00f6r\u00fc\u015fme \u00f6ncesinde hep birlikte salona gitti.<\/p>\n<p style=\"text-align: justify;\">AK Parti vekiller komisyon toplant\u0131s\u0131 ba\u015flamadan t\u00fcm sandalyelere oturdu. Muhalefet milletvekillerine yer kalmad\u0131.<\/p>\n<p style=\"text-align: justify;\">Muhalefet partisi milletvekillerinin komisyon salonuna gelmesi \u00fczerine AK Parti&#8217;li yakla\u015f\u0131k 20 milletvekili, k\u00fcrs\u00fc \u00f6n\u00fcnde barikat kurdu. AK Partililer, CHP&#8217;li milletvekillerinin k\u00fcrs\u00fcye yakla\u015fmas\u0131n\u0131 engellemek i\u00e7in \u00e7aba sarfetti.<\/p>\n<p style=\"text-align: justify;\">CHP&#8217;li milletvekilleri, komisyona \u00fcye olan 9 AK Parti&#8217;li d\u0131\u015f\u0131ndaki milletvekillerinin oturmas\u0131na kendilerine yer kalmad\u0131\u011f\u0131 gerek\u00e7esiyle kar\u015f\u0131 \u00e7\u0131kt\u0131.<\/p>\n<p style=\"text-align: justify;\">AK Parti&#8217;li milletvekilleri, CHP&#8217;lileri salon d\u0131\u015f\u0131na \u00e7\u0131karmaya \u00e7al\u0131\u015ft\u0131. Bu s\u0131rada aralar\u0131nda CHP&#8217;li Nur Serter&#8217;in de bulundu\u011fu baz\u0131 kad\u0131n milletvekilleri ezilme tehlikesi ge\u00e7irdi.<\/p>\n<p style=\"text-align: justify;\">Bu arada, iti\u015fmeler s\u0131ras\u0131nda bir sandalyenin k\u0131r\u0131ld\u0131\u011f\u0131 g\u00f6r\u00fcld\u00fc.<\/p>\n<p style=\"text-align: justify;\"><strong>JET HIZIYLA KABUL ED\u0130LD\u0130<\/strong><\/p>\n<p style=\"text-align: justify;\">Tart\u0131\u015fma s\u0131ras\u0131nda g\u00fcr\u00fclt\u00fcden hi\u00e7bir ses duyulmazken, Komisyon Ba\u015fkan\u0131 Nabi Avc\u0131 maddeleri h\u0131zl\u0131 h\u0131zl\u0131 okudu. S\u00f6z al\u0131nmadan maddeler art arda onayland\u0131.<\/p>\n<p style=\"text-align: justify;\">G\u00fcnlerdir tart\u0131\u015fmalar aras\u0131nda 6 madde ge\u00e7erken, kalan 20\u2019den fazla madde 30 dakikada jet h\u0131z\u0131yla kabul edildi.<\/p>\n<p style=\"text-align: justify;\"><strong>BAZI VEK\u0130LLER YARALANDI<\/strong><\/p>\n<p style=\"text-align: justify;\">Bu duruma tepki g\u00f6steren CHP\u2019li milletvekilleri \u201cKahrolsun fa\u015fizm\u201d diye sloganlar att\u0131.<\/p>\n<p style=\"text-align: justify;\">AK Parti milletvekilleri ile CHP ve MHP milletvekilleri aras\u0131nda yumrukla\u015fma ya\u015fand\u0131. Baz\u0131 milletvekilleri, k\u00fcrs\u00fcye elinde bulunan su \u015fi\u015felerini f\u0131rlatt\u0131.<\/p>\n<p style=\"text-align: justify;\">Kendilerine s\u00f6z verilmeyen CHP\u2019liler salonu terk etti.<\/p>\n<p style=\"text-align: justify;\">Arbede s\u0131ras\u0131nda baz\u0131 CHP milletvekilinin yaraland\u0131\u011f\u0131 \u00f6\u011frenildi. Olaylar s\u0131ras\u0131nda g\u00f6revlerini yapmaya \u00e7al\u0131\u015fan bas\u0131n mensuplar\u0131 da arbededen nasibini ald\u0131. Yaralanan bir kameraman hastaneye kald\u0131r\u0131ld\u0131.<\/p>\n<p style=\"text-align: justify;\"><strong>AK PART\u0130&#8217;L\u0130LERDEN KUTLAMA<\/strong><\/p>\n<p style=\"text-align: justify;\">Komisyonda ya\u015fanan bu kavga aras\u0131nda &#8220;4+4+4&#8221; d\u00fczenlemesinin t\u00fcm maddelerinin ge\u00e7ti\u011fi a\u00e7\u0131kland\u0131.<\/p>\n<p style=\"text-align: justify;\">Muhalefetin salonu terketmeye ba\u015flamas\u0131n\u0131n ard\u0131ndan AK Parti&#8217;li milletvekilleri birbirlerini kutlad\u0131.<\/p>\n<p style=\"text-align: justify;\"><strong>\u0130NCE: \u0130K\u0130NC\u0130 RAUNDDA G\u00d6R\u00dc\u015eECE\u011e\u0130Z<\/strong><\/p>\n<p style=\"text-align: justify;\">Ya\u015fanan olaylar\u0131n ard\u0131ndan CHP Grup Ba\u015fkanvekilileri Muharrem \u0130nce, Akif Hamza\u00e7ebi ve Emine \u00dclker Tarhan ile di\u011fer milletvekilleri ortak bas\u0131n toplant\u0131s\u0131 d\u00fczenledi.<\/p>\n<p style=\"text-align: justify;\">&#8221;Yere d\u00fc\u015fm\u00fc\u015f arkada\u015f\u0131m\u0131za tekme atan bir \u015f&#8230;.siz vard\u0131&#8221; ifadesini kullanan Muharrem \u0130nce, &#8221;Hangi mahkeme ne yap\u0131yorsa yaps\u0131n. \u0130nsanl\u0131ktan nasibini almam\u0131\u015f mahluklar&#8221; diye konu\u015ftu.<\/p>\n<p style=\"text-align: justify;\">\u0130nce, \u015f\u00f6yle devam etti: &#8221;AKP&#8217;liler, &#8216;bizim \u00e7o\u011funlu\u011fumuz var, sizi konu\u015fturmay\u0131z, gerekirse d\u00f6veriz&#8217; diyorlar anlayaca\u011f\u0131n\u0131z. Milletvekili d\u00f6v\u00fcyorlar, gazeteci d\u00f6v\u00fcyorlar. Burada bizim can g\u00fcvenli\u011fimiz de kalmad\u0131. Y\u00fcre\u011fi olan herkese sesleniyorum; CHP burada. Bunlara ezilmeyece\u011fiz, pes etmeyece\u011fiz. Parlamenter demokrasi fiilen sone ermi\u015ftir. Bu i\u015f bitti.<\/p>\n<p style=\"text-align: justify;\">Daha Genel Kurul g\u00f6r\u00fc\u015fmeleri var. \u0130kinci raundda g\u00f6r\u00fc\u015fece\u011fiz. Bu \u015ferefsizlik ve fa\u015fizm. D\u00fcnyan\u0131n hi\u00e7bir yerinde b\u00f6yle bir parlamento yok.<\/p>\n<p style=\"text-align: justify;\">CHP Grup Ba\u015fkanvekili Akif Hamza\u00e7ebi de &#8221;Bug\u00fcn \u00e7o\u011funlu\u011fun zorbal\u0131\u011f\u0131n\u0131n TBMM ve T\u00fcrk milletinin tarihine ge\u00e7irildi\u011fi g\u00fcnd\u00fcr. Bug\u00fcne kadar ben AKP&#8217;nin e\u011filimini &#8216;otoriter e\u011filim, otoriter rejim&#8217; olarak tan\u0131ml\u0131yordum ama otoriter rejim AKP&#8217;yi tan\u0131mlamakta art\u0131k yetersiz kalm\u0131\u015ft\u0131r, onun da \u00f6tesine ge\u00e7mi\u015ftir. CHP bu teklifin pe\u015fini b\u0131rakmayacakt\u0131r&#8221; dedi.<\/p>\n<p style=\"text-align: justify;\">CHP Grup Ba\u015fkanvekili Emine \u00dclker Tarhan ise \u201cBa\u015fbakan parma\u011f\u0131n\u0131 parlamentonun g\u00f6z\u00fcne sokmu\u015ftur\u201d diye konu\u015ftu.<\/p>\n<p style=\"text-align: justify;\">CHP milletvekilleri daha sonra, &#8221;kahrolsun fa\u015fizm&#8221; \u015feklinde slogan att\u0131.<\/p>\n<p style=\"text-align: justify;\"><strong>KILI\u00c7DARO\u011eLU: KARA B\u0130R LEKE<\/strong><\/p>\n<p style=\"text-align: justify;\">\u0130stanbul\u2019da konuyla ilgili sorular\u0131 yan\u0131tlayan CHP Genel Ba\u015fkan\u0131 Kemal K\u0131l\u0131\u00e7daro\u011flu da \u015f\u00f6yle konu\u015ftu: \u201cDemokrasi tarihi a\u00e7\u0131s\u0131ndan kara bir lekedir. E\u015fkiyan\u0131n parlamentoda oldu\u011funu hat\u0131rlatt\u0131lar. Muhalefetin konu\u015fturulmamas\u0131, bask\u0131ya u\u011framas\u0131 ay\u0131pt\u0131r. B\u00fct\u00fcn kavga \u00e7ocuklar\u0131n gelece\u011fi i\u00e7indir. Tanklar\u0131yla, toplar\u0131yla gelseler yine de konu\u015faca\u011f\u0131z.\u201d<\/p>\n<p style=\"text-align: justify;\">CHP Genel Ba\u015fkan Yard\u0131mc\u0131s\u0131 G\u00fcrsel Tekin ise uzla\u015fma komisyonundan \u00e7ekilmelerinin s\u00f6zkonusu olmad\u0131\u011f\u0131n\u0131 ifade etti.<\/p>\n<p style=\"text-align: justify;\"><strong>MHP: KABUL ETMEYECE\u011e\u0130Z<\/strong><\/p>\n<p style=\"text-align: justify;\">MHP Grup Ba\u015fkanvekili Mehmet \u015eand\u0131r, ya\u015fananlara ili\u015fkin &#8220;TBMM&#8217;nin \u015fahsiyetine, T\u00fcrk demokrasisine ve T\u00fcrk milletine hakaret edilmi\u015ftir. Bunun sorumlusu ve m\u00fcsebbibi AKP iktidar\u0131, ba\u015fta Ba\u015fbakan Erdo\u011fan ve AKP y\u00f6neticilerdir&#8221; dedi.<\/p>\n<p style=\"text-align: justify;\">T\u00fcrk milletinin gelece\u011fini \u015fekillendiren bir d\u00fczenlemenin Komisyon g\u00f6r\u00fc\u015fmelerinin yar\u0131m saat i\u00e7inde tamamland\u0131\u011f\u0131n\u0131 anlatan \u015eand\u0131r, s\u00f6zlerini \u015f\u00f6yle s\u00fcrd\u00fcrd\u00fc:<\/p>\n<p style=\"text-align: justify;\">&#8221;Ba\u015fbakan&#8217;\u0131n talimat\u0131yla AKP milletvekilleri bir fiili durum yaratm\u0131\u015f; bizlerin komisyon ba\u015fkan\u0131na ula\u015fmam\u0131z\u0131 engellemi\u015flerdir, komisyon \u00fcyesi arkada\u015flar\u0131m\u0131z\u0131n s\u00f6z taleplerine yan\u0131t vermemi\u015flerdir. Bug\u00fcn kabul edilen teklif gayrime\u015frudur. \u0130\u00e7t\u00fcz\u00fc\u011f\u00fcn amir h\u00fck\u00fcmlerine g\u00f6re g\u00f6r\u00fc\u015f\u00fclmemi\u015ftir, Teklifin Genel Kurula indirilmesi gayrime\u015fru olacakt\u0131r. Bu konuda sorumluluk Say\u0131n Cemil \u00c7i\u00e7ek&#8217;e aittir, TBMM&#8217;de milletin iradesi \u00e7i\u011fnenmi\u015ftir. Bu despotizmdir, tek adam y\u00f6netiminin dayatmas\u0131d\u0131r. MHP olarak bunu asla kabul etmeyece\u011fiz. Bu sonucu kabul etmeyece\u011fiz, Komisyonunu bu karar\u0131n\u0131 yok sayacak ve bu \u00e7irkinli\u011fi milletimize anlataca\u011f\u0131z.&#8221;<\/p>\n<p style=\"text-align: justify;\">MHP Ankara Milletvekili Zuhal Topcu da &#8221;hi\u00e7bir demokrasi ve \u00f6zg\u00fcrl\u00fc\u011fe s\u0131\u011fmayan eylemle&#8221; teklifin komisyondan milletin iradesine hi\u00e7e sayarak ge\u00e7irdiklerini savunarak, &#8221;Bu zorba demokrasidir. Kendilerinin ileri demokrasi olarak bahsetti\u011fi kavram eyleme d\u00f6n\u00fc\u015ft\u00fcrd\u00fcklerinde zorba demokrasiye d\u00f6n\u00fc\u015fm\u00fc\u015ft\u00fcr. Milletin sesini k\u0131sm\u0131\u015flard\u0131r. Buradan millete \u015fikayet ediyoruz milletin art\u0131k y\u00fcre\u011fini otaya koymas\u0131, \u015fikayetini toplu olarak dile getirmeleri ve dayatma olarak ortaya konan b\u00f6yle bir d\u00fczenlemenin kabul edilmesi m\u00fcmk\u00fcn de\u011fil. Biz de milleti g\u00f6reve davet ediyoruz&#8221; diye konu\u015ftu.<\/p>\n<p style=\"text-align: justify;\">MHP Ankara Milletvekili \u00d6zcan Yeni\u00e7eri ise ya\u015fanan kavgay\u0131 anlatarak, kaba kuvvet ve \u00e7o\u011funluk diktatoryas\u0131yla kar\u015f\u0131la\u015ft\u0131klar\u0131n\u0131 ifade ederek, &#8221;Bug\u00fcn kara g\u00fcnd\u00fcr. T\u00fcrkiye bug\u00fcn \u00e7o\u011funluk hegemonyas\u0131n\u0131n alt\u0131na girmi\u015f bulunmaktad\u0131r. Milletvekilleri kaba kuvvet kullan\u0131larak susturulmu\u015ftur, yang\u0131ndan mal ka\u00e7\u0131r\u0131rcas\u0131na teklifi Komisyondan AKP emrivakisiyle ge\u00e7irilmi\u015ftir. Siyasi muhalefeti Parlamentoda yapt\u0131ramazsan\u0131z sosyal muhalefete d\u00f6ner ve bu da bu iktidar\u0131n sonu olur&#8221; dedi.<\/p>\n<p style=\"text-align: justify;\">[flv]http:\/\/ntvmsnbc-video.mncdn.net\/FlvFiles\/0000036819.flv[\/flv]<\/p>\n<hr \/>\n<p style=\"text-align: justify;\"><span style=\"color: #993300;\"><strong><span style=\"font-size: medium;\">4+4+4 ne getirecek?<\/span><\/strong><\/span><\/p>\n<p style=\"text-align: justify;\"><strong>Zorunlu e\u011fitim 12 y\u0131la \u00e7\u0131karan teklif komisyonda kabul edildi.<\/strong><\/p>\n<p style=\"text-align: justify;\">\u0130STANBUL &#8211; AK Parti Grup ba\u015fkanvekilleri taraf\u0131ndan verilen, zorunlu e\u011fitimi 12 y\u0131la \u00e7\u0131karan yasa teklifi, TBMM Milli E\u011fitim, K\u00fclt\u00fcr, Gen\u00e7lik ve Spor Komisyonunda kabul edildi.<\/p>\n<p style=\"text-align: justify;\">Kabul edilen teklife g\u00f6re, okullar\u0131n kademeleri, 4 y\u0131l s\u00fcreli ve zorunlu ilkokul ile 4 y\u0131l s\u00fcreli ve zorunlu ortaokuldan olu\u015fan kurumlar olarak d\u00fczenleniyor.<\/p>\n<p style=\"text-align: justify;\">Orta\u00f6\u011fretim kurumlar\u0131, ilk\u00f6\u011fretim kurumlar\u0131ndan sonra 4 y\u0131ll\u0131k zorunlu \u00f6\u011frenim veren genel, mesleki ve teknik \u00f6\u011fretim kurumlar\u0131 olarak tan\u0131mlan\u0131yor.<\/p>\n<p style=\"text-align: justify;\">Teklife g\u00f6re, ilk\u00f6\u011fretim kurumlar\u0131n\u0131n toplam e\u011fitim s\u00fcresi 8 y\u0131l olacak. &#8221;Bu okullarda kesintisiz e\u011fitim yap\u0131l\u0131r&#8221; ifadesi , kanundan \u00e7\u0131kar\u0131l\u0131yor.<\/p>\n<p style=\"text-align: justify;\">Bu kurumlar, ilk\u00f6\u011fretim birinci kademe ve ilk\u00f6\u011fretim ikinci kademe okullar\u0131ndan olu\u015facak. \u0130lk\u00f6\u011fretim birinci ve ikinci kademe okullar\u0131 ba\u011f\u0131ms\u0131z okullar halinde kurulabilece\u011fi gibi imkan ve \u015fartlara g\u00f6re birlikte de kurulabilecek.<\/p>\n<p style=\"text-align: justify;\">\u0130lk\u00f6\u011fretim 6-14 ya\u015f grubundaki \u00e7ocuklar\u0131n e\u011fitimi ve \u00f6\u011fretimini kapsayacak, k\u0131z ve erkek b\u00fct\u00fcn vatanda\u015flar i\u00e7in zorunlu ve Devlet okullar\u0131nda paras\u0131z olacak.<\/p>\n<p style=\"text-align: justify;\">Yasan\u0131n yay\u0131m\u0131 tarihinde ilk\u00f6\u011fretim kurumlar\u0131n\u0131n 5, 6, 7 ve 8. s\u0131n\u0131flar\u0131nda e\u011fitim g\u00f6renler, e\u011fitimlerini bu kurumlarda tamamlayacak.<\/p>\n<p style=\"text-align: justify;\">Teklifle, 12 y\u0131ll\u0131k zorunlu e\u011fitim uygulamas\u0131n\u0131n ba\u015flang\u0131\u00e7 tarihi Bakanlar Kurulu taraf\u0131ndan belirlenecek. 12 y\u0131ll\u0131k zorunlu e\u011fitim uygulamas\u0131na ge\u00e7ilinceye kadar ilk\u00f6\u011fretim ikinci kademesini tamamlayanlara ilk\u00f6\u011fretim diplomas\u0131 verilecek.<\/p>\n<p style=\"text-align: justify;\">Mecburi ilk\u00f6\u011fretim \u00e7a\u011f\u0131 6-14 ya\u015f grubundaki \u00e7ocuklar\u0131 kapsayacak. Bu \u00e7a\u011f, \u00e7ocu\u011fun 6 ya\u015f\u0131n\u0131 bitirdi\u011fi y\u0131l\u0131n eyl\u00fcl ay\u0131 sonunda ba\u015flay\u0131p, 14 ya\u015f\u0131n\u0131 bitirip 15 ya\u015f\u0131na girdi\u011fi y\u0131l\u0131n \u00f6\u011fretim y\u0131l\u0131 sonunda bitecek.<\/p>\n<p style=\"text-align: justify;\">\u0130lk\u00f6\u011fretim birinci kademesinin son ders y\u0131l\u0131nda \u00f6\u011frencilere; ikinci kademede devam edebilecekleri, ikinci kademenin son ders y\u0131l\u0131nda da orta\u00f6\u011fretimde devam edebilecekleri &#8221;okul ve programlar\u0131n hangi mesleklerin yolunu a\u00e7abilece\u011fi ve bu mesleklerin kendilerine sa\u011flayaca\u011f\u0131 ya\u015fam standard\u0131&#8221; konusunda tan\u0131t\u0131c\u0131 bilgiler verilecek. Bununla ilgili gerekli \u00e7al\u0131\u015fmalar yap\u0131lacak.<\/p>\n<p style=\"text-align: justify;\"><strong>BA\u011eIMSIZ OKULLAR OLARAK KURULACAK<\/strong><\/p>\n<p style=\"text-align: justify;\">\u0130lk\u00f6\u011fretim kurumlar\u0131n\u0131n toplam e\u011fitim s\u00fcresi 8 y\u0131l olacak. Yasadaki &#8221;kesintisiz&#8221; ibaresi \u00e7\u0131kar\u0131l\u0131yor. \u0130lk\u00f6\u011fretim kurumlar\u0131, 4 y\u0131l s\u00fcreli ilk\u00f6\u011fretim birinci kademe okullar\u0131 ile 4 y\u0131l s\u00fcreli ilk\u00f6\u011fretim ikinci kademe okullar\u0131ndan olu\u015fur.<\/p>\n<p style=\"text-align: justify;\">\u0130kinci kademe ilk\u00f6\u011fretim okullar\u0131, orta\u00f6\u011fretim programlar\u0131yla ili\u015fkilendirilecek. Hangi programlar i\u00e7in ilk\u00f6\u011fretim ikinci kademe okullar\u0131n\u0131n olu\u015fturulaca\u011f\u0131 Bakanl\u0131k\u00e7a \u00e7\u0131kar\u0131lacak y\u00f6netmelikle belirlenecek.<\/p>\n<p style=\"text-align: justify;\">\u0130lk\u00f6\u011fretim kurumlar\u0131n\u0131n ilk\u00f6\u011fretim birinci kademe ve ilk\u00f6\u011fretim ikinci kademe okullar olarak ba\u011f\u0131ms\u0131z okullar halinde kurulmas\u0131 esas olacak. Ancak imkan ve \u015fartlara g\u00f6re ilk\u00f6\u011fretim birinci ve ikinci kademe okullar\u0131 birlikte de kurulabilecek.<\/p>\n<p style=\"text-align: justify;\">N\u00fcfusun az ve da\u011f\u0131n\u0131k oldu\u011fu yerlerde, k\u00f6yler grupla\u015ft\u0131r\u0131larak merkezi durumda olan k\u00f6ylerde ilk\u00f6\u011fretim birinci ve ikinci kademe okullar\u0131 ve bunlara ba\u011fl\u0131 pansiyonlar, grupla\u015ft\u0131rman\u0131n m\u00fcmk\u00fcn olmad\u0131\u011f\u0131 yerlerde yat\u0131l\u0131 ilk\u00f6\u011fretim b\u00f6lge birinci ve ikinci kademe okullar\u0131 kurulacak.<\/p>\n<p style=\"text-align: justify;\">Orta\u00f6\u011fretim kurumlar\u0131, ilk\u00f6\u011fretim kurumlar\u0131ndan sonra 4 y\u0131ll\u0131k zorunlu \u00f6\u011frenim veren genel, mesleki ve teknik \u00f6\u011fretim kurumlar\u0131 olarak tan\u0131mlan\u0131yor. Bu okullar\u0131 bitirenlere orta\u00f6\u011fretim diplomas\u0131 verilecek.<\/p>\n<p style=\"text-align: justify;\">D\u00fczenlemede belirtilen ilk\u00f6\u011fretim birinci kademe sonras\u0131nda hangi programlar\u0131n a\u00e7\u0131k \u00f6\u011fretimle ili\u015fkilendirilece\u011fi ve zorunlu e\u011fitim kapsam\u0131na al\u0131naca\u011f\u0131 Bakanlar Kurulu taraf\u0131ndan belirlenecek.<\/p>\n<p style=\"text-align: justify;\">Yasadaki, &#8221;ilk\u00f6\u011fretim okulu&#8221; ibaresi, &#8221;ilk\u00f6\u011fretim birinci kademe&#8221; \u015feklinde de\u011fi\u015ftiriliyor.<\/p>\n<p style=\"text-align: justify;\">\u00c7\u0131rak olabilmek i\u00e7in &#8221;14 ya\u015f\u0131n\u0131 doldurmu\u015f, en az ilk\u00f6\u011fretim okulu mezunu olmak&#8221; \u015fart\u0131 da de\u011fi\u015ftiriliyor. \u00c7\u0131rak olabilmek i\u00e7in 11 ya\u015f\u0131n\u0131 doldurmak ve ilk\u00f6\u011fretim birinci kademeden mezun olmak \u015fart\u0131 getiriliyor.<\/p>\n<p style=\"text-align: justify;\"><strong>KATSAYI<\/strong><\/p>\n<p style=\"text-align: justify;\">Teklifle, \u00fcniversiteye giri\u015fteki katsay\u0131 uygulamas\u0131na ili\u015fkin d\u00fczenleme de yap\u0131l\u0131yor. Buna g\u00f6re, Y\u00fcksek\u00f6\u011fretim kurumlar\u0131na giri\u015f ve yerle\u015ftirme i\u015flemleri, imkan ve f\u0131rsat e\u015fitli\u011fini sa\u011flayacak tedbirleri almak kayd\u0131yla, Y\u00d6K taraf\u0131ndan belirlenen usul ve esaslara g\u00f6re yap\u0131lacak.<\/p>\n<p style=\"text-align: justify;\">Y\u00fcksek\u00f6\u011fretim kurumlar\u0131na, esaslar\u0131 Y\u00d6K taraf\u0131ndan belirlenen merkezi s\u0131navlarla girilecek. Yerle\u015ftirme puanlar\u0131n\u0131n hesaplanmas\u0131nda adaylar\u0131n orta\u00f6\u011fretim ba\u015far\u0131lar\u0131 dikkate al\u0131nacak.<\/p>\n<p style=\"text-align: justify;\">Orta\u00f6\u011fretim bitirme ba\u015far\u0131 notlar\u0131 en k\u00fc\u00e7\u00fc\u011f\u00fc 100, en b\u00fcy\u00fc\u011f\u00fc 500 olmak \u00fczere orta\u00f6\u011fretim ba\u015far\u0131 puan\u0131na d\u00f6n\u00fc\u015ft\u00fcr\u00fclecek. Orta\u00f6\u011fretim ba\u015far\u0131 puan\u0131n\u0131n y\u00fczde 12&#8217;si yerle\u015ftirme puan\u0131 hesaplan\u0131rken merkezi s\u0131navdan al\u0131nan puana eklenecek.<\/p>\n<p style=\"text-align: justify;\">Orta\u00f6\u011fretim kurumlar\u0131n\u0131 birincilikle bitiren adaylar i\u00e7in mevcut kontenjanlar\u0131n yan\u0131 s\u0131ra Y\u00d6K karar\u0131 ile ayr\u0131 kontenjanlar belirlenebilecek.<\/p>\n<p style=\"text-align: justify;\">Ki\u015finin \u00fcniversitede, orta\u00f6\u011fretim kurumundan mezun oldu\u011fu meslek dal\u0131yla ayn\u0131 b\u00f6l\u00fcme yerle\u015fmesi halinde orta\u00f6\u011fretim puan\u0131na ek olarak, orta\u00f6\u011fretim puan\u0131n\u0131n y\u00fczde 6&#8217;s\u0131 yerle\u015ftirme puan\u0131na eklenecek.<\/p>\n<p style=\"text-align: justify;\">Mesleki ve teknik orta \u00f6\u011fretim kurumlar\u0131ndan mezun olan \u00f6\u011frenciler, bitirdikleri program\u0131n devam\u0131 niteli\u011finde veya bunlara en yak\u0131n olan mesleki ve teknik \u00f6nlisans y\u00fcksek\u00f6\u011fretim programlar\u0131na s\u0131navs\u0131z olarak yerle\u015ftirilebilecek.<\/p>\n<p style=\"text-align: justify;\">Bu \u00f6\u011frencilerin yerle\u015ftirilmesine ili\u015fkin usul ve esaslar Milli E\u011fitim Bakanl\u0131\u011f\u0131n\u0131n g\u00f6r\u00fc\u015f\u00fc \u00fczerine Y\u00d6K taraf\u0131ndan \u00e7\u0131kar\u0131lacak y\u00f6netmelikle belirlenecek.<\/p>\n<p style=\"text-align: justify;\">\u00d6nlisans mezunlar\u0131 i\u00e7in, ili\u015fkili lisans programlar\u0131nda belirlenmi\u015f kontenjan\u0131n y\u00fczde 10&#8217;unu ge\u00e7meyecek \u015fekilde Y\u00d6K karar\u0131 ile her y\u0131l dikey ge\u00e7i\u015f kontenjan\u0131 ayr\u0131labilecek.<\/p>\n<p style=\"text-align: justify;\">Yabanc\u0131 uyruklu \u00f6\u011frenciler ile orta\u00f6\u011fretimin tamam\u0131n\u0131 yurtd\u0131\u015f\u0131nda tamamlayan \u00f6\u011frencilerin y\u00fcksek\u00f6\u011fretim kurumlar\u0131na kabul usul ve esaslar\u0131 Y\u00d6K taraf\u0131ndan belirlenecek.<\/p>\n<p style=\"text-align: justify;\">Uluslararas\u0131 andla\u015fmalar gere\u011fi T\u00fcrkiye&#8217;deki y\u00fcksek\u00f6\u011fretim kurumlar\u0131nda burslu olarak \u00f6\u011frenim g\u00f6recek yabanc\u0131 uyruklu \u00f6\u011frencilerin yerle\u015ftirme i\u015flemleri Y\u00d6K taraf\u0131ndan yap\u0131lacak.<\/p>\n<p style=\"text-align: justify;\">Y\u00d6K taraf\u0131ndan belirlenecek usul ve esaslara g\u00f6re, belli sanat ve spor dallar\u0131nda \u00fcst\u00fcn kabiliyetli oldu\u011fu tespit edilen \u00f6\u011frenciler ile T\u00dcB\u0130TAK taraf\u0131ndan tespit edilen uluslararas\u0131 bilimsel yar\u0131\u015fmalarda \u00f6d\u00fcl kazanan \u00f6\u011frenciler, ilgili dallarda e\u011fitim yapmak kayd\u0131yla y\u00fcksek\u00f6\u011fretim kurumlar\u0131na yerle\u015ftirilebilecek.<\/p>\n<p style=\"text-align: justify;\"><strong>FAT\u0130H PROJES\u0130<\/strong><\/p>\n<p style=\"text-align: justify;\">Teklifle, Rize \u00dcniversitesinin ad\u0131 &#8221;Recep Tayyip Erdo\u011fan \u00dcniversitesi&#8221;, Kayseri Abdullah G\u00fcl \u00fcniversitesinin ad\u0131 ise &#8221;Abdullah G\u00fcl \u00dcniversitesi&#8221; \u015feklinde de\u011fi\u015ftiriliyor.<\/p>\n<p style=\"text-align: justify;\">E\u011fitimde F\u0131rsatlar\u0131 Art\u0131rma ve Teknolojiyi \u0130yile\u015ftirme Hareketi (FAT\u0130H) Projesi kapsam\u0131nda, Milli E\u011fitim Bakanl\u0131\u011f\u0131, Ula\u015ft\u0131rma, Denizcilik ve Haberle\u015fme Bakanl\u0131\u011f\u0131 taraf\u0131ndan 2015 y\u0131l\u0131 sonuna kadar yap\u0131lacak mal ve hizmet al\u0131mlar\u0131 ile yap\u0131m i\u015fleri, Kamu \u0130hale Kanunu h\u00fck\u00fcmlerine tabi olmayacak.<\/p>\n<p style=\"text-align: justify;\">Bu madde uyar\u0131nca yap\u0131lacak al\u0131mlara ili\u015fkin usul ve esaslar Maliye Bakanl\u0131\u011f\u0131 ve Kamu \u0130hale Kurumunun g\u00f6r\u00fc\u015f\u00fc al\u0131narak Milli E\u011fitim Bakanl\u0131\u011f\u0131 ve Ula\u015ft\u0131rma, Denizcilik ve Haberle\u015fme Bakanl\u0131\u011f\u0131 taraf\u0131ndan m\u00fc\u015ftereken haz\u0131rlanacak y\u00f6netmelikle d\u00fczenlenecek.<\/p>\n<p style=\"text-align: justify;\">FAT\u0130H Projesi kapsam\u0131nda MEB&#8217;e ba\u011fl\u0131 okullara internet eri\u015fim hizmetleri ve a\u011f altyap\u0131s\u0131n\u0131n sa\u011flanmas\u0131 i\u00e7in MEB ve Ula\u015ft\u0131rma, Denizcilik ve Haberle\u015fme Bakanl\u0131\u011f\u0131nca 2015 y\u0131l\u0131 sonuna kadar yap\u0131lacak mal ve hizmet al\u0131mlar\u0131 ile yap\u0131m i\u015flerinde \u00fcst y\u00f6neticinin onay\u0131yla 15 y\u0131la kadar gelecek y\u0131llara yayg\u0131n y\u00fcklenmelere giri\u015filebilecek.<\/p>\n<p style=\"text-align: justify;\"><strong>YEN\u0130 MADDE EKLEND\u0130<\/strong><\/p>\n<p style=\"text-align: justify;\">Teklifte, \u00fcniversiteye giri\u015fte yeni katsay\u0131 uygulamas\u0131na yer veriliyor. FAT\u0130H projesi kapsam\u0131nda, 2015 y\u0131l\u0131 sonuna kadar yap\u0131lacak mal ve hizmet al\u0131mlar\u0131 ile yap\u0131m i\u015fleri, kamu ihale kanununa tabi olmayacak.<\/p>\n<p style=\"text-align: justify;\">Teklife ihdas edilen yeni madde ile devlet \u00fcniversitelerinin faaliyetlerinin desteklenmesi amac\u0131yla kurulan vak\u0131flardan Bakanlar Kurulunca vergi muafiyeti tan\u0131nanlara makbuz kar\u015f\u0131l\u0131\u011f\u0131nda yap\u0131lan ba\u011f\u0131\u015flar da devlet \u00fcniversitelerine ve ileri teknoloji enstit\u00fclerine yap\u0131lan ba\u011f\u0131\u015flarda oldu\u011fu gibi gelir ve kurumlar vergisi m\u00fckellefleri taraf\u0131ndan beyannamelerde bildirdikleri gelirlerden ve kurum kazan\u00e7lar\u0131ndan indirilecek.<\/p>\n<p style=\"text-align: justify;\"><a href=\"http:\/\/www.ntvmsnbc.com\/id\/25329402\/\" target=\"_blank\">Kaynak : NTVMSNBC<\/a><\/p>\n","protected":false},"excerpt":{"rendered":"<p style=\"text-align: center;\">\n<p style=\"text-align: justify;\">E\u011fitimde \u201c4+4+4\u201d d\u00fczenlemesi ya\u015fanan b\u00fcy\u00fck bir kavgayla kabul edildi. Salona 100 ki\u015fiyle gelen AK Parti milletvekilleri ile CHP ve MHP\u2019li vekiller aras\u0131nda yumrukla\u015fma meydana geldi. Sandalyeler par\u00e7aland\u0131, vekiller birbirlerine su \u015fi\u015feleri f\u0131rlatt\u0131, ezilme tehlikesi ge\u00e7irenler oldu.<\/p>\n<p style=\"text-align: justify;\">ANKARA &#8211; E\u011fitimde tart\u0131\u015fmalara neden olan \u201c4+4+4\u201d sisteminin g\u00f6r\u00fc\u015f\u00fcld\u00fc\u011f\u00fc TBMM Milli E\u011fitim, <\/p>\n","protected":false},"author":1,"featured_media":0,"comment_status":"open","ping_status":"open","sticky":false,"template":"","format":"standard","meta":{"footnotes":""},"categories":[105],"tags":[],"class_list":["post-49409","post","type-post","status-publish","format-standard","hentry","category-gundem","odd"],"_links":{"self":[{"href":"http:\/\/www.korhanyilmaz.com\/index.php?rest_route=\/wp\/v2\/posts\/49409","targetHints":{"allow":["GET"]}}],"collection":[{"href":"http:\/\/www.korhanyilmaz.com\/index.php?rest_route=\/wp\/v2\/posts"}],"about":[{"href":"http:\/\/www.korhanyilmaz.com\/index.php?rest_route=\/wp\/v2\/types\/post"}],"author":[{"embeddable":true,"href":"http:\/\/www.korhanyilmaz.com\/index.php?rest_route=\/wp\/v2\/users\/1"}],"replies":[{"embeddable":true,"href":"http:\/\/www.korhanyilmaz.com\/index.php?rest_route=%2Fwp%2Fv2%2Fcomments&post=49409"}],"version-history":[{"count":0,"href":"http:\/\/www.korhanyilmaz.com\/index.php?rest_route=\/wp\/v2\/posts\/49409\/revisions"}],"wp:attachment":[{"href":"http:\/\/www.korhanyilmaz.com\/index.php?rest_route=%2Fwp%2Fv2%2Fmedia&parent=49409"}],"wp:term":[{"taxonomy":"category","embeddable":true,"href":"http:\/\/www.korhanyilmaz.com\/index.php?rest_route=%2Fwp%2Fv2%2Fcategories&post=49409"},{"taxonomy":"post_tag","embeddable":true,"href":"http:\/\/www.korhanyilmaz.com\/index.php?rest_route=%2Fwp%2Fv2%2Ftags&post=49409"}],"curies":[{"name":"wp","href":"https:\/\/api.w.org\/{rel}","templated":true}]}}