{"id":49406,"date":"2012-03-11T16:16:15","date_gmt":"2012-03-11T14:16:15","guid":{"rendered":"http:\/\/www.korhanyilmaz.com\/?p=49406"},"modified":"2012-03-11T17:55:46","modified_gmt":"2012-03-11T15:55:46","slug":"kilicdaroglundan-danistay-uyelerinin-gorevden-alinmasina-tepki","status":"publish","type":"post","link":"http:\/\/www.korhanyilmaz.com\/?p=49406","title":{"rendered":"K\u0131l\u0131\u00e7daro\u011flu&#8217;ndan Dan\u0131\u015ftay \u00fcyelerinin g\u00f6revden al\u0131nmas\u0131na tepki"},"content":{"rendered":"<p style=\"text-align: center;\"><a href=\"http:\/\/www.korhanyilmaz.com\/wp-content\/uploads\/2012\/03\/9119.jpg\"  class=\"lightview\"><img loading=\"lazy\" decoding=\"async\" class=\"aligncenter  wp-image-49407\" src=\"http:\/\/www.korhanyilmaz.com\/wp-content\/uploads\/2012\/03\/9119.jpg\" alt=\"\" width=\"360\" height=\"180\" \/><\/a><\/p>\n<p style=\"text-align: justify;\">K\u0131l\u0131\u00e7daro\u011flu: &#8221;Adalete olan g\u00fcven duygusu sars\u0131l\u0131rsa, devletin temelleri sars\u0131lm\u0131\u015f olur. \u00c7\u00fcnk\u00fc adalet m\u00fclk\u00fcn, yani devletin temelidir\u201d<\/p>\n<p style=\"text-align: justify;\">CHP Genel Ba\u015fkan\u0131 Kemal K\u0131l\u0131\u00e7daro\u011flu, 2014\u2019teki Cumhurba\u015fkanl\u0131\u011f\u0131 se\u00e7imleriyle ilgili olarak, \u201d\u00dclkesini temsil eden, demokrat d\u00fc\u015f\u00fcnceyi benimseyen demokrasiyi \u00f6z\u00fcmseyen, g\u00fc\u00e7ler ayr\u0131l\u0131\u011f\u0131 ilkesine sayg\u0131 duyan bir Cumhurba\u015fkan\u0131, T\u00fcrkiye\u2019nin arzulad\u0131\u011f\u0131 bir Cumhurba\u015fkan\u0131\u2019d\u0131r. Biz bu anlay\u0131\u015fa sahip bir aday\u0131 g\u00f6sterece\u011fiz\u201d dedi.\u00a0<!--more--><\/p>\n<p style=\"text-align: justify;\">CHP\u2019nin, gazete genel yay\u0131n y\u00f6netmenleri ve k\u00f6\u015fe yazarlar\u0131 ile\u00a0e\u011fitimcilerin kat\u0131l\u0131m\u0131yla Swissotel\u2019de d\u00fczenledi\u011fi toplant\u0131 \u00f6ncesinde\u00a0habercilerin g\u00fcndeme ili\u015fkin sorular\u0131n\u0131 yan\u0131tlayan K\u0131l\u0131\u00e7daro\u011flu, e\u011fitimin\u00a0d\u00fcnyan\u0131n b\u00fct\u00fcn \u00fclkelerinde temel konu oldu\u011funu belirterek, \u201d\u00c7\u00fcnk\u00fc \u00e7ocuklar\u0131m\u0131z\u0131\u00a0e\u011fitece\u011fiz ve onlara g\u00fczel bir gelecek vadetmek i\u00e7in \u00e7al\u0131\u015faca\u011f\u0131z. E\u011fitim budur\u201d\u00a0dedi.<\/p>\n<p style=\"text-align: justify;\">E\u011fitimin her toplumda \u00f6zg\u00fcrce tart\u0131\u015f\u0131ld\u0131\u011f\u0131n\u0131 dile getiren K\u0131l\u0131\u00e7daro\u011flu,\u00a0getirilmesi planlanan yasal d\u00fczenlemelerin komisyonlarda g\u00f6r\u00fc\u015f\u00fcld\u00fc\u011f\u00fcn\u00fc, biliminsanlar\u0131n\u0131n, uygulamac\u0131lar\u0131n g\u00f6r\u00fc\u015f\u00fcn\u00fcn al\u0131nd\u0131\u011f\u0131n\u0131 kaydetti.<\/p>\n<p style=\"text-align: justify;\">Ankara\u2019da akademisyenler, bilim insanlar\u0131yla ve sivil toplum \u00f6rg\u00fctleri\u00a0temsilcileriyle g\u00f6r\u00fc\u015ft\u00fcklerini, bug\u00fcn de gazeteciler ve e\u011fitimcilerle bir araya\u00a0geleceklerini anlatan K\u0131l\u0131\u00e7daro\u011flu, \u015funlar\u0131 kaydetti:<\/p>\n<p style=\"text-align: justify;\">\u201dTeklifi burada tart\u0131\u015faca\u011f\u0131z. \u00d6zg\u00fcrce tart\u0131\u015faca\u011f\u0131z. Umuyorum ba\u015ftan\u00a0s\u00f6yledi\u011fim gibi olsun. Bu kanun teklifi geri \u00e7ekilsin. Yeni ba\u015ftan, \u00e7ocuklar\u0131m\u0131z\u00a0i\u00e7in yeni bir kanun teklifi getirelim veya bir tasar\u0131 gelsin. Biz elimizi\u00a0uzatt\u0131k, say\u0131n Ba\u015fbakan\u2019a, \u2019Gelin uzla\u015fal\u0131m, beraber bir tasar\u0131 haz\u0131rlayal\u0131m\u2019\u00a0dedik. \u2019Biz hangi konuda zla\u015ft\u0131k\u2019 diye bir tepkisi oldu. Say\u0131n Ba\u015fbakan\u2019\u0131n\u00a0herhalde parlamento \u00e7al\u0131\u015fmalar\u0131ndan fazla bilgisi yok. \u00c7ok konuda uzla\u015fma oldu\u00a0parlamentoda. \u00d6rne\u011fin, AB uyum yasalar\u0131n\u0131n b\u00fcy\u00fck bir k\u0131sm\u0131 uzla\u015fmayla ge\u00e7ti.<\/p>\n<p style=\"text-align: justify;\">Anayasa de\u011fi\u015fikliklerine ili\u015fkin parlamentoda uzla\u015fma komisyonu kurduk. B\u00f6yle bir\u00a0anlay\u0131\u015fla ger\u00e7ekle\u015ftiriyoruz. E\u011fitim gibi \u00e7ok temel bir konuda da oturmam\u0131z,\u00a0g\u00f6r\u00fc\u015fmemiz, g\u00f6r\u00fc\u015fleri almam\u0131z, bu konudaki sivil toplum \u00f6rg\u00fctlerinin,\u00a0\u00fcniversitelerin, e\u011fitim fak\u00fcltelerinin g\u00f6r\u00fc\u015flerini almam\u0131z gerekiyor. \u00c7\u00fcnk\u00fc okula\u00a0gidecek \u00e7ocuklar hepimizin \u00e7ocuklar\u0131. Biz onlara g\u00fczel bir gelecek haz\u0131rlamak\u00a0durumunday\u0131z. Bu bizim tarihi sorumlulu\u011fumuz. O sorumlulu\u011fun bir gere\u011fi olarak\u00a0bug\u00fcn burada topland\u0131k.\u201d<\/p>\n<p style=\"text-align: justify;\"><strong>-Dan\u0131\u015ftay \u00fcyelerinin g\u00f6rev yerlerinin de\u011fi\u015ftirilmesi-\u00a0<\/strong><\/p>\n<p style=\"text-align: justify;\">Bir gazetecinin \u201dDan\u0131\u015ftay\u2019\u0131n \u00fc\u00e7 \u00fcyesinin g\u00f6revden al\u0131nmas\u0131 konusunda ne\u00a0d\u00fc\u015f\u00fcn\u00fcyorsunuz?\u201d sorusu \u00fczerine K\u0131l\u0131\u00e7daro\u011flu, \u015funlar\u0131 s\u00f6yledi:<\/p>\n<p style=\"text-align: justify;\">\u201dSay\u0131n Ba\u015fbakan, sa\u011fl\u0131kl\u0131 \u00e7al\u0131\u015fan bir demokraside olmayan bir yetkiyi\u00a0ald\u0131. O yetkinin yarg\u0131 denetimine tabi oldu\u011funu herkes biliyordu. \u00c7\u00fcnk\u00fc Anayasa\u00a0g\u00f6re, idarenin her t\u00fcrl\u00fc i\u015f ve eylemi yarg\u0131 denetimine tabidir. \u00d6nce bir yetki\u00a0ald\u0131, sonra bu yetkinin paralelinde yarg\u0131y\u0131 kendi istedi\u011fi \u015fekilde d\u00fczenledi.<\/p>\n<p style=\"text-align: justify;\">Dan\u0131\u015ftay\u2019dan 3 yarg\u0131c\u0131n g\u00f6rev yerlerinin de\u011fi\u015ftirilmesi, b\u00fcy\u00fck bir\u00a0talihsizliktir. Dan\u0131\u015ftay Ba\u015fkan\u0131 da bu s\u00fcrece alet olmu\u015ftur. Yaz\u0131k g\u00fcnaht\u0131r bu\u00a0\u00fclkeye. Adalet kavram\u0131 bu kadar sorumsuzca ayaklar alt\u0131na al\u0131nmamal\u0131d\u0131r. Adalet\u00a0herkes i\u00e7in ge\u00e7erli. \u015eimdi o mahkemeden \u00e7\u0131kacak karar\u0131 hepimiz g\u00f6rece\u011fiz,\u00a0bilece\u011fiz. Adalete olan g\u00fcven duygusu sars\u0131l\u0131rsa devletin temelleri sars\u0131lm\u0131\u015f\u00a0olur. \u00c7\u00fcnk\u00fc adalet m\u00fclk\u00fcn, yani devletin temelidir.\u201d<\/p>\n<p style=\"text-align: justify;\">Bir gazetecinin, \u201dSay\u0131n Ba\u015fbakan\u2019\u0131n M\u0130T mensuplar\u0131na soru\u015fturma olay\u0131yla\u00a0ilgili bir a\u00e7\u0131klamas\u0131 oldu. Yeni M\u0130T Yasas\u0131\u2019n\u0131 i\u015faret etti. Bu da \u2019h\u00fck\u00fcmetin\u00a0tavr\u0131nda bir de\u011fi\u015fiklik yoktur\u2019 tart\u0131\u015fmalar\u0131n\u0131 getirdi. Siz bu konuda ne\u00a0d\u00fc\u015f\u00fcn\u00fcyorsunuz?\u201d sorusu \u00fczerine de K\u0131l\u0131\u00e7daro\u011flu, \u015funlar\u0131 dile getirdi:<\/p>\n<p style=\"text-align: justify;\">\u201dH\u00fck\u00fcmetin tavr\u0131nda bir de\u011fi\u015fiklik beklemiyorum. Asl\u0131nda h\u00fck\u00fcmet de\u011fil,\u00a0h\u00fck\u00fcmet diye konu\u015fuyorsunuz. H\u00fck\u00fcmet \u015feklen var. Bir ki\u015fi var; Recep Tayyip\u00a0Erdo\u011fan&#8230; Onun verdi\u011fi bir karara, Bakan\u0131n kar\u015f\u0131 \u00e7\u0131kmas\u0131 m\u00fcmk\u00fcn m\u00fc? B\u00fcy\u00fck bir\u00a0olas\u0131l\u0131kla, e\u011fitimle ilgili teklife baz\u0131 bakanlar, \u2019biz b\u00f6yle bir d\u00fczenlemenin\u00a0alt\u0131na imza atmay\u0131z\u2019 dedikleri i\u00e7in teklif olarak verildi. Bir ki\u015fi var, o\u00a0ki\u015finin a\u011fz\u0131ndan \u00e7\u0131kan parlamentoda yasala\u015f\u0131yor. Ben size daha \u00f6nce ne dedim?<\/p>\n<p style=\"text-align: justify;\">Postmodern bir diktat\u00f6rl\u00fck var, bu diktat\u00f6rl\u00fc\u011f\u00fcn de bir diktat\u00f6r\u00fc var. Onun da\u00a0ad\u0131 Recep Tayyip Erdo\u011fan. Ger\u00e7ek bu, niye bu ger\u00e7ekleri kabul etmiyoruz? Recep\u00a0Tayyip Erdo\u011fan\u2019a g\u00f6re, yarg\u0131 dizayn edilir, Recep Tayyip Erdo\u011fan\u2019a g\u00f6re AKP grubu\u00a0\u00e7al\u0131\u015f\u0131r, Recep Tayyip Erdo\u011fan\u2019\u0131n s\u00f6ylemine g\u00f6re, Bakanlar Kurulu karar al\u0131r. Olay\u00a0budur. G\u00f6r\u00fcn\u00fcrde bir demokrasi var ama ger\u00e7ekte bir demokrasi yoktur. Bir siyasal\u00a0parti, \u2019gelin konu\u015fal\u0131m arkada\u015flar, burada ne yap\u0131yorsunuz, amac\u0131n\u0131z nedir?\u2019\u00a0dedi\u011finde kar\u015f\u0131da iktidar olan bir g\u00fcc\u00fcn, \u2019hay\u0131r efendim biz g\u00f6r\u00fc\u015fmeyece\u011fiz\u2019demesi ne demektir? Demokrasi k\u00fclt\u00fcr\u00fcnde muhalefet uzla\u015fma aray\u0131\u015f\u0131 i\u00e7ine girmez,\u00a0iktidarlar uzla\u015fma aray\u0131\u015f\u0131 i\u00e7ine girerler. Biz \u00f6yle bir durumday\u0131z ki\u00a0\u00e7ocuklar\u0131m\u0131z\u0131n gelece\u011fi i\u00e7in biz elimizi uzat\u0131yoruz. Ama iktidar diyor ki \u2019hay\u0131r\u00a0kusura bakma benim g\u00fcc\u00fcm var, ben tepeden inmeci bir zihniyetle yasalar\u0131\u00a0de\u011fi\u015ftiririm. Sen ne yaparsan yap ne s\u00f6ylersen s\u00f6yle. Ben bildi\u011fimi okurum\u2019.\u00a0Kusura bakmay\u0131n ama onlar hen\u00fcz CHP\u2019yi tan\u0131mad\u0131lar. \u00d6yle herkes her istedi\u011fini\u00a0okuyamaz. Burada hukuk var, demokrasi var.\u201d<\/p>\n<p style=\"text-align: justify;\"><strong>-Cumhurba\u015fkanl\u0131\u011f\u0131 se\u00e7imleri-\u00a0<\/strong><\/p>\n<p style=\"text-align: justify;\">Bir gazetecinin \u201d2014 y\u0131l\u0131nda Cumhurba\u015fkanl\u0131\u011f\u0131 se\u00e7imi var. \u00d6ne \u00e7\u0131kan bir\u00a0isim var m\u0131?\u201d sorusuna K\u0131l\u0131\u00e7daro\u011flu, \u201d\u00d6ne \u00e7\u0131kan bir isim yok. Ama 2014\u2019te\u00a0CHP\u2019nin g\u00f6sterece\u011fi aday\u0131n Cumhurba\u015fkan\u0131 se\u00e7ilece\u011fine inan\u0131yorum. \u00c7\u00fcnk\u00fc bu\u00a0\u00fclkenin, bu yurtta\u015flar\u0131n sa\u011fduyusuna inan\u0131yorum. \u00dclkesini temsil eden, demokrat\u00a0d\u00fc\u015f\u00fcnceyi benimseyen demokrasiyi \u00f6z\u00fcmseyen, g\u00fc\u00e7ler ayr\u0131l\u0131\u011f\u0131 ilkesine sayg\u0131 duyan\u00a0bir Cumhurba\u015fkan\u0131, T\u00fcrkiye\u2019nin arzulad\u0131\u011f\u0131 bir Cumhurba\u015fkan\u0131d\u0131r. Biz bu anlay\u0131\u015fa\u00a0sahip bir aday\u0131 g\u00f6sterece\u011fiz. \u015eu a\u015famada aday s\u00f6z konusu de\u011fil. \u00d6n\u00fcm\u00fczde daha\u00a0uzun s\u00fcre var\u201d yan\u0131t\u0131n\u0131 verdi.<\/p>\n<p style=\"text-align: justify;\">Bir gazetecinin, \u201dCHP\u2019nin mi aday\u0131 olacak, yoksa uzla\u015f\u0131 sonucu ortaya\u00a0\u00e7\u0131kacak bir aday m\u0131 olacak?\u201d sorusuna da K\u0131l\u0131\u00e7daro\u011flu, \u201dT\u00fcrkiye\u2019nin aday\u0131\u00a0olacak\u201d cevab\u0131n\u0131 verdi.<\/p>\n<p style=\"text-align: justify;\"><a href=\"http:\/\/haber.gazetevatan.com\/kilicdaroglundan-danistay-uyelerinin-gorevden-alinmasina-tepki\/436161\/9\/Siyaset\" target=\"_blank\">Kaynak : Vatan Gazetesi<\/a><\/p>\n","protected":false},"excerpt":{"rendered":"<p style=\"text-align: center;\">\n<p style=\"text-align: justify;\">K\u0131l\u0131\u00e7daro\u011flu: &#8221;Adalete olan g\u00fcven duygusu sars\u0131l\u0131rsa, devletin temelleri sars\u0131lm\u0131\u015f olur. \u00c7\u00fcnk\u00fc adalet m\u00fclk\u00fcn, yani devletin temelidir\u201d<\/p>\n<p style=\"text-align: justify;\">CHP Genel Ba\u015fkan\u0131 Kemal K\u0131l\u0131\u00e7daro\u011flu, 2014\u2019teki Cumhurba\u015fkanl\u0131\u011f\u0131 se\u00e7imleriyle ilgili olarak, \u201d\u00dclkesini temsil eden, demokrat d\u00fc\u015f\u00fcnceyi benimseyen demokrasiyi \u00f6z\u00fcmseyen, g\u00fc\u00e7ler ayr\u0131l\u0131\u011f\u0131 ilkesine sayg\u0131 duyan bir Cumhurba\u015fkan\u0131, T\u00fcrkiye\u2019nin arzulad\u0131\u011f\u0131 bir Cumhurba\u015fkan\u0131\u2019d\u0131r. Biz bu anlay\u0131\u015fa <\/p>\n","protected":false},"author":1,"featured_media":0,"comment_status":"open","ping_status":"open","sticky":false,"template":"","format":"standard","meta":{"footnotes":""},"categories":[105],"tags":[],"class_list":["post-49406","post","type-post","status-publish","format-standard","hentry","category-gundem","odd"],"_links":{"self":[{"href":"http:\/\/www.korhanyilmaz.com\/index.php?rest_route=\/wp\/v2\/posts\/49406","targetHints":{"allow":["GET"]}}],"collection":[{"href":"http:\/\/www.korhanyilmaz.com\/index.php?rest_route=\/wp\/v2\/posts"}],"about":[{"href":"http:\/\/www.korhanyilmaz.com\/index.php?rest_route=\/wp\/v2\/types\/post"}],"author":[{"embeddable":true,"href":"http:\/\/www.korhanyilmaz.com\/index.php?rest_route=\/wp\/v2\/users\/1"}],"replies":[{"embeddable":true,"href":"http:\/\/www.korhanyilmaz.com\/index.php?rest_route=%2Fwp%2Fv2%2Fcomments&post=49406"}],"version-history":[{"count":0,"href":"http:\/\/www.korhanyilmaz.com\/index.php?rest_route=\/wp\/v2\/posts\/49406\/revisions"}],"wp:attachment":[{"href":"http:\/\/www.korhanyilmaz.com\/index.php?rest_route=%2Fwp%2Fv2%2Fmedia&parent=49406"}],"wp:term":[{"taxonomy":"category","embeddable":true,"href":"http:\/\/www.korhanyilmaz.com\/index.php?rest_route=%2Fwp%2Fv2%2Fcategories&post=49406"},{"taxonomy":"post_tag","embeddable":true,"href":"http:\/\/www.korhanyilmaz.com\/index.php?rest_route=%2Fwp%2Fv2%2Ftags&post=49406"}],"curies":[{"name":"wp","href":"https:\/\/api.w.org\/{rel}","templated":true}]}}