{"id":49400,"date":"2012-03-11T10:18:00","date_gmt":"2012-03-11T08:18:00","guid":{"rendered":"http:\/\/www.korhanyilmaz.com\/?p=49400"},"modified":"2012-03-11T13:49:51","modified_gmt":"2012-03-11T11:49:51","slug":"pkk-icin-sirket-kurdular","status":"publish","type":"post","link":"http:\/\/www.korhanyilmaz.com\/?p=49400","title":{"rendered":"PKK i\u00e7in \u015firket kurdular"},"content":{"rendered":"<p style=\"text-align: center;\"><a href=\"http:\/\/www.korhanyilmaz.com\/wp-content\/uploads\/2012\/03\/9118.jpg\"  class=\"lightview\"><img loading=\"lazy\" decoding=\"async\" class=\"aligncenter  wp-image-49401\" src=\"http:\/\/www.korhanyilmaz.com\/wp-content\/uploads\/2012\/03\/9118.jpg\" alt=\"\" width=\"396\" height=\"180\" \/><\/a><\/p>\n<p style=\"text-align: justify;\">KCK soru\u015fturmas\u0131nda Hakan Fidan ile birlikte ifadeleri al\u0131nmak istenen iki M\u0130T&#8217;\u00e7i, paravan \u015firket ile PKK ve KCK&#8217;n\u0131n Avrupa&#8217;daki kritik bir isminden bilgi s\u0131zd\u0131rmaya ba\u015flad\u0131. Ancak savc\u0131l\u0131k iki M\u0130T&#8217;\u00e7iyi \u00f6rg\u00fcte yard\u0131m etmekle su\u00e7lad\u0131.<\/p>\n<p style=\"text-align: justify;\">\u0130STANBUL- Bu ayr\u0131nt\u0131lara g\u00f6re paravan \u015firket kurarak ticari faaliyetlerle PKK&#8217;ya s\u0131zma operasyonu y\u00fcr\u00fcten M\u0130T g\u00f6revlileri Ya\u015far Hakan Y\u0131ld\u0131r\u0131m ve H\u00fcseyin Emre Kuzuo\u011flu, \u0130stanbul 14&#8217;\u00fcnc\u00fc A\u011f\u0131r Ceza Mahkemesi&#8217;nce \u00e7\u0131kart\u0131lan yakalama m\u00fczekkeresinde &#8220;silahl\u0131 ter\u00f6r \u00f6rg\u00fct\u00fcne bilerek veya isteyerek yard\u0131m etmek&#8221; ile su\u00e7lan\u0131yor.\u00a0<!--more--><\/p>\n<p style=\"text-align: justify;\">Ayn\u0131 su\u00e7lama eski M\u00fcste\u015far Emre Taner ile eski M\u00fcste\u015far Yard\u0131mc\u0131s\u0131 Afet G\u00fcne\u015f&#8217;e de y\u00f6neltiliyor. \u00d6zel yetkili savc\u0131lar Oslo g\u00f6r\u00fc\u015fmelerinin yan\u0131 s\u0131ra bu konuyla ilgili de operasyon emrini veren M\u0130T M\u00fcste\u015far\u0131 Hakan Fidan&#8217;\u0131n ifadesini &#8220;\u015f\u00fcpheli&#8221; s\u0131fat\u0131yla almak istedi. Sabah&#8217;\u0131n haberine g\u00f6re M\u0130T&#8217;te saha sorumlusu olarak g\u00f6rev yapan Y\u0131ld\u0131r\u0131m ve Kuzuo\u011flu ile ilgili g\u00f6zalt\u0131 karar\u0131na gerek\u00e7e olarak sunulan ifadenin bir M\u0130T muhbirine ait oldu\u011fu \u00f6\u011frenildi. M\u0130T muhbirinin \u0130stanbul Emniyet M\u00fcd\u00fcrl\u00fc\u011f\u00fc Ter\u00f6rle M\u00fccadele \u015eube M\u00fcd\u00fcrl\u00fc\u011f\u00fc&#8217;ndeki ifadesinde, Kandil ve PKK kamplar\u0131na gidip elde etti\u011fi bilgileri M\u0130T&#8217;e iletti\u011fini s\u00f6yledi\u011fi belirtildi.<\/p>\n<p style=\"text-align: justify;\"><strong>HEDEFTEK\u0130 \u0130S\u0130M &#8216;KARAYILAN&#8217;DI<\/strong><\/p>\n<p style=\"text-align: justify;\">Muhbirin ifadesinde \u015funlar\u0131 s\u00f6yledi\u011fi \u00f6\u011frenildi: M\u0130T, PKK&#8217;n\u0131n &#8216;beyni&#8217; olarak g\u00f6rd\u00fc\u011f\u00fc Avrupa&#8217;daki kadrosuna ve Kuzey Irak&#8217;taki isimlere ula\u015fmak i\u00e7in paravan \u015firket kurdu. M\u0130T&#8217;in \u00f6rt\u00fcl\u00fc \u00f6denekten sa\u011flanan ayl\u0131k 17 bin 500 TL b\u00fct\u00e7e ile kurdu\u011fu \u015firketle ula\u015fmak istedi\u011fi isimlerden biri de Murat Karay\u0131lan&#8217;d\u0131. Karay\u0131lan&#8217;\u0131n kald\u0131\u011f\u0131 ev tahmini noktas\u0131 bilinse de adres konusunda teredd\u00fct vard\u0131. Muhbir, \u00f6rg\u00fct liderlerinin yerlerini \u00f6\u011frenmeye \u00e7al\u0131\u015f\u0131yordu. Kuzey Irak-Avrupa hatt\u0131nda faaliyet g\u00f6steren \u015firket, dikkat \u00e7ekmemek i\u00e7in \u0130stanbul&#8217;da kuruldu.<\/p>\n<p style=\"text-align: justify;\"><strong>&#8216;G\u00d6R\u00dc\u015eMELER\u0130 KAYDA ALDIK&#8217;<\/strong><\/p>\n<p style=\"text-align: justify;\">Muhbirin ifadesinde \u015funlar\u0131 s\u00f6yledi\u011fi belirtildi: &#8220;PKK&#8217;n\u0131n Avrupa y\u00f6netimindeki ki\u015fiye bir \u015firket kurmak fikrimi a\u00e7\u0131p destek istedim. Yusuf&#8217;un da (M\u0130T g\u00f6revlisi Ya\u015far Hakan Y\u0131ld\u0131r\u0131m) sponsor olaca\u011f\u0131n\u0131 s\u00f6yledim. O ki\u015fiyi, ortak etti\u011fimiz \u015firket \u00fczerinden M\u0130T&#8217;e angaje ettik. Sonra Kuzuo\u011flu bize kat\u0131ld\u0131. 2010 Nisan&#8217;\u0131nda Y\u0131ld\u0131r\u0131m ve Kuzuo\u011flu ile Almanya&#8217;n\u0131n Frankfurt kentine gittik. Burada g\u00f6r\u00fc\u015ft\u00fc\u011f\u00fcm\u00fcz PKK y\u00f6neticisi kafaland\u0131. G\u00f6r\u00fc\u015fmeleri telefonla kay\u0131t alt\u0131na al\u0131p foto\u011fraf \u00e7ektirdik. Y\u0131ld\u0131r\u0131m bana &#8216;\u00d6rg\u00fct\u00fcn Avrupa&#8217;daki beynine girdik&#8217; dedi. Operasyon i\u00e7in b\u00fct\u00e7e \u00e7\u0131kard\u0131k. M\u0130T projeyi kabul etti. Paran\u0131n kontrol\u00fcn\u00fc Y\u0131ld\u0131r\u0131m yapar ve faturalar\u0131 kendisi al\u0131rd\u0131. PKK&#8217;l\u0131, bize \u00f6rg\u00fct\u00fcn tav\u0131rlar\u0131n\u0131, davran\u0131\u015flar\u0131n\u0131 yans\u0131tan bilgiler ula\u015ft\u0131r\u0131rd\u0131. Bunu yaparken de M\u0130T&#8217;e de\u011fil, \u015firkete \u00e7al\u0131\u015ft\u0131\u011f\u0131n\u0131 zannediyordu.&#8221;<\/p>\n<p style=\"text-align: justify;\"><a href=\"http:\/\/www.gazeteport.com.tr\/haber\/83873\/pkkya_sizdilar_suclu_oldular\" target=\"_blank\">Kaynak : GAZETEPORT<\/a><\/p>\n","protected":false},"excerpt":{"rendered":"<p style=\"text-align: center;\">\n<p style=\"text-align: justify;\">KCK soru\u015fturmas\u0131nda Hakan Fidan ile birlikte ifadeleri al\u0131nmak istenen iki M\u0130T&#8217;\u00e7i, paravan \u015firket ile PKK ve KCK&#8217;n\u0131n Avrupa&#8217;daki kritik bir isminden bilgi s\u0131zd\u0131rmaya ba\u015flad\u0131. Ancak savc\u0131l\u0131k iki M\u0130T&#8217;\u00e7iyi \u00f6rg\u00fcte yard\u0131m etmekle su\u00e7lad\u0131.<\/p>\n<p style=\"text-align: justify;\">\u0130STANBUL- Bu ayr\u0131nt\u0131lara g\u00f6re paravan \u015firket kurarak ticari faaliyetlerle PKK&#8217;ya s\u0131zma operasyonu y\u00fcr\u00fcten M\u0130T g\u00f6revlileri Ya\u015far <\/p>\n","protected":false},"author":1,"featured_media":0,"comment_status":"open","ping_status":"open","sticky":false,"template":"","format":"standard","meta":{"footnotes":""},"categories":[105],"tags":[],"class_list":["post-49400","post","type-post","status-publish","format-standard","hentry","category-gundem","odd"],"_links":{"self":[{"href":"http:\/\/www.korhanyilmaz.com\/index.php?rest_route=\/wp\/v2\/posts\/49400","targetHints":{"allow":["GET"]}}],"collection":[{"href":"http:\/\/www.korhanyilmaz.com\/index.php?rest_route=\/wp\/v2\/posts"}],"about":[{"href":"http:\/\/www.korhanyilmaz.com\/index.php?rest_route=\/wp\/v2\/types\/post"}],"author":[{"embeddable":true,"href":"http:\/\/www.korhanyilmaz.com\/index.php?rest_route=\/wp\/v2\/users\/1"}],"replies":[{"embeddable":true,"href":"http:\/\/www.korhanyilmaz.com\/index.php?rest_route=%2Fwp%2Fv2%2Fcomments&post=49400"}],"version-history":[{"count":0,"href":"http:\/\/www.korhanyilmaz.com\/index.php?rest_route=\/wp\/v2\/posts\/49400\/revisions"}],"wp:attachment":[{"href":"http:\/\/www.korhanyilmaz.com\/index.php?rest_route=%2Fwp%2Fv2%2Fmedia&parent=49400"}],"wp:term":[{"taxonomy":"category","embeddable":true,"href":"http:\/\/www.korhanyilmaz.com\/index.php?rest_route=%2Fwp%2Fv2%2Fcategories&post=49400"},{"taxonomy":"post_tag","embeddable":true,"href":"http:\/\/www.korhanyilmaz.com\/index.php?rest_route=%2Fwp%2Fv2%2Ftags&post=49400"}],"curies":[{"name":"wp","href":"https:\/\/api.w.org\/{rel}","templated":true}]}}