{"id":49396,"date":"2012-03-11T11:05:13","date_gmt":"2012-03-11T09:05:13","guid":{"rendered":"http:\/\/www.korhanyilmaz.com\/?p=49396"},"modified":"2012-03-11T12:15:02","modified_gmt":"2012-03-11T10:15:02","slug":"halk-kalsin-dedi","status":"publish","type":"post","link":"http:\/\/www.korhanyilmaz.com\/?p=49396","title":{"rendered":"Halk &#8220;Kals\u0131n&#8221; dedi"},"content":{"rendered":"<p style=\"text-align: center;\"><a href=\"http:\/\/www.korhanyilmaz.com\/wp-content\/uploads\/2012\/03\/9117.jpg\"  class=\"lightview\"><img loading=\"lazy\" decoding=\"async\" class=\"aligncenter  wp-image-49397\" src=\"http:\/\/www.korhanyilmaz.com\/wp-content\/uploads\/2012\/03\/9117.jpg\" alt=\"\" width=\"396\" height=\"180\" \/><\/a><\/p>\n<p style=\"text-align: justify;\">Ba\u015fbakan Erdo\u011fan&#8217;\u0131n masas\u0131ndaki ilgin\u00e7 anket.<\/p>\n<p style=\"text-align: justify;\">ANKARA- \u00c7ocuklar\u0131n her g\u00fcn okudu\u011fu &#8220;T\u00fcrk\u00fcm, do\u011fruyum&#8221; diye ba\u015flayan &#8216;And\u0131m\u0131z&#8217; tart\u0131\u015fma konusu. AK Parti, son aylar\u0131n pop\u00fcler tart\u0131\u015fma konusu olan Gen\u00e7li\u011fe Hitabe, And\u0131m\u0131z, 19 May\u0131s ve \u2018dindar gen\u00e7lik\u2019le ilgili halk\u0131n g\u00f6r\u00fc\u015f\u00fcn\u00fc ald\u0131, ortaya ilgin\u00e7 sonu\u00e7lar \u00e7\u0131kt\u0131.\u00a0<!--more--><\/p>\n<p style=\"text-align: justify;\">Ba\u015fbakan Recep Tayyip Erdo\u011fan\u2019a sunulan ankete g\u00f6re \u2018dindar gen\u00e7lik\u2019 s\u00f6ylemi vatanda\u015ftan vizeyi ald\u0131. And\u0131m\u0131z ve Gen\u00e7li\u011fe Hitabe\u2019nin kald\u0131r\u0131lmas\u0131na ise vatanda\u015f kar\u015f\u0131 \u00e7\u0131k\u0131yor. 19 May\u0131s t\u00f6renleriyle ilgili d\u00fczenleme de vatanda\u015ftan onay alamad\u0131.<\/p>\n<p style=\"text-align: justify;\">\u0130ktidar partisi kuruldu\u011fu g\u00fcnden bu tarafa \u00fc\u00e7 ara\u015ft\u0131rma \u015firketine (Pollmark, Anar ve Denge) d\u00fczenli ara\u015ft\u0131rma yapt\u0131r\u0131yor. Siyasal ve sosyal konularla ilgili vatanda\u015flar\u0131n nabz\u0131n\u0131 tutmaya d\u00f6n\u00fck ara\u015ft\u0131rmalar\u0131n sonuncusunu Denge yapt\u0131. Bu ara\u015ft\u0131rmada vatanda\u015flara iktidar ile muhalefetin uzun s\u00fcredir tart\u0131\u015ft\u0131\u011f\u0131 konular da soruldu. Ba\u015fbakan Erdo\u011fan\u2019a sunulan ara\u015ft\u0131rma sonu\u00e7lar\u0131 kamuoyuna a\u00e7\u0131klanmayacak. Radikal\u2019in edindi\u011fi bilgilere g\u00f6re, ara\u015ft\u0131rmadan \u00e7\u0131kan sonu\u00e7lar \u015f\u00f6yle:<\/p>\n<p style=\"text-align: justify;\"><strong>H\u0130TABE&#8217;YE B\u00dcY\u00dcK DESTEK<\/strong><\/p>\n<p style=\"text-align: justify;\">Ba\u015fbakan Tayyip Erdo\u011fan, \u201cDindar gen\u00e7lik istiyorum\u201d dedikten sonra yo\u011fun bir tart\u0131\u015fma ya\u015fanm\u0131\u015ft\u0131. CHP ve MHP liderleri ile medyan\u0131n da yo\u011fun ilgi g\u00f6sterdi\u011fi tart\u0131\u015fmayla ilgili vatanda\u015flar\u0131n g\u00f6r\u00fc\u015f\u00fc de soruldu. Anket sonucunda y\u00fczde 70\u2019e yak\u0131n bir kitle dindar gen\u00e7lik s\u00f6ylemine onay verdi. \u00c7ocuklar\u0131n sabahlar\u0131 okudu\u011fu \u201cT\u00fcrk\u00fcm, Do\u011fruyum, \u00c7al\u0131\u015fkan\u0131m\u201d diye ba\u015flayan \u2018And\u0131m\u0131z\u2019\u0131n i\u00e7eri\u011fi uzun zamand\u0131r tepki \u00e7ekiyor. AK Parti Genel Ba\u015fkan Yard\u0131mc\u0131s\u0131 H\u00fcseyin \u00c7elik de \u201cAyet mi bu?\u201d diyerek kald\u0131r\u0131labilece\u011fi sinyalini vermi\u015fti. Ara\u015ft\u0131rmada az bir farkla da olsa (y\u00fczde 53) halk\u0131n \u2018And\u0131m\u0131z\u2019\u0131n kald\u0131r\u0131lmas\u0131na kar\u015f\u0131 oldu\u011fu ortaya \u00e7\u0131kt\u0131.<\/p>\n<p style=\"text-align: justify;\">\u2018Gen\u00e7li\u011fe Hitabe\u2019nin kald\u0131r\u0131lmas\u0131 da zaman zaman g\u00fcndeme geliyor. Halk\u0131n b\u00fcy\u00fck oran\u0131n\u0131n Gen\u00e7li\u011fe Hitabe\u2019nin aynen kalmas\u0131n\u0131 istedi\u011fi belirlendi. Halk\u0131n y\u00fczde 70\u2019i \u201cGen\u00e7li\u011fe Hitabe\u201dnin kalmas\u0131n\u0131 istiyor.<\/p>\n<p style=\"text-align: justify;\"><strong>19 MAYIS&#8217;A DEVAM<\/strong><\/p>\n<p style=\"text-align: justify;\">Milli E\u011fitim Bakanl\u0131\u011f\u0131, 19 May\u0131s t\u00f6renlerinin kutlanma \u015feklini de\u011fi\u015ftiren bir genelge yay\u0131mlam\u0131\u015ft\u0131. Buna g\u00f6re, stadyum kutlamas\u0131 sadece Ankara\u2019da yap\u0131lacak. Muhalefet gibi halk\u0131n da buna s\u0131cak bakmad\u0131\u011f\u0131 belli oldu. AK Parti\u2019nin anketinde y\u00fczde 55\u2019lik oran t\u00f6renlerin kutlama \u015feklinin de\u011fi\u015fmesini onaylamad\u0131.<\/p>\n<p style=\"text-align: justify;\"><a href=\"http:\/\/www.gazeteport.com.tr\/haber\/83893\/halk_quotkalsinquot_dedi\" target=\"_blank\">Kaynak : GAZETEPORT<\/a><\/p>\n","protected":false},"excerpt":{"rendered":"<p style=\"text-align: center;\">\n<p style=\"text-align: justify;\">Ba\u015fbakan Erdo\u011fan&#8217;\u0131n masas\u0131ndaki ilgin\u00e7 anket.<\/p>\n<p style=\"text-align: justify;\">ANKARA- \u00c7ocuklar\u0131n her g\u00fcn okudu\u011fu &#8220;T\u00fcrk\u00fcm, do\u011fruyum&#8221; diye ba\u015flayan &#8216;And\u0131m\u0131z&#8217; tart\u0131\u015fma konusu. AK Parti, son aylar\u0131n pop\u00fcler tart\u0131\u015fma konusu olan Gen\u00e7li\u011fe Hitabe, And\u0131m\u0131z, 19 May\u0131s ve \u2018dindar gen\u00e7lik\u2019le ilgili halk\u0131n g\u00f6r\u00fc\u015f\u00fcn\u00fc ald\u0131, ortaya ilgin\u00e7 sonu\u00e7lar \u00e7\u0131kt\u0131. <\/p>\n","protected":false},"author":1,"featured_media":0,"comment_status":"open","ping_status":"open","sticky":false,"template":"","format":"standard","meta":{"footnotes":""},"categories":[105],"tags":[],"class_list":["post-49396","post","type-post","status-publish","format-standard","hentry","category-gundem","odd"],"_links":{"self":[{"href":"http:\/\/www.korhanyilmaz.com\/index.php?rest_route=\/wp\/v2\/posts\/49396","targetHints":{"allow":["GET"]}}],"collection":[{"href":"http:\/\/www.korhanyilmaz.com\/index.php?rest_route=\/wp\/v2\/posts"}],"about":[{"href":"http:\/\/www.korhanyilmaz.com\/index.php?rest_route=\/wp\/v2\/types\/post"}],"author":[{"embeddable":true,"href":"http:\/\/www.korhanyilmaz.com\/index.php?rest_route=\/wp\/v2\/users\/1"}],"replies":[{"embeddable":true,"href":"http:\/\/www.korhanyilmaz.com\/index.php?rest_route=%2Fwp%2Fv2%2Fcomments&post=49396"}],"version-history":[{"count":0,"href":"http:\/\/www.korhanyilmaz.com\/index.php?rest_route=\/wp\/v2\/posts\/49396\/revisions"}],"wp:attachment":[{"href":"http:\/\/www.korhanyilmaz.com\/index.php?rest_route=%2Fwp%2Fv2%2Fmedia&parent=49396"}],"wp:term":[{"taxonomy":"category","embeddable":true,"href":"http:\/\/www.korhanyilmaz.com\/index.php?rest_route=%2Fwp%2Fv2%2Fcategories&post=49396"},{"taxonomy":"post_tag","embeddable":true,"href":"http:\/\/www.korhanyilmaz.com\/index.php?rest_route=%2Fwp%2Fv2%2Ftags&post=49396"}],"curies":[{"name":"wp","href":"https:\/\/api.w.org\/{rel}","templated":true}]}}