{"id":49388,"date":"2012-03-10T15:38:01","date_gmt":"2012-03-10T13:38:01","guid":{"rendered":"http:\/\/www.korhanyilmaz.com\/?p=49388"},"modified":"2012-03-11T01:09:29","modified_gmt":"2012-03-10T23:09:29","slug":"hukumetin-mesruiyet-sorunu-var","status":"publish","type":"post","link":"http:\/\/www.korhanyilmaz.com\/?p=49388","title":{"rendered":"&#8216;H\u00fck\u00fcmetin me\u015fruiyet sorunu var&#8217;"},"content":{"rendered":"<p style=\"text-align: center;\"><a href=\"http:\/\/www.korhanyilmaz.com\/wp-content\/uploads\/2012\/03\/91161.jpg\"  class=\"lightview\"><img loading=\"lazy\" decoding=\"async\" class=\"aligncenter  wp-image-49390\" src=\"http:\/\/www.korhanyilmaz.com\/wp-content\/uploads\/2012\/03\/91161.jpg\" alt=\"\" width=\"322\" height=\"239\" \/><\/a><\/p>\n<p style=\"text-align: justify;\">CHP Grup Ba\u015fkanvekili Akif Hamza\u00e7ebi, halk deste\u011finin demokrasilerde h\u00fck\u00fcmetin me\u015fruiyeti i\u00e7in en \u00f6nemli unsur olsa da yeterli olmad\u0131\u011f\u0131na dikkat \u00e7ekerek, &#8220;Bug\u00fcn T\u00fcrkiye&#8217;de me\u015fruiyet sorunu olan bir h\u00fck\u00fcmet vard\u0131r&#8221; dedi.<\/p>\n<p style=\"text-align: justify;\">\u0130stanbul- B\u00fclent Ecevit K\u00fclt\u00fcr Merkezi&#8217;nde d\u00fczenlenen partisinin Kartal \u0130l\u00e7e Kongresi&#8217;nin divan ba\u015fkanl\u0131\u011f\u0131n\u0131 y\u00fcr\u00fcten Hamza\u00e7ebi, burada yapt\u0131\u011f\u0131 konu\u015fmada, her se\u00e7imin yeni bir ba\u015flang\u0131\u00e7 anlam\u0131na geldi\u011fini, ancak 12 Haziran se\u00e7imlerinin \u00fczerinden hen\u00fcz 9 ay ge\u00e7mesine ra\u011fmen T\u00fcrkiye&#8217;nin hi\u00e7 se\u00e7im yapmam\u0131\u015f gibi bir sorun yuma\u011f\u0131 i\u00e7inde bulundu\u011funu s\u00f6yledi.\u00a0<!--more--><\/p>\n<p style=\"text-align: justify;\">Hamza\u00e7ebi, h\u00fck\u00fcmetin, sorunlar\u0131n \u00fcstesinden gelebilecek, halk\u0131n b\u00fct\u00fcn\u00fcn\u00fc kucaklayabilecek, topluma bar\u0131\u015f ve huzur r\u00fczgar\u0131 verecek bir nitelik ta\u015f\u0131mad\u0131\u011f\u0131n\u0131 belirterek, &#8221;\u015eeklen bir h\u00fck\u00fcmet var ama \u00fclkeyi y\u00f6netemeyen, T\u00fcrkiye demokrasisini giderek bir siyasi krizin i\u00e7ine s\u00fcr\u00fckleyen bir h\u00fck\u00fcmet var&#8221; dedi.<\/p>\n<p style=\"text-align: justify;\"><strong>&#8220;Bug\u00fcn T\u00fcrkiye&#8217;de me\u015fruiyet sorunu olan bir h\u00fck\u00fcmet vard\u0131r&#8221;\u00a0<\/strong><\/p>\n<p style=\"text-align: justify;\">Mevcut h\u00fck\u00fcmetin me\u015fruiyetini ve \u00fclkeyi y\u00f6netme anlay\u0131\u015f\u0131n\u0131 arkas\u0131ndaki y\u00fczde 50 oran\u0131ndaki se\u00e7men deste\u011fine dayand\u0131rd\u0131\u011f\u0131n\u0131, ancak halk deste\u011finin demokrasilerde h\u00fck\u00fcmetin me\u015fruiyeti i\u00e7in en \u00f6nemli unsur olsa da yeterli olmad\u0131\u011f\u0131n\u0131 ifade eden Hamza\u00e7ebi, demokrasinin di\u011fer fren ve denge mekanizmalar\u0131 olmad\u0131\u011f\u0131nda sadece halk deste\u011fine g\u00fcvenerek icraat yapan h\u00fck\u00fcmetlerin, \u00fclkeyi otoriter bir rejime do\u011fru g\u00f6t\u00fcrebildiklerini kaydetti.<\/p>\n<p style=\"text-align: justify;\">Hamza\u00e7ebi, h\u00fck\u00fcmetin me\u015fruiyeti i\u00e7in yapt\u0131klar\u0131n\u0131n do\u011fru ve adil olmas\u0131 gerekti\u011fini, me\u015fru h\u00fck\u00fcmetlerin g\u00fcc\u00fcn\u00fc \u00f6zg\u00fcrl\u00fck, e\u015fitlik ve adalet \u00fczerinden ald\u0131\u011f\u0131n\u0131 belirterek, &#8221;Kurdu\u011funuz h\u00fck\u00fcmet halk deste\u011fine g\u00fcvenerek \u00f6zg\u00fcrl\u00fckleri k\u0131s\u0131tl\u0131yor, yarg\u0131y\u0131 bask\u0131 alt\u0131na al\u0131p o \u00fclkede adalet olmad\u0131\u011f\u0131 izlenimi yarat\u0131yor, e\u015fitli\u011fi yok ediyorsa, o h\u00fck\u00fcmet me\u015fru de\u011fildir. Bug\u00fcn T\u00fcrkiye&#8217;de me\u015fruiyet sorunu olan bir h\u00fck\u00fcmet vard\u0131r&#8221; diye konu\u015ftu.<\/p>\n<p style=\"text-align: justify;\"><strong>&#8220;AKP demokrasiyi yok etmektedir&#8221;\u00a0<\/strong><\/p>\n<p style=\"text-align: justify;\">Hapishanelerdeki 128 bin ki\u015fiden yaln\u0131zca 55 bininin tutuklu oldu\u011funu, d\u00fcnyada b\u00f6yle bir orana sahip ba\u015fka bir demokrasi bulunmad\u0131\u011f\u0131n\u0131 s\u00f6yleyen Hamza\u00e7ebi, &#8221;Pankart a\u00e7man\u0131n, slogan atman\u0131n, paras\u0131z e\u011fitim istemenin, t\u0131ra\u015f olman\u0131n, kartpostal ta\u015f\u0131man\u0131n, \u015femsiye ta\u015f\u0131man\u0131n ter\u00f6r eylemi say\u0131ld\u0131\u011f\u0131 ve bunlar\u0131 yapanlar\u0131n ter\u00f6r \u00f6rg\u00fct\u00fc \u00fcyesi olarak yarg\u0131land\u0131\u011f\u0131 bir ba\u015fka demokrasi yoktur. T\u00fcrkiye&#8217;de iktidara kar\u015f\u0131 g\u00f6r\u00fc\u015f ifade edenler, yar\u0131n ba\u015f\u0131ma bir i\u015f gelir mi endi\u015fesiyle ya\u015f\u0131yorlar. Bu nedenle AKP demokrasiyi yok etmektedir&#8221; ifadelerini kulland\u0131.<\/p>\n<p style=\"text-align: justify;\"><strong>4+4+4 d\u00fczenlemesi\u00a0<\/strong><\/p>\n<p style=\"text-align: justify;\">Hamza\u00e7ebi, e\u011fitimde 4+4+4 d\u00fczenlemesine de de\u011finerek, bu \u00f6neriyi ele\u015ftiren sivil toplum kurulu\u015flar\u0131n\u0131n Ba\u015fbakan Recep Tayyip Erdo\u011fan taraf\u0131ndan hedef al\u0131nd\u0131\u011f\u0131n\u0131 s\u00f6yledi ve konu\u015fmas\u0131n\u0131 \u015f\u00f6yle s\u00fcrd\u00fcrd\u00fc:<\/p>\n<p style=\"text-align: justify;\">&#8221;Say\u0131n ba\u015fbakan, &#8216;T\u00fcrkiye 10 y\u0131l \u00f6nce kaybettiklerini kazanacak&#8217; diyor. R\u00f6van\u015f duygusuyla hareket ediyor. Kay\u0131p olarak g\u00f6rd\u00fckleri asl\u0131nda toplumumuzun kazanc\u0131d\u0131r. 8 y\u0131ll\u0131k zorunlu kesintisiz e\u011fitimle 16 ya\u015f\u0131nda k\u0131zlar\u0131n evlenme olas\u0131l\u0131\u011f\u0131 y\u00fczde 44 oran\u0131nda azalm\u0131\u015ft\u0131r. 17 ya\u015f\u0131ndaki k\u0131zlar\u0131n do\u011fum yapma olas\u0131l\u0131\u011f\u0131 y\u00fczde 36 azalm\u0131\u015ft\u0131r. Say\u0131n ba\u015fbakan bu oranlardaki d\u00fc\u015f\u00fc\u015f\u00fc, kay\u0131p olarak g\u00f6r\u00fcyor. Say\u0131n ba\u015fbakan y\u0131llar \u00f6nce \u00e7\u0131kard\u0131m dedi\u011fi g\u00f6mle\u011fi \u00e7\u0131karmam\u0131\u015f, dolaba asm\u0131\u015f, orada duruyor. \u015eimdi onu \u00e7\u0131kard\u0131, \u00fct\u00fcleyip giymenin haz\u0131rl\u0131\u011f\u0131 i\u00e7erisindedir. Bu proje, zorunlu e\u011fitimi par\u00e7alama projesi, toplumu ayn\u0131 zamanda s\u0131n\u0131flara ay\u0131rma ve &#8216;yoksula yoksul kal&#8217; deme projesidir. 10 ya\u015f\u0131ndaki \u00e7ocu\u011fumuzu meslek se\u00e7meye y\u00f6nelterek, onlar\u0131 erken ya\u015flarda tamirhanelere, d\u00fckkanlara g\u00f6nderme, k\u0131z \u00e7ocuklar\u0131m\u0131z\u0131 10 ya\u015f\u0131ndan sonra eve g\u00f6nderme projesidir. 4 4 4 projesi, Cem Karaca&#8217;n\u0131n &#8216;\u0130\u015f\u00e7isin Sen \u0130\u015f\u00e7i Kal&#8217; \u015fark\u0131s\u0131n\u0131n 2012&#8217;ye AKP taraf\u0131ndan uyarlanm\u0131\u015f halidir. \u00c7ocuklar\u0131m\u0131z\u0131n ekonomik g\u00fcc\u00fc yoksa k\u0131sa yoldan hayata at\u0131lma projesidir bu. Oysa biz f\u0131rsat e\u015fitli\u011fini savunuyoruz. Demokrasi f\u0131rsat e\u015fitli\u011fi demektir. Herkesin \u00e7ocu\u011fu en iyi e\u011fitimi almak zorundad\u0131r. Herkes yar\u0131\u015f\u0131 \u00f6zg\u00fcr ko\u015facak ama ko\u015farken kimsenin aya\u011f\u0131nda pranga olmayacak. T\u00fcrkiye&#8217;de \u015fimdi aya\u011f\u0131nda pranga olan gen\u00e7lere &#8216;hadi ko\u015f&#8217; deniyor. Biz \u00e7ocuklar\u0131m\u0131z\u0131n aya\u011f\u0131ndaki prangalar\u0131 kald\u0131raca\u011f\u0131z.&#8221;<\/p>\n<p style=\"text-align: justify;\"><strong>&#8221;T\u00fcrkiye&#8217;de siyasetin g\u00f6lgesinde kalan bir ekonomik tablo var&#8221;\u00a0<\/strong><\/p>\n<p style=\"text-align: justify;\">Hamza\u00e7ebi, T\u00fcrkiye&#8217;de siyasetin g\u00f6lgesinde kalan bir ekonomik tablo oldu\u011funu belirterek, &#8221;Ekonomi konusunda 10 y\u0131l\u0131n\u0131 bo\u015fa ge\u00e7irmi\u015f bir AKP h\u00fck\u00fcmeti vard\u0131r. 2002&#8217;den 2014&#8217;e kadar hedeflenen ortalama b\u00fcy\u00fcme oran\u0131 y\u00fczde 5&#8217;tir. Cumhuriyet tarihi boyunca da T\u00fcrkiye ortalama y\u00fczde 5 b\u00fcy\u00fcme sa\u011flam\u0131\u015ft\u0131r. \u0130\u015fsizlik y\u00fczde 10.3 idi 2002&#8217;de, bug\u00fcn h\u00fck\u00fcmetin vadetti\u011fi oran da bundan a\u015fa\u011f\u0131 de\u011fildir. \u0130\u015fsizlik konusunda 10 y\u0131lda hi\u00e7bir iyile\u015ftirme sa\u011flayamayan bir h\u00fck\u00fcmet var&#8221; \u015feklinde konu\u015ftu.<\/p>\n<p style=\"text-align: justify;\">D\u00fcnyadaki k\u00fcreselle\u015fme s\u00fcrecine de de\u011finen Hamza\u00e7ebi, &#8221;Bu, sadece d\u00fcnya ekonomisinde de\u011fi\u015fim yaratmakla kalm\u0131yor, toplumlar\u0131n ekonomik sosyal ve siyasi hayat\u0131n\u0131 da yak\u0131ndan etkiliyor. K\u00fcreselle\u015fme s\u0131n\u0131f politikalar\u0131n\u0131 bask\u0131 alt\u0131na alm\u0131\u015f, sosyal s\u0131n\u0131flar\u0131n m\u00fccadele prati\u011fini s\u0131n\u0131rlam\u0131\u015ft\u0131r. K\u00fcreselle\u015fme, \u00fclkelerin i\u015f\u00e7i s\u0131n\u0131flar\u0131n\u0131, \u00e7al\u0131\u015fanlar\u0131n\u0131 birbiriyle rekabet eder konuma sokmu\u015ftur. B\u00f6yle bir d\u00f6n\u00fc\u015f\u00fcm toplumlar\u0131n siyasetini de etkiliyor. S\u0131n\u0131f kitleye d\u00f6n\u00fc\u015f\u00fcyor. Bu de\u011fi\u015fimi bizler de g\u00f6rmek zorunday\u0131z. \u0130\u015f\u00e7i s\u0131n\u0131f\u0131, CHP&#8217;nin de\u011fi\u015fmez politika alanlar\u0131d\u0131r ama biz t\u00fcm kitlelere, toplumun b\u00fct\u00fcn kesimlerinin i\u00e7inde bulundu\u011fu kesimlere ula\u015fmak zorunda olan bir partiyiz&#8221; ifadelerini kulland\u0131.<\/p>\n<p style=\"text-align: justify;\"><a href=\"http:\/\/www.cumhuriyet.com.tr\/?kn=6&amp;hn=321250\" target=\"_blank\">Kaynak : Cumhuriyet Haber Portal\u0131<\/a><\/p>\n","protected":false},"excerpt":{"rendered":"<p style=\"text-align: center;\">\n<p style=\"text-align: justify;\">CHP Grup Ba\u015fkanvekili Akif Hamza\u00e7ebi, halk deste\u011finin demokrasilerde h\u00fck\u00fcmetin me\u015fruiyeti i\u00e7in en \u00f6nemli unsur olsa da yeterli olmad\u0131\u011f\u0131na dikkat \u00e7ekerek, &#8220;Bug\u00fcn T\u00fcrkiye&#8217;de me\u015fruiyet sorunu olan bir h\u00fck\u00fcmet vard\u0131r&#8221; dedi.<\/p>\n<p style=\"text-align: justify;\">\u0130stanbul- B\u00fclent Ecevit K\u00fclt\u00fcr Merkezi&#8217;nde d\u00fczenlenen partisinin Kartal \u0130l\u00e7e Kongresi&#8217;nin divan ba\u015fkanl\u0131\u011f\u0131n\u0131 y\u00fcr\u00fcten Hamza\u00e7ebi, burada yapt\u0131\u011f\u0131 konu\u015fmada, her se\u00e7imin <\/p>\n","protected":false},"author":1,"featured_media":0,"comment_status":"open","ping_status":"open","sticky":false,"template":"","format":"standard","meta":{"footnotes":""},"categories":[105],"tags":[],"class_list":["post-49388","post","type-post","status-publish","format-standard","hentry","category-gundem","odd"],"_links":{"self":[{"href":"http:\/\/www.korhanyilmaz.com\/index.php?rest_route=\/wp\/v2\/posts\/49388","targetHints":{"allow":["GET"]}}],"collection":[{"href":"http:\/\/www.korhanyilmaz.com\/index.php?rest_route=\/wp\/v2\/posts"}],"about":[{"href":"http:\/\/www.korhanyilmaz.com\/index.php?rest_route=\/wp\/v2\/types\/post"}],"author":[{"embeddable":true,"href":"http:\/\/www.korhanyilmaz.com\/index.php?rest_route=\/wp\/v2\/users\/1"}],"replies":[{"embeddable":true,"href":"http:\/\/www.korhanyilmaz.com\/index.php?rest_route=%2Fwp%2Fv2%2Fcomments&post=49388"}],"version-history":[{"count":0,"href":"http:\/\/www.korhanyilmaz.com\/index.php?rest_route=\/wp\/v2\/posts\/49388\/revisions"}],"wp:attachment":[{"href":"http:\/\/www.korhanyilmaz.com\/index.php?rest_route=%2Fwp%2Fv2%2Fmedia&parent=49388"}],"wp:term":[{"taxonomy":"category","embeddable":true,"href":"http:\/\/www.korhanyilmaz.com\/index.php?rest_route=%2Fwp%2Fv2%2Fcategories&post=49388"},{"taxonomy":"post_tag","embeddable":true,"href":"http:\/\/www.korhanyilmaz.com\/index.php?rest_route=%2Fwp%2Fv2%2Ftags&post=49388"}],"curies":[{"name":"wp","href":"https:\/\/api.w.org\/{rel}","templated":true}]}}