{"id":49384,"date":"2012-03-10T22:11:03","date_gmt":"2012-03-10T20:11:03","guid":{"rendered":"http:\/\/www.korhanyilmaz.com\/?p=49384"},"modified":"2012-03-11T00:52:39","modified_gmt":"2012-03-10T22:52:39","slug":"korku-iklimi-yaratti","status":"publish","type":"post","link":"http:\/\/www.korhanyilmaz.com\/?p=49384","title":{"rendered":"&#8216;Korku iklimi yaratt\u0131&#8217;"},"content":{"rendered":"<p style=\"text-align: center;\"><a href=\"http:\/\/www.korhanyilmaz.com\/wp-content\/uploads\/2012\/03\/9115.jpg\"  class=\"lightview\"><img loading=\"lazy\" decoding=\"async\" class=\"aligncenter  wp-image-49385\" src=\"http:\/\/www.korhanyilmaz.com\/wp-content\/uploads\/2012\/03\/9115.jpg\" alt=\"\" width=\"276\" height=\"207\" \/><\/a><\/p>\n<p style=\"text-align: justify;\">New Yorker Dergisi, &#8220;Tutuklamalar T\u00fcrkiye\u2019de Erdo\u011fan h\u00fck\u00fcmetini ele\u015ftirmeyi d\u00fc\u015f\u00fcnen herkes i\u00e7in s\u0131ra d\u0131\u015f\u0131 bir korku iklimi yaratt\u0131\u201d diye yazd\u0131.<\/p>\n<p style=\"text-align: justify;\">\u0130stanbul- New Yorker Dergisi, \u201cSadece tutukluluklar a\u00e7\u0131s\u0131ndan T\u00fcrkiye, d\u00fcnyadaki en bask\u0131c\u0131 \u00fclke gibi g\u00f6r\u00fcn\u00fcyor. Tutuklamalar T\u00fcrkiye\u2019de gazeteciler aras\u0131nda yada Ba\u015fbakan Recep Tayyip Erdo\u011fan h\u00fck\u00fcmetini ele\u015ftirmeyi d\u00fc\u015f\u00fcnen herkes i\u00e7in s\u0131ra d\u0131\u015f\u0131 bir korku iklimi yaratt\u0131\u201d diye yazd\u0131.\u00a0<!--more--><\/p>\n<p style=\"text-align: justify;\">Gazeteciler.com&#8217;un haberine g\u00f6re, New Yorker Dergisi\u2019nin tan\u0131nm\u0131\u015f yazar\u0131 Dexter Filkins, \u201cHangi \u00fclke en \u00e7ok gazeteci tutukluyor?\u201d diye sordu\u011fu haberinde, T\u00fcrkiye\u2019nin gazeteciler en bask\u0131c\u0131 \u00fclke oldu\u011funu belirtti.<\/p>\n<p style=\"text-align: justify;\">Dexter Filkins, \u201cE\u011fer \u00c7in diye tahmin ederseniz yakla\u015f\u0131rs\u0131n\u0131z ama tam \u00fczerine basamazs\u0131n\u0131z. New York Gazetecileri Koruma Komitesi\u2019ne g\u00f6re 27 gazeteci burada tutuklu. E\u011fer 42 gazetecinin tutuklu oldu\u011fu \u0130ran diye tahmin ederseniz daha \u00e7ok yakla\u015f\u0131rs\u0131n\u0131z ama hala cevaptan uzaks\u0131n\u0131zd\u0131r. T\u00fcrkiye\u2019de ka\u00e7 gazetecinin tutuklu oldu\u011funu tahmin ediyorsunuz?\u201d sorusunu soruyor.<\/p>\n<p style=\"text-align: justify;\">Filkins, \u201cTutukluluk \u00f6l\u00e7\u00fcmlerine g\u00f6re uzun zamandan beri Amerika&#8217;n\u0131n m\u00fcttefiki NATO \u00fcyesi ve M\u00fcsl\u00fcman demokrasinin \u00f6rne\u011fi T\u00fcrkiye, d\u00fcnyadaki en bask\u0131c\u0131 \u00fclke gibi g\u00f6r\u00fcn\u00fcyor\u201d yorumunu yaparak, T\u00fcrkiye\u2019deki verilere g\u00f6re 94 gazetecinin i\u015fini yapt\u0131\u011f\u0131 i\u00e7in tutuklu oldu\u011funu belirtti.<\/p>\n<p style=\"text-align: justify;\">\u201cTutuklamalar, T\u00fcrkiye\u2019de gazeteciler aras\u0131nda ya da Ba\u015fbakan Recep Tayyip Erdo\u011fan h\u00fck\u00fcmetini ele\u015ftirmeyi d\u00fc\u015f\u00fcnen herkes i\u00e7in s\u0131ra d\u0131\u015f\u0131 bir korku iklimi yaratt\u0131\u201d diyen Filkins, yak\u0131n zamanda yapt\u0131\u011f\u0131 T\u00fcrkiye ziyaretinde, bir\u00e7ok gazeteci edit\u00f6rlerinin kendilerine Erdo\u011fan\u2019\u0131 ele\u015ftirmemelerini s\u00f6ylediklerini belirtti.<\/p>\n<p style=\"text-align: justify;\">Dexter Filkins yaz\u0131s\u0131nda \u015fu ifadeler yer ald\u0131: \u201cBu konuyu T\u00fcrk yetkililerin \u00f6n\u00fcne koydu\u011funuz zaman \u00e7ok uza\u011fa gitmezsiniz. Ge\u00e7en ay D\u0131\u015fi\u015fleri Bakan\u0131 Ahmet Davuto\u011flu&#8217;na i\u00e7 bask\u0131lar konusunu a\u00e7t\u0131\u011f\u0131mda, sinirli bir ses tonuyla h\u00fck\u00fcmetinin bundan sorumlu olmad\u0131\u011f\u0131n\u0131 s\u00f6yledi. Ba\u015fbakan\u2019\u0131n dan\u0131\u015fman\u0131 \u0130brahim Kal\u0131n, tutuklanan gazetecilerin \u00e7o\u011funun gazeteci olmad\u0131\u011f\u0131n\u0131 ancak ter\u00f6rist ya da su\u00e7lu olduklar\u0131n\u0131 anlatt\u0131 ve \u2018Sadece bas\u0131n kart\u0131n\u0131z olmas\u0131 gazeteci oldu\u011funuz anlam\u0131na gelmez\u2019 dedi.\u201d<\/p>\n<p style=\"text-align: justify;\"><a href=\"http:\/\/www.cumhuriyet.com.tr\/?hn=321342\" target=\"_blank\">Kaynak : Cumhuriyet Haber Portal\u0131<\/a><\/p>\n","protected":false},"excerpt":{"rendered":"<p style=\"text-align: center;\">\n<p style=\"text-align: justify;\">New Yorker Dergisi, &#8220;Tutuklamalar T\u00fcrkiye\u2019de Erdo\u011fan h\u00fck\u00fcmetini ele\u015ftirmeyi d\u00fc\u015f\u00fcnen herkes i\u00e7in s\u0131ra d\u0131\u015f\u0131 bir korku iklimi yaratt\u0131\u201d diye yazd\u0131.<\/p>\n<p style=\"text-align: justify;\">\u0130stanbul- New Yorker Dergisi, \u201cSadece tutukluluklar a\u00e7\u0131s\u0131ndan T\u00fcrkiye, d\u00fcnyadaki en bask\u0131c\u0131 \u00fclke gibi g\u00f6r\u00fcn\u00fcyor. Tutuklamalar T\u00fcrkiye\u2019de gazeteciler aras\u0131nda yada Ba\u015fbakan Recep Tayyip Erdo\u011fan h\u00fck\u00fcmetini ele\u015ftirmeyi d\u00fc\u015f\u00fcnen herkes i\u00e7in s\u0131ra <\/p>\n","protected":false},"author":1,"featured_media":0,"comment_status":"open","ping_status":"open","sticky":false,"template":"","format":"standard","meta":{"footnotes":""},"categories":[105],"tags":[],"class_list":["post-49384","post","type-post","status-publish","format-standard","hentry","category-gundem","odd"],"_links":{"self":[{"href":"http:\/\/www.korhanyilmaz.com\/index.php?rest_route=\/wp\/v2\/posts\/49384","targetHints":{"allow":["GET"]}}],"collection":[{"href":"http:\/\/www.korhanyilmaz.com\/index.php?rest_route=\/wp\/v2\/posts"}],"about":[{"href":"http:\/\/www.korhanyilmaz.com\/index.php?rest_route=\/wp\/v2\/types\/post"}],"author":[{"embeddable":true,"href":"http:\/\/www.korhanyilmaz.com\/index.php?rest_route=\/wp\/v2\/users\/1"}],"replies":[{"embeddable":true,"href":"http:\/\/www.korhanyilmaz.com\/index.php?rest_route=%2Fwp%2Fv2%2Fcomments&post=49384"}],"version-history":[{"count":0,"href":"http:\/\/www.korhanyilmaz.com\/index.php?rest_route=\/wp\/v2\/posts\/49384\/revisions"}],"wp:attachment":[{"href":"http:\/\/www.korhanyilmaz.com\/index.php?rest_route=%2Fwp%2Fv2%2Fmedia&parent=49384"}],"wp:term":[{"taxonomy":"category","embeddable":true,"href":"http:\/\/www.korhanyilmaz.com\/index.php?rest_route=%2Fwp%2Fv2%2Fcategories&post=49384"},{"taxonomy":"post_tag","embeddable":true,"href":"http:\/\/www.korhanyilmaz.com\/index.php?rest_route=%2Fwp%2Fv2%2Ftags&post=49384"}],"curies":[{"name":"wp","href":"https:\/\/api.w.org\/{rel}","templated":true}]}}