{"id":49371,"date":"2012-03-10T13:38:42","date_gmt":"2012-03-10T11:38:42","guid":{"rendered":"http:\/\/www.korhanyilmaz.com\/?p=49371"},"modified":"2012-03-10T22:24:29","modified_gmt":"2012-03-10T20:24:29","slug":"ahmet-altan-kirli-iktidarlar-toplumu-da-kirletir","status":"publish","type":"post","link":"http:\/\/www.korhanyilmaz.com\/?p=49371","title":{"rendered":"Ahmet Altan: Kirli iktidarlar toplumu da kirletir"},"content":{"rendered":"<p style=\"text-align: center;\"><a href=\"http:\/\/www.korhanyilmaz.com\/wp-content\/uploads\/2012\/03\/9113.jpg\"  class=\"lightview\"><img loading=\"lazy\" decoding=\"async\" class=\"aligncenter  wp-image-49372\" src=\"http:\/\/www.korhanyilmaz.com\/wp-content\/uploads\/2012\/03\/9113.jpg\" alt=\"\" width=\"372\" height=\"186\" \/><\/a><\/p>\n<p style=\"text-align: justify;\">Ahmet Altan, Ba\u015fbakan&#8217;\u0131n a\u00e7t\u0131\u011f\u0131 tazminat davas\u0131n\u0131n ard\u0131ndan, Ba\u015fbakan&#8217;\u0131 sert bir dille ele\u015ftirdi.<\/p>\n<p><span style=\"font-size: medium;\">Ahmet Altan<\/span><\/p>\n<p><span style=\"font-size: small;\">(Taraf &#8211; 10 Mart 2012)<\/span><\/p>\n<p style=\"text-align: justify;\"><strong>Y\u00fcz Y\u0131ll\u0131k Sessizlik\u00a0<\/strong><\/p>\n<p style=\"text-align: justify;\">Osmanl\u0131\u2019da padi\u015fahlar ele\u015ftirilemezdi, \u00f6nceleri ele\u015ftirenleri bo\u011fdururlard\u0131, sonralar\u0131 biraz daha yumu\u015fad\u0131lar sadece s\u00fcrg\u00fcne g\u00f6ndermeye ba\u015flad\u0131lar.<\/p>\n<p style=\"text-align: justify;\">\u0130ttihat\u00e7\u0131lar da ele\u015ftirilemezdi, onlar, ele\u015ftirenleri sokakta vurdururlard\u0131.<!--more--><\/p>\n<p style=\"text-align: justify;\">Atat\u00fcrk de ele\u015ftirilemezdi, o cumhuriyet\u00e7i oldu\u011fu i\u00e7in \u0130ttihat\u00e7\u0131lardan da son d\u00f6nem padi\u015fahlar\u0131ndan daha h\u0131zl\u0131 \u00e7\u0131km\u0131\u015ft\u0131, ele\u015ftirenleri \u0130stiklal Mahkemesi tarikiyle sehpaya g\u00f6nderiverirdi; tarih\u00e7iler benden daha iyi bilir ya, benim bildi\u011fim Atat\u00fcrk\u2019\u00fcn \u00f6ld\u00fcrtt\u00fc\u011f\u00fc adam say\u0131s\u0131 Abd\u00fclhamit\u2019in \u00f6ld\u00fcrtt\u00fcklerinden \u00e7ok daha fazlad\u0131r.<\/p>\n<p style=\"text-align: justify;\">\u0130smet Pa\u015fa da ele\u015ftirilemezdi.<\/p>\n<p style=\"text-align: justify;\">Demokrat Parti iktidar\u0131n\u0131n ilk ba\u015flar\u0131nda ele\u015ftirilebilirdi, ne de olsa \u201cdemokrasi\u201d gelmi\u015fti, son d\u00f6nemlerinde onlar da ele\u015ftirenleri hapsetmeye koyuldular.<\/p>\n<p style=\"text-align: justify;\">27 May\u0131s\u2019tan sonra generallerin d\u00f6nemi ba\u015flad\u0131.<\/p>\n<p style=\"text-align: justify;\">Ordu t\u00fcm\u00fcyle ele\u015ftiri d\u0131\u015f\u0131 b\u0131rak\u0131ld\u0131.<\/p>\n<p style=\"text-align: justify;\">\u015eimdi \u201cele\u015ftirilmeme\u201d s\u0131ras\u0131 AKP h\u00fck\u00fcmetinde, ilk ba\u015flarda \u00e7ok ele\u015ftirildiler, \u015fimdi medya eski al\u0131\u015fkanl\u0131\u011f\u0131na d\u00f6nd\u00fc.<\/p>\n<p style=\"text-align: justify;\">Art\u0131k kimseyi asm\u0131yorlar ama san\u0131r\u0131m bu sefer konu \u201cpara\u201d, bir k\u0131sm\u0131 yeni d\u00f6nemde kazand\u0131\u011f\u0131 paradan vazge\u00e7mek istemiyor, bir k\u0131sm\u0131 da h\u00fck\u00fcmeti ele\u015ftirirse \u00e7e\u015fitli bi\u00e7imlerde para kaybedece\u011finden korkuyor.<\/p>\n<p style=\"text-align: justify;\">Bug\u00fcn ya\u015fad\u0131klar\u0131m\u0131z ortada.<\/p>\n<p style=\"text-align: justify;\">Devlet da\u011f\u0131lm\u0131\u015f durumda.<\/p>\n<p style=\"text-align: justify;\">H\u00e2l\u00e2 insanlar aras\u0131nda e\u015fitlik kurulamam\u0131\u015f.<\/p>\n<p style=\"text-align: justify;\">Hepsini tek tek s\u00f6ylemeye gerek yok, neler ya\u015fand\u0131\u011f\u0131n\u0131 hepimiz biliyoruz i\u015fte.<\/p>\n<p style=\"text-align: justify;\">Bu durum, \u201cy\u00fcz y\u0131ll\u0131k sessizli\u011fin\u201d sonucu.<\/p>\n<p style=\"text-align: justify;\">Ele\u015ftiri, iktidarlar\u0131n suyu sabunudur, ele\u015ftiri olmad\u0131 m\u0131 iktidarlar kirlenir.<\/p>\n<p style=\"text-align: justify;\">Kirli iktidarlar toplumu da kirletir.<\/p>\n<p style=\"text-align: justify;\">Yapt\u0131klar\u0131n\u0131n hi\u00e7bir ele\u015ftiri ve tepkiyle kar\u015f\u0131la\u015fmamas\u0131 iktidarlarda her \u015feyi yapabilecekleri duygusu yarat\u0131r, her \u015feyi yapabilece\u011fine inanan da her \u015feyi yapmaya kalkar.<\/p>\n<p style=\"text-align: justify;\">Sonunda da ortal\u0131k karmakar\u0131\u015f\u0131k olur.<\/p>\n<p style=\"text-align: justify;\">\u015eu anda da ciddi bir kirlenme d\u00f6neminden ge\u00e7iyoruz.<\/p>\n<p style=\"text-align: justify;\">Sessizlik, kirlili\u011fi her g\u00fcn artt\u0131r\u0131yor.<\/p>\n<p style=\"text-align: justify;\">\u0130ktidar sessizli\u011fe o kadar al\u0131\u015ft\u0131 ki ses \u00e7\u0131kan birini g\u00f6r\u00fcnce Ba\u015fbakan hemen hakaret etmeye yelteniyor, cevab\u0131n\u0131 al\u0131nca da mahkemeye ko\u015fuyor.<\/p>\n<p style=\"text-align: justify;\">Genellikle ben kimseye dava a\u00e7mam ama Ba\u015fbakan bizim hakk\u0131m\u0131zda dava a\u00e7maya fazla al\u0131\u015ft\u0131, iki de bir de bizi savc\u0131l\u0131\u011fa \u00e7a\u011f\u0131r\u0131yorlar, onun i\u00e7in bu sefer biz de onun i\u00e7in dava a\u00e7t\u0131rd\u0131k.<\/p>\n<p style=\"text-align: justify;\">Ba\u015fbakan\u2019\u0131n b\u00f6yle ba\u011f\u0131r\u0131p \u00e7a\u011f\u0131rmas\u0131, davalar a\u00e7mas\u0131, her t\u00fcrl\u00fc ele\u015ftiriyi kendine y\u00f6nelik bir \u201coperasyon\u201d sanmas\u0131 \u00e7ok tutarl\u0131 bir ruh halinin i\u015fareti de\u011fil.<\/p>\n<p style=\"text-align: justify;\">Bize \u201cbu h\u00fck\u00fcmeti d\u00fc\u015f\u00fcr\u00fcrseniz yerine kim gelecek\u201d diyorlar, birincisi bizim h\u00fck\u00fcmetler devirecek, onun yerine ba\u015fka bir partiyi getirecek bir g\u00fcc\u00fcm\u00fcz Allaha \u015f\u00fck\u00fcr ki yok; ikincisi haber yaparken bir gazeteyi kimin gidip kimin gelece\u011fi hi\u00e7 ilgilendirmez; \u00fc\u00e7\u00fcnc\u00fcs\u00fc bir gazete h\u00fck\u00fcmet deviremez, sadece \u201ch\u00fck\u00fcmetin devrilmesini gerektiren\u201d bir durum varsa onu ortaya \u00e7\u0131kar\u0131r.<\/p>\n<p style=\"text-align: justify;\">H\u00fck\u00fcmetler gazeteler y\u00fcz\u00fcnden de\u011fil, kendi yapt\u0131klar\u0131 hatalar y\u00fcz\u00fcnden devrilirler.<\/p>\n<p style=\"text-align: justify;\">Zaten, gazeteler Cumhuriyet tarihi boyunca b\u00f6yle bin bir hesap y\u00fcz\u00fcnden y\u00f6netimlerin o hatalar\u0131n\u0131 ortaya \u00e7\u0131karmad\u0131\u011f\u0131 i\u00e7in bu \u00fclke b\u00f6yle oldu, o hatalar b\u00fcy\u00fcd\u00fck\u00e7e b\u00fcy\u00fcd\u00fc, \u00fcst \u00fcste bindi, sonunda i\u00e7inden \u00e7\u0131k\u0131lamaz hale geldi.<\/p>\n<p style=\"text-align: justify;\">12 Eyl\u00fcl\u2019de Diyarbak\u0131r cezaevinde olanlar kar\u015f\u0131s\u0131nda medya aya\u011fa kalksayd\u0131 K\u00fcrt meselesi bu hale gelir miydi; ilk faili me\u00e7hulde medya olay\u0131n \u00fcst\u00fcne gitseydi bu \u00fclkede on yedi bin ki\u015fi vurulur, topraklardan kemik f\u0131\u015fk\u0131r\u0131r m\u0131yd\u0131; 33 asker \u00f6ld\u00fcr\u00fcld\u00fc\u011f\u00fcnde medya facian\u0131n ger\u00e7eklerini a\u00e7\u0131klasayd\u0131 bar\u0131\u015f b\u00f6ylesine uza\u011f\u0131m\u0131za d\u00fc\u015fer miydi; 28 \u015eubat\u2019ta medya itiraz etseydi insanlar b\u00f6yle ac\u0131 \u00e7eker, bankalar b\u00f6yle soyulur muydu?<\/p>\n<p style=\"text-align: justify;\">Bug\u00fcn de durum pek farkl\u0131 de\u011fil, siz Ba\u015fbakan\u2019\u0131n ba\u015fdan\u0131\u015fman\u0131n\u0131 bir Amerikan istihbarat kurulu\u015funun \u201c\u00f6nemli kaynak\u201d olarak de\u011ferlendirmesini \u00f6nemsemezseniz, Ba\u015fbakanl\u0131k\u2019tan o kurulu\u015fa istihbarat gitti\u011fi iddias\u0131n\u0131 do\u011fal kar\u015f\u0131larsan\u0131z bunun sonucu ne olur?<\/p>\n<p style=\"text-align: justify;\">O ba\u015fdan\u0131\u015fman\u0131n twitter\u2019daki canh\u0131ra\u015f feryatlar\u0131 tabii akla daha ba\u015fka ve daha ciddi bir soru getiriyor.<\/p>\n<p style=\"text-align: justify;\">Acaba o adamca\u011f\u0131z bunu tek ba\u015f\u0131na yapmad\u0131 m\u0131?<\/p>\n<p style=\"text-align: justify;\">Birisi ona emir mi verdi bunu yapmas\u0131 i\u00e7in?<\/p>\n<p style=\"text-align: justify;\">O emri veren kim?<\/p>\n<p style=\"text-align: justify;\">Bir yabanc\u0131 istihbarat kurulu\u015funa \u201cistihbarat kayna\u011f\u0131\u201d olmay\u0131 bile sorgulamad\u0131\u011f\u0131n\u0131z zaman art\u0131k ba\u015fka hi\u00e7bir \u015feyi sorgulamazs\u0131n\u0131z ve iktidar hi\u00e7bir konuda asla sorgulanmayaca\u011f\u0131na emin olur.<\/p>\n<p style=\"text-align: justify;\">Bizim ordu bu g\u00fcvenle \u00e7\u00f6kt\u00fc i\u015fte, bu g\u00fcvenle \u015fike bask\u0131nlar ayarlad\u0131, bu g\u00fcvenle h\u00fck\u00fcmetler hakk\u0131nda and\u0131\u00e7lar d\u00fczenledi ve sonunda askerli\u011fi unuttu.<\/p>\n<p style=\"text-align: justify;\">E\u011fer bug\u00fcnk\u00fc h\u00fck\u00fcmete de bu sa\u011fl\u0131ks\u0131z g\u00fcveni sessizli\u011finizle a\u015f\u0131larsan\u0131z, ordudan beter olur onun hali.<\/p>\n<p style=\"text-align: justify;\">Uludere katliam\u0131 hakk\u0131nda h\u00e2l\u00e2 bir a\u00e7\u0131klama yap\u0131lmad\u0131\u011f\u0131n\u0131 unutmay\u0131n; bu \u00fclkenin hem bug\u00fcnk\u00fc hem de gelecekteki ba\u015fbakanlar\u0131na yarg\u0131n\u0131n \u00fcst\u00fcne \u00e7\u0131kan yetkiler verildi\u011fini unutmay\u0131n; Dink\u2019in ger\u00e7ek katillerinin yakalanmad\u0131\u011f\u0131n\u0131 unutmay\u0131n.<\/p>\n<p style=\"text-align: justify;\">Bu sessizli\u011finiz size para kazand\u0131r\u0131yor olabilir.<\/p>\n<p style=\"text-align: justify;\">Ama o paray\u0131 harcayacak huzurlu ve g\u00fcvenli bir \u00fclkeniz olmaz.<\/p>\n<p style=\"text-align: justify;\">Ha, \u201cba\u015fka yerlerde yerim param\u0131\u201d diyorsan\u0131z, bak\u0131n ona bir cevab\u0131m yok, Stratfor size bir yerlerde bir \u015feyler ayarlar.<\/p>\n<p style=\"text-align: justify;\"><a href=\"http:\/\/t24.com.tr\/haber\/ahmet-altan-kirli-iktidarlar-toplumu-da-kirletir\/198995\" target=\"_blank\">Kaynak : T24<\/a><\/p>\n","protected":false},"excerpt":{"rendered":"<p style=\"text-align: center;\">\n<p style=\"text-align: justify;\">Ahmet Altan, Ba\u015fbakan&#8217;\u0131n a\u00e7t\u0131\u011f\u0131 tazminat davas\u0131n\u0131n ard\u0131ndan, Ba\u015fbakan&#8217;\u0131 sert bir dille ele\u015ftirdi.<\/p>\n<p>Ahmet Altan<\/p>\n<p>(Taraf &#8211; 10 Mart 2012)<\/p>\n<p style=\"text-align: justify;\">Y\u00fcz Y\u0131ll\u0131k Sessizlik <\/p>\n<p style=\"text-align: justify;\">Osmanl\u0131\u2019da padi\u015fahlar ele\u015ftirilemezdi, \u00f6nceleri ele\u015ftirenleri bo\u011fdururlard\u0131, sonralar\u0131 biraz daha yumu\u015fad\u0131lar sadece s\u00fcrg\u00fcne g\u00f6ndermeye ba\u015flad\u0131lar.<\/p>\n<p style=\"text-align: justify;\">\u0130ttihat\u00e7\u0131lar da ele\u015ftirilemezdi, onlar, ele\u015ftirenleri sokakta vurdururlard\u0131.<\/p>\n","protected":false},"author":1,"featured_media":0,"comment_status":"open","ping_status":"open","sticky":false,"template":"","format":"standard","meta":{"footnotes":""},"categories":[105,16],"tags":[],"class_list":["post-49371","post","type-post","status-publish","format-standard","hentry","category-gundem","category-kose-yazilari","odd"],"_links":{"self":[{"href":"http:\/\/www.korhanyilmaz.com\/index.php?rest_route=\/wp\/v2\/posts\/49371","targetHints":{"allow":["GET"]}}],"collection":[{"href":"http:\/\/www.korhanyilmaz.com\/index.php?rest_route=\/wp\/v2\/posts"}],"about":[{"href":"http:\/\/www.korhanyilmaz.com\/index.php?rest_route=\/wp\/v2\/types\/post"}],"author":[{"embeddable":true,"href":"http:\/\/www.korhanyilmaz.com\/index.php?rest_route=\/wp\/v2\/users\/1"}],"replies":[{"embeddable":true,"href":"http:\/\/www.korhanyilmaz.com\/index.php?rest_route=%2Fwp%2Fv2%2Fcomments&post=49371"}],"version-history":[{"count":0,"href":"http:\/\/www.korhanyilmaz.com\/index.php?rest_route=\/wp\/v2\/posts\/49371\/revisions"}],"wp:attachment":[{"href":"http:\/\/www.korhanyilmaz.com\/index.php?rest_route=%2Fwp%2Fv2%2Fmedia&parent=49371"}],"wp:term":[{"taxonomy":"category","embeddable":true,"href":"http:\/\/www.korhanyilmaz.com\/index.php?rest_route=%2Fwp%2Fv2%2Fcategories&post=49371"},{"taxonomy":"post_tag","embeddable":true,"href":"http:\/\/www.korhanyilmaz.com\/index.php?rest_route=%2Fwp%2Fv2%2Ftags&post=49371"}],"curies":[{"name":"wp","href":"https:\/\/api.w.org\/{rel}","templated":true}]}}