{"id":49367,"date":"2012-03-10T08:09:01","date_gmt":"2012-03-10T06:09:01","guid":{"rendered":"http:\/\/www.korhanyilmaz.com\/?p=49367"},"modified":"2012-03-10T22:12:06","modified_gmt":"2012-03-10T20:12:06","slug":"savcilar-danistaya-gidebilir","status":"publish","type":"post","link":"http:\/\/www.korhanyilmaz.com\/?p=49367","title":{"rendered":"Savc\u0131lar Dan\u0131\u015ftay\u2019a gidebilir"},"content":{"rendered":"<p style=\"text-align: center;\"><a href=\"http:\/\/www.korhanyilmaz.com\/wp-content\/uploads\/2012\/03\/9112.jpg\"  class=\"lightview\"><img loading=\"lazy\" decoding=\"async\" class=\"aligncenter  wp-image-49368\" src=\"http:\/\/www.korhanyilmaz.com\/wp-content\/uploads\/2012\/03\/9112.jpg\" alt=\"\" width=\"364\" height=\"204\" \/><\/a><\/p>\n<p style=\"text-align: justify;\">Ba\u015fbakan Erdo\u011fan\u2019\u0131n 45 g\u00fcn i\u00e7inde bir bildirimde bulunmamas\u0131 halinde M\u0130T Kanunu\u2019nda s\u00fcre belirtilmemesine ra\u011fmen, savc\u0131lar\u0131n genel h\u00fck\u00fcmler uyar\u0131nca Dan\u0131\u015ftay\u2019a soru\u015fturma izni konusunda ba\u015fvurabilece\u011fi belirtiliyor.<\/p>\n<p style=\"text-align: justify;\">\u00d6zel Yetkili \u0130stanbul Cumhuriyet Ba\u015fsavc\u0131vekilli\u011fi\u2019nin, KCK soru\u015fturmas\u0131 kapsam\u0131nda M\u0130T M\u00fcste\u015far\u0131 Hakan Fidan\u2019\u0131n da aralar\u0131nda bulundu\u011fu M\u0130T g\u00f6revlileri hakk\u0131nda soru\u015fturma izni istemesinin ard\u0131ndan g\u00f6zler Ba\u015fbakan Recep Tayyip Erdo\u011fan\u2019a \u00e7evrildi. Erdo\u011fan\u2019\u0131n, soru\u015fturma izninin Ba\u015fbakanl\u0131k\u2019a ula\u015ft\u0131\u011f\u0131 g\u00fcnden sonra 45 g\u00fcn i\u00e7inde bir bildirimde bulunmamas\u0131 halinde, M\u0130T Kanunu\u2019nda s\u00fcre belirtilmemesine ra\u011fmen, savc\u0131lar\u0131n genel h\u00fck\u00fcmler uyar\u0131nca Dan\u0131\u015ftay\u2019a soru\u015fturma izni konusunda ba\u015fvurabilece\u011fi belirtiliyor.<!--more--><\/p>\n<p style=\"text-align: justify;\">M\u0130T M\u00fcste\u015far\u0131 Hakan Fidan\u2019\u0131n da bulundu\u011fu 5 M\u0130T mensubu hakk\u0131nda soru\u015fturma izni istenmesinin ard\u0131ndan g\u00f6zler Ba\u015fbakanl\u0131k\u2019a \u00e7evrildi. \u0130stanbul \u00d6zel Yetkili Ba\u015fsavc\u0131vekilli\u011fi\u2019nin M\u0130T mensuplar\u0131n\u0131 ifadeye \u00e7a\u011f\u0131rmas\u0131n\u0131n ard\u0131ndan M\u0130T Kanunu\u2019na, ter\u00f6r su\u00e7lar\u0131ndan bile Ba\u015fbakan\u2019\u0131n izniyle soru\u015fturulabilecekleri eklenmi\u015fti. Kanunda, soru\u015fturma izninin verilip verilmemesi konusundaki inceleme s\u00fcresi konusunda ise bir h\u00fck\u00fcm konulmam\u0131\u015ft\u0131.<\/p>\n<p style=\"text-align: justify;\"><strong>Z\u0131mni ret<\/strong><\/p>\n<p style=\"text-align: justify;\">Buna g\u00f6re, Ba\u015fbakanl\u0131k soru\u015fturma izni verirse, \u00f6zel yetkili \u0130stanbul Cumhuriyet Ba\u015fsavc\u0131vekilli\u011fi M\u0130T mensuplar\u0131yla ilgili soru\u015fturmaya devam edecek. \u0130zin verilmemesi halinde savc\u0131l\u0131k, Ba\u015fbakanl\u0131k karar\u0131n\u0131 iptali i\u00e7in Dan\u0131\u015ftay\u2019a g\u00f6t\u00fcrebilecek.<\/p>\n<p style=\"text-align: justify;\">M\u0130T Kanunu\u2019nda s\u00fcre belirtilmemesi nedeniyle Ba\u015fbakan\u2019\u0131n, k\u0131sa vadede talebe yan\u0131t vermeyebilece\u011fi de belirtiliyor. Ancak \u0130dari Yarg\u0131lama Usul\u00fc Kanunu\u2019na g\u00f6re 60, Memurlar ve Di\u011fer Kamu G\u00f6revlilerinin Yarg\u0131lanmas\u0131 Hakk\u0131nda Kanun\u2019a g\u00f6re ise bir kerelik uzatma ile birlikte 45 g\u00fcn i\u00e7inde idarenin kamu g\u00f6revlileri hakk\u0131ndaki izin taleplerini yan\u0131tlamas\u0131 zorunlulu\u011fu bulunuyor. Yan\u0131t verilmemesinin de talebin z\u0131mnen reddi anlam\u0131na gelece\u011fi kural\u0131 kanunlarda yer al\u0131yor. Bu nedenle, kamu g\u00f6revlisi olan M\u0130T mensuplar\u0131 hakk\u0131nda, savc\u0131l\u0131\u011f\u0131n 45 g\u00fcn i\u00e7inde yan\u0131t alamamas\u0131 halinde, bunu talebin reddi olarak yorumlay\u0131p Dan\u0131\u015ftay\u2019a karar\u0131n iptali i\u00e7in dava a\u00e7abilecekleri kaydediliyor. Dan\u0131\u015ftay, bu g\u00f6r\u00fc\u015f\u00fc yerinde bulur ve karar\u0131 iptal ederse, savc\u0131lar\u0131n da soru\u015fturmaya devam etme haklar\u0131 olacak.<\/p>\n<p style=\"text-align: justify;\"><strong>BA\u015eBAKAN RECEP TAYY\u0130P ERDO\u011eAN:<\/strong><\/p>\n<p style=\"text-align: justify;\"><strong>Kanunda her \u015fey net<\/strong><\/p>\n<p style=\"text-align: justify;\">Ba\u015fbakan Recep Tayyip Erdo\u011fan, baz\u0131 M\u0130T g\u00f6revlilerinin ifadelerinin al\u0131nmas\u0131 i\u00e7in savc\u0131l\u0131k\u00e7a talepte bulunulmas\u0131 konusunda d\u00fcn Ensar Vakf\u0131 Genel Merkezi\u2019ni ziyaretinden sonra gazetecilerin sorular\u0131n\u0131 yan\u0131tlad\u0131. Gazetecilerin, \u201cSavc\u0131l\u0131k M\u0130T m\u00fcste\u015far\u0131n\u0131n yarg\u0131lanmas\u0131 i\u00e7in izin istedi\u201d s\u00f6zleri \u00fczerine Erdo\u011fan, \u201dOnunla ilgili kanun var biliyorsunuz. Kanunu okursan\u0131z orada her \u015fey a\u00e7\u0131k ve nettir\u201d diye konu\u015ftu.<\/p>\n<p style=\"text-align: justify;\"><strong>CHP L\u0130DER\u0130 KEMAL KILI\u00c7DARO\u011eLU:<\/strong><\/p>\n<p style=\"text-align: justify;\"><strong>\u2018Olay Ba\u015fbakan\u2019a ula\u015facak\u2019<\/strong><\/p>\n<p style=\"text-align: justify;\">CHP Genel Ba\u015fkan\u0131 Kemal K\u0131l\u0131\u00e7daro\u011flu, \u201cOlay ba\u015fbakana ula\u015facak. Erdo\u011fan\u2019\u0131n \u2018Se\u00e7ilmi\u015fi atanm\u0131\u015fa kul etmeyiz\u2019 s\u00f6zlerinin de nedeni bu. Bana, o kanaldan bana ula\u015famazs\u0131n\u0131z diyor. Se\u00e7ilmi\u015f kim? Ba\u015fbakan. Milletvekiline sa\u011flanmayan bir olanak bir b\u00fcrokrata sa\u011flan\u0131yor. Bu olmaz. Ba\u015fbakan\u2019a \u00e7ete kurma yetkisi veriliyor. \u00c7\u00fcnk\u00fc sadece M\u0130T g\u00f6revlileri i\u00e7in de\u011fil bu, Ba\u015fbakan\u2019\u0131n \u00f6zel olarak g\u00f6revlendirdi\u011fi kamu g\u00f6revlileri i\u00e7in\u201d dedi.<\/p>\n<p style=\"text-align: justify;\"><a href=\"http:\/\/siyaset.milliyet.com.tr\/savcilar-danistay-a-gidebilir\/siyaset\/siyasetdetay\/10.03.2012\/1513439\/default.htm?ref=OtherNews\" target=\"_blank\">Kaynak : Milliyet.com.tr<\/a><\/p>\n","protected":false},"excerpt":{"rendered":"<p style=\"text-align: center;\">\n<p style=\"text-align: justify;\">Ba\u015fbakan Erdo\u011fan\u2019\u0131n 45 g\u00fcn i\u00e7inde bir bildirimde bulunmamas\u0131 halinde M\u0130T Kanunu\u2019nda s\u00fcre belirtilmemesine ra\u011fmen, savc\u0131lar\u0131n genel h\u00fck\u00fcmler uyar\u0131nca Dan\u0131\u015ftay\u2019a soru\u015fturma izni konusunda ba\u015fvurabilece\u011fi belirtiliyor.<\/p>\n<p style=\"text-align: justify;\">\u00d6zel Yetkili \u0130stanbul Cumhuriyet Ba\u015fsavc\u0131vekilli\u011fi\u2019nin, KCK soru\u015fturmas\u0131 kapsam\u0131nda M\u0130T M\u00fcste\u015far\u0131 Hakan Fidan\u2019\u0131n da aralar\u0131nda bulundu\u011fu M\u0130T g\u00f6revlileri hakk\u0131nda soru\u015fturma izni istemesinin ard\u0131ndan g\u00f6zler Ba\u015fbakan <\/p>\n","protected":false},"author":1,"featured_media":0,"comment_status":"open","ping_status":"open","sticky":false,"template":"","format":"standard","meta":{"footnotes":""},"categories":[105],"tags":[],"class_list":["post-49367","post","type-post","status-publish","format-standard","hentry","category-gundem","odd"],"_links":{"self":[{"href":"http:\/\/www.korhanyilmaz.com\/index.php?rest_route=\/wp\/v2\/posts\/49367","targetHints":{"allow":["GET"]}}],"collection":[{"href":"http:\/\/www.korhanyilmaz.com\/index.php?rest_route=\/wp\/v2\/posts"}],"about":[{"href":"http:\/\/www.korhanyilmaz.com\/index.php?rest_route=\/wp\/v2\/types\/post"}],"author":[{"embeddable":true,"href":"http:\/\/www.korhanyilmaz.com\/index.php?rest_route=\/wp\/v2\/users\/1"}],"replies":[{"embeddable":true,"href":"http:\/\/www.korhanyilmaz.com\/index.php?rest_route=%2Fwp%2Fv2%2Fcomments&post=49367"}],"version-history":[{"count":0,"href":"http:\/\/www.korhanyilmaz.com\/index.php?rest_route=\/wp\/v2\/posts\/49367\/revisions"}],"wp:attachment":[{"href":"http:\/\/www.korhanyilmaz.com\/index.php?rest_route=%2Fwp%2Fv2%2Fmedia&parent=49367"}],"wp:term":[{"taxonomy":"category","embeddable":true,"href":"http:\/\/www.korhanyilmaz.com\/index.php?rest_route=%2Fwp%2Fv2%2Fcategories&post=49367"},{"taxonomy":"post_tag","embeddable":true,"href":"http:\/\/www.korhanyilmaz.com\/index.php?rest_route=%2Fwp%2Fv2%2Ftags&post=49367"}],"curies":[{"name":"wp","href":"https:\/\/api.w.org\/{rel}","templated":true}]}}