{"id":49364,"date":"2012-03-01T08:04:11","date_gmt":"2012-03-01T06:04:11","guid":{"rendered":"http:\/\/www.korhanyilmaz.com\/?p=49364"},"modified":"2012-03-10T20:46:35","modified_gmt":"2012-03-10T18:46:35","slug":"a-be-kozi-sarkozi-acemisin-acemi","status":"publish","type":"post","link":"http:\/\/www.korhanyilmaz.com\/?p=49364","title":{"rendered":"a be kozi sarkozi acemisin acemi&#8230;"},"content":{"rendered":"<div id=\"attachment_37365\" style=\"width: 115px\" class=\"wp-caption alignright\"><img loading=\"lazy\" decoding=\"async\" aria-describedby=\"caption-attachment-37365\" class=\" wp-image-37365 \" title=\"Y\u0131lmaz \u00d6zdil - H\u00fcrriyet Gazetesi\" src=\"http:\/\/www.korhanyilmaz.com\/wp-content\/uploads\/2011\/07\/257.jpg\" alt=\"\" width=\"105\" height=\"112\" \/><p id=\"caption-attachment-37365\" class=\"wp-caption-text\">Y\u0131lmaz \u00d6zdil<\/p><\/div>\n<p style=\"text-align: justify;\"><strong>M\u00f6sy\u00f6 Sarkozi&#8230;<\/strong><\/p>\n<p style=\"text-align: justify;\">En \u00e7ok oyu ben ald\u0131\u011f\u0131ma g\u00f6re, memleket de benim zannetseydi&#8230;<\/p>\n<p>Kafas\u0131na g\u00f6re \u00e7\u0131kard\u0131\u011f\u0131 yamuk kanunlar\u0131 d\u00fczelten y\u00fcksek yarg\u0131y\u0131 yamultmaya \u00e7al\u0131\u015fsayd\u0131&#8230;<\/p>\n<p>\u0130tiraz edeni darbeci ilan edip, bitaraf olan\u0131 bertaraf etseydi&#8230;<\/p>\n<p>Medyas\u0131nda maa\u015fa ba\u011flad\u0131\u011f\u0131 tiplere, yetmez ama \u015fahane \u00e7\u0131\u011fl\u0131klar\u0131 att\u0131rsayd\u0131&#8230;<\/p>\n<p>Hukuk&#8217;u hastaya&#8230;<!--more--><\/p>\n<p>Kendisini doktora&#8230;<\/p>\n<p>Referandumu re\u00e7eteye&#8230;<\/p>\n<p>Anayasa&#8217;y\u0131 hap&#8217;a benzetseydi&#8230;<\/p>\n<p>Ahali hap\u0131 yutsayd\u0131&#8230;<\/p>\n<p>E hastaya \u00e7orba da laz\u0131m&#8230; <strong>\u201cDomatesle patates birlikte olmazsa, lezzet olmaz\u201d <\/strong>diyerek, h\u00e2kimleri savc\u0131lar\u0131 ayr\u0131 ayr\u0131 ha\u015flay\u0131p, bir di\u015f m\u00fcste\u015far ilave etseydi,<br \/>\nDan\u0131\u015ftay&#8217;\u0131 kaz\u0131y\u0131p, p\u00fcre haline gelene kadar rendeleseydi, Yarg\u0131tay&#8217;\u0131n saplar\u0131n\u0131 ay\u0131klay\u0131p, saplar\u0131n yerine bir ba\u015f so\u011fan koysayd\u0131, Say\u0131\u015ftay&#8217;\u0131n \u00e7ekirdeklerini \u00e7\u0131kar\u0131p, ka\u015f\u0131\u011f\u0131n tersiyle ezseydi, Anayasa Mahkemesi&#8217;ni ya\u011flay\u0131p, k\u0131s\u0131k ate\u015fte pembele\u015fene kadar kar\u0131\u015ft\u0131rsayd\u0131, ak&#8217;la\u015fana kadar bolca unlay\u0131p, \u00fcniversite \u00f6\u011frencilerinin cebinde yakalanan yumurtalar\u0131 \u00e7\u0131rparak, terbiyesini verseydi&#8230;<\/p>\n<p>Biraz vefal\u0131 davran\u0131p, kendisiyle hukuku olan arkada\u015flar\u0131na sahip \u00e7\u0131ksayd\u0131, ba\u011f\u0131ms\u0131z yarg\u0131 kurumlar\u0131n\u0131n tepesine kanka&#8217;s\u0131n\u0131, canku\u015f&#8217;unu filan oturtsayd\u0131&#8230;<\/p>\n<p>Fransa&#8217;da hukuk\u00e7u kalmam\u0131\u015f gibi, en y\u00fcce mahkemenin ba\u015f\u0131na ekonomist getirseydi&#8230;<\/p>\n<p style=\"text-align: justify;\">*<\/p>\n<p>Yanm\u0131\u015ft\u0131k!<\/p>\n<p style=\"text-align: justify;\">*<\/p>\n<p>Allah&#8217;tan acemi&#8230;<\/p>\n<p>Can\u0131n\u0131n istedi\u011fini mahk\u00fbm etmeden \u00f6nce, hukuk&#8217;u guguk&#8217;a \u00e7evirmeyi ak\u0131l edemedi.<\/p>\n<p>Mersi bi nevi.<\/p>\n<p style=\"text-align: justify;\"><a href=\"http:\/\/hurarsiv.hurriyet.com.tr\/goster\/haber.aspx?id=20032257&amp;yazarid=249\" target=\"_blank\">Kaynak : H\u00fcrriyet<\/a><\/p>\n","protected":false},"excerpt":{"rendered":"<p id=\"caption-attachment-37365\" class=\"wp-caption-text\">Y\u0131lmaz \u00d6zdil<\/p>\n<p style=\"text-align: justify;\">M\u00f6sy\u00f6 Sarkozi&#8230;<\/p>\n<p style=\"text-align: justify;\">En \u00e7ok oyu ben ald\u0131\u011f\u0131ma g\u00f6re, memleket de benim zannetseydi&#8230;<\/p>\n<p>Kafas\u0131na g\u00f6re \u00e7\u0131kard\u0131\u011f\u0131 yamuk kanunlar\u0131 d\u00fczelten y\u00fcksek yarg\u0131y\u0131 yamultmaya \u00e7al\u0131\u015fsayd\u0131&#8230;<\/p>\n<p>\u0130tiraz edeni darbeci ilan edip, bitaraf olan\u0131 bertaraf etseydi&#8230;<\/p>\n<p>Medyas\u0131nda maa\u015fa ba\u011flad\u0131\u011f\u0131 tiplere, yetmez ama \u015fahane \u00e7\u0131\u011fl\u0131klar\u0131 att\u0131rsayd\u0131&#8230;<\/p>\n<p>Hukuk&#8217;u hastaya&#8230;<\/p>\n","protected":false},"author":1,"featured_media":0,"comment_status":"open","ping_status":"open","sticky":false,"template":"","format":"standard","meta":{"footnotes":""},"categories":[16],"tags":[30],"class_list":["post-49364","post","type-post","status-publish","format-standard","hentry","category-kose-yazilari","tag-yilmaz-ozdil","odd"],"_links":{"self":[{"href":"http:\/\/www.korhanyilmaz.com\/index.php?rest_route=\/wp\/v2\/posts\/49364","targetHints":{"allow":["GET"]}}],"collection":[{"href":"http:\/\/www.korhanyilmaz.com\/index.php?rest_route=\/wp\/v2\/posts"}],"about":[{"href":"http:\/\/www.korhanyilmaz.com\/index.php?rest_route=\/wp\/v2\/types\/post"}],"author":[{"embeddable":true,"href":"http:\/\/www.korhanyilmaz.com\/index.php?rest_route=\/wp\/v2\/users\/1"}],"replies":[{"embeddable":true,"href":"http:\/\/www.korhanyilmaz.com\/index.php?rest_route=%2Fwp%2Fv2%2Fcomments&post=49364"}],"version-history":[{"count":0,"href":"http:\/\/www.korhanyilmaz.com\/index.php?rest_route=\/wp\/v2\/posts\/49364\/revisions"}],"wp:attachment":[{"href":"http:\/\/www.korhanyilmaz.com\/index.php?rest_route=%2Fwp%2Fv2%2Fmedia&parent=49364"}],"wp:term":[{"taxonomy":"category","embeddable":true,"href":"http:\/\/www.korhanyilmaz.com\/index.php?rest_route=%2Fwp%2Fv2%2Fcategories&post=49364"},{"taxonomy":"post_tag","embeddable":true,"href":"http:\/\/www.korhanyilmaz.com\/index.php?rest_route=%2Fwp%2Fv2%2Ftags&post=49364"}],"curies":[{"name":"wp","href":"https:\/\/api.w.org\/{rel}","templated":true}]}}