{"id":49361,"date":"2012-03-07T08:03:02","date_gmt":"2012-03-07T06:03:02","guid":{"rendered":"http:\/\/www.korhanyilmaz.com\/?p=49361"},"modified":"2012-03-10T20:35:08","modified_gmt":"2012-03-10T18:35:08","slug":"toki-yani-imara-acik-tarla-vasfinda-cennette-arsa","status":"publish","type":"post","link":"http:\/\/www.korhanyilmaz.com\/?p=49361","title":{"rendered":"Toki yan\u0131&#8230; \u0130mara a\u00e7\u0131k tarla vasf\u0131nda cennette arsa"},"content":{"rendered":"<div id=\"attachment_37365\" style=\"width: 115px\" class=\"wp-caption alignright\"><img loading=\"lazy\" decoding=\"async\" aria-describedby=\"caption-attachment-37365\" class=\" wp-image-37365 \" title=\"Y\u0131lmaz \u00d6zdil - H\u00fcrriyet Gazetesi\" src=\"http:\/\/www.korhanyilmaz.com\/wp-content\/uploads\/2011\/07\/257.jpg\" alt=\"\" width=\"105\" height=\"112\" \/><p id=\"caption-attachment-37365\" class=\"wp-caption-text\">Y\u0131lmaz \u00d6zdil<\/p><\/div>\n<p style=\"text-align: justify;\"><strong>Ben Veysel Karani hazretleriyim diyen bi uyan\u0131k&#8230; Aralar\u0131nda hakimlerin, avukatlar\u0131n, \u00f6\u011fretmenlerin de bulundu\u011fu kerizlere cennetten tapu satarak, 6 milyon lira tokatlam\u0131\u015f.<\/strong><\/p>\n<p>*<br \/>\nBence yanl\u0131\u015f yapm\u0131\u015f.<br \/>\n*<br \/>\nEy\u00fcp Sultan&#8217;\u0131m deseydi&#8230;<br \/>\nRahat 16 milyon g\u00f6t\u00fcr\u00fcrd\u00fc.<br \/>\n*<br \/>\n\u00c7\u00fcnk\u00fc bu \u00fclkede&#8230;<br \/>\nBa\u015fbakanl\u0131\u011fa ba\u011fl\u0131 Vak\u0131flar Genel M\u00fcd\u00fcrl\u00fc\u011f\u00fc, Bay\u0131nd\u0131rl\u0131k Bakanl\u0131\u011f\u0131&#8217;na ba\u011fl\u0131 Tapu Kadastro Genel M\u00fcd\u00fcrl\u00fc\u011f\u00fc&#8217;ne resmi yaz\u0131 g\u00f6nderip, Hazreti \u0130sa&#8217;n\u0131n tapu kay\u0131tlar\u0131n\u0131 istedi birader!<!--more--><br \/>\n*<br \/>\nNas\u0131 yani dersen?<br \/>\n*<br \/>\nSay\u0131n devletimiz, az\u0131nl\u0131k vak\u0131flar\u0131na emlak beyannamesi g\u00f6nderdi, az\u0131nl\u0131k vak\u0131flar\u0131 m\u00fclk sahibi hanesine \u201cHazreti \u0130sa\u201d yazd\u0131, say\u0131n devletimiz de tapular\u0131 Hazreti \u0130sa ad\u0131na tescil etti. Bilahare&#8230; Say\u0131n h\u00fck\u00fcmetimiz, bug\u00fcnlerde \u00e7ok pop\u00fcler olan bi tarihte \u201c28 \u015eubat\u201dta, ama, malum 28 \u015eubat&#8217;ta de\u011fil, 28 \u015eubat 2008&#8217;de AB&#8217;ye uyum ayaklar\u0131yla, az\u0131nl\u0131k vak\u0131flar\u0131na ait ta\u015f\u0131nmazlar\u0131n iadesini yasala\u015ft\u0131rd\u0131. E adamlar da m\u00fclklerini geri istedi. E adamlar m\u00fclklerini geri isteyince, say\u0131n ba\u015fbakanl\u0131\u011f\u0131m\u0131z say\u0131n bakanl\u0131\u011f\u0131m\u0131za resmi yaz\u0131 yaz\u0131p, Hazreti \u0130sa&#8217;n\u0131n \u201cikametgah adresi\u201dni istedi&#8230;<br \/>\nKi, Hazreti \u0130sa gelsin, miras\u00e7\u0131lar\u0131na devir i\u015flemlerini yaps\u0131n.<br \/>\n*<br \/>\nHen\u00fcz bulamad\u0131lar.<br \/>\nAran\u0131yor Hazreti \u0130sa.<br \/>\n*<br \/>\nBu arada&#8230; Y\u00fcce mahkememiz, Be\u015fikta\u015f&#8217;ta oturan Mariam binti Ovahim&#8217;in bulunmas\u0131 i\u00e7in, say\u0131n Emniyet&#8217;e resmi yaz\u0131 yazd\u0131, derhal bulunmas\u0131n\u0131 istedi. Say\u0131n Emniyetimiz, arad\u0131 tarad\u0131, \u201c\u015fahs\u0131n bulunamad\u0131\u011f\u0131n\u0131, adresinin tespit edilemedi\u011fini\u201d bildirdi. Y\u00fcce mahkememiz de, say\u0131n Emniyetimizden gelen cevap<br \/>\n\u00fczerine, \u201ckay\u0131p \u015fah\u0131s\u201da ait ta\u015f\u0131nmaza kayyum tayin etti&#8230; Halbuki, mahkeme celbi \u00e7\u0131kar\u0131lan kay\u0131p \u015fah\u0131s, halk aras\u0131ndaki tabirle, bildi\u011fin Meryem Ana!<br \/>\n*<br \/>\nSay\u0131n devletimiz, Cebrail Aleyhisselam&#8217;\u0131n da pe\u015fine d\u00fc\u015fm\u00fc\u015f durumda&#8230; O da me\u00e7hul m\u00fclk zengini olarak aran\u0131yor. Gabriel ad\u0131yla arad\u0131klar\u0131 i\u00e7in, bi t\u00fcrl\u00fc ensesine binemediler.<br \/>\n*<br \/>\nNetice itibariyle&#8230;<br \/>\n*<br \/>\nBi \u00fclkenin h\u00fck\u00fcmeti, Hazreti \u0130sa&#8217;n\u0131n tapusunu ar\u0131yorsa&#8230; O \u00fclkenin ahalisine cennetin tapusunu kakalamak, su\u00e7 filan de\u011fildir, sevapt\u0131r. Dubleks villa kakalanmamas\u0131 g\u00fcnaht\u0131r.<\/p>\n<p style=\"text-align: justify;\"><a href=\"http:\/\/hurarsiv.hurriyet.com.tr\/goster\/haber.aspx?id=20070829&amp;yazarid=249\" target=\"_blank\">Kaynak : H\u00fcrriyet<\/a><\/p>\n","protected":false},"excerpt":{"rendered":"<p id=\"caption-attachment-37365\" class=\"wp-caption-text\">Y\u0131lmaz \u00d6zdil<\/p>\n<p style=\"text-align: justify;\">Ben Veysel Karani hazretleriyim diyen bi uyan\u0131k&#8230; Aralar\u0131nda hakimlerin, avukatlar\u0131n, \u00f6\u011fretmenlerin de bulundu\u011fu kerizlere cennetten tapu satarak, 6 milyon lira tokatlam\u0131\u015f.<\/p>\n<p>* Bence yanl\u0131\u015f yapm\u0131\u015f. * Ey\u00fcp Sultan&#8217;\u0131m deseydi&#8230; Rahat 16 milyon g\u00f6t\u00fcr\u00fcrd\u00fc. * \u00c7\u00fcnk\u00fc bu \u00fclkede&#8230; Ba\u015fbakanl\u0131\u011fa ba\u011fl\u0131 Vak\u0131flar Genel M\u00fcd\u00fcrl\u00fc\u011f\u00fc, Bay\u0131nd\u0131rl\u0131k Bakanl\u0131\u011f\u0131&#8217;na ba\u011fl\u0131 Tapu Kadastro Genel M\u00fcd\u00fcrl\u00fc\u011f\u00fc&#8217;ne <\/p>\n","protected":false},"author":1,"featured_media":0,"comment_status":"open","ping_status":"open","sticky":false,"template":"","format":"standard","meta":{"footnotes":""},"categories":[16],"tags":[30],"class_list":["post-49361","post","type-post","status-publish","format-standard","hentry","category-kose-yazilari","tag-yilmaz-ozdil","odd"],"_links":{"self":[{"href":"http:\/\/www.korhanyilmaz.com\/index.php?rest_route=\/wp\/v2\/posts\/49361","targetHints":{"allow":["GET"]}}],"collection":[{"href":"http:\/\/www.korhanyilmaz.com\/index.php?rest_route=\/wp\/v2\/posts"}],"about":[{"href":"http:\/\/www.korhanyilmaz.com\/index.php?rest_route=\/wp\/v2\/types\/post"}],"author":[{"embeddable":true,"href":"http:\/\/www.korhanyilmaz.com\/index.php?rest_route=\/wp\/v2\/users\/1"}],"replies":[{"embeddable":true,"href":"http:\/\/www.korhanyilmaz.com\/index.php?rest_route=%2Fwp%2Fv2%2Fcomments&post=49361"}],"version-history":[{"count":0,"href":"http:\/\/www.korhanyilmaz.com\/index.php?rest_route=\/wp\/v2\/posts\/49361\/revisions"}],"wp:attachment":[{"href":"http:\/\/www.korhanyilmaz.com\/index.php?rest_route=%2Fwp%2Fv2%2Fmedia&parent=49361"}],"wp:term":[{"taxonomy":"category","embeddable":true,"href":"http:\/\/www.korhanyilmaz.com\/index.php?rest_route=%2Fwp%2Fv2%2Fcategories&post=49361"},{"taxonomy":"post_tag","embeddable":true,"href":"http:\/\/www.korhanyilmaz.com\/index.php?rest_route=%2Fwp%2Fv2%2Ftags&post=49361"}],"curies":[{"name":"wp","href":"https:\/\/api.w.org\/{rel}","templated":true}]}}