{"id":49354,"date":"2012-03-10T08:15:50","date_gmt":"2012-03-10T06:15:50","guid":{"rendered":"http:\/\/www.korhanyilmaz.com\/?p=49354"},"modified":"2012-03-10T20:18:20","modified_gmt":"2012-03-10T18:18:20","slug":"sarimsaklasak-da-mi-tutuklasak-sarimsaklamasak-da-mi-tutuklasak","status":"publish","type":"post","link":"http:\/\/www.korhanyilmaz.com\/?p=49354","title":{"rendered":"Sar\u0131\u2019msaklasak da m\u0131 tutuklasak&#8230; Sar\u0131\u2019msaklamasak da m\u0131 tutuklasak&#8230;"},"content":{"rendered":"<div id=\"attachment_37365\" style=\"width: 115px\" class=\"wp-caption alignright\"><img loading=\"lazy\" decoding=\"async\" aria-describedby=\"caption-attachment-37365\" class=\" wp-image-37365 \" title=\"Y\u0131lmaz \u00d6zdil - H\u00fcrriyet Gazetesi\" src=\"http:\/\/www.korhanyilmaz.com\/wp-content\/uploads\/2011\/07\/257.jpg\" alt=\"\" width=\"105\" height=\"112\" \/><p id=\"caption-attachment-37365\" class=\"wp-caption-text\">Y\u0131lmaz \u00d6zdil<\/p><\/div>\n<p style=\"text-align: justify;\">Tutuklu gazeteciler gazeteci de\u011fil \u201ctecav\u00fczc\u00fc\u201d dediler. Bakt\u0131lar ki, okuma yazma bilmeyenler bile yemedi&#8230; Man\u015feti de\u011fi\u015ftirip, gazeteci say\u0131lmazlar, \u00e7\u00fcnk\u00fc \u201csar\u0131 bas\u0131n kartlar\u0131 yok\u201d dediler.<\/p>\n<p style=\"text-align: justify;\">Bak oras\u0131 do\u011fru.<\/p>\n<p style=\"text-align: justify;\">\u015eu arkada\u015f mesela.<\/p>\n<p style=\"text-align: justify;\">Almanya\u2019da taksi \u015fof\u00f6r\u00fcyd\u00fc. Direksiyonu denize k\u0131rd\u0131, gemicikleri koordine etmek i\u00e7in, Keriz Feneri i\u015fletmeye ba\u015flad\u0131. Allah\u2019\u0131n Kitap\u2019\u0131n ad\u0131n\u0131 verdi, hay\u0131rlara vesile olmas\u0131 i\u00e7in ba\u011f\u0131\u015flar\u0131 toplad\u0131, 17 tane taksi sahibi oldu, garibanlara filika g\u00f6nderiyoruz ayaklar\u0131yla, kendine filo kurdu. Kirada otururken, bir villa, be\u015f daire ald\u0131. T\u00fcrk vatanda\u015fl\u0131\u011f\u0131ndan \u00e7\u0131kt\u0131.<!--more--><\/p>\n<p style=\"text-align: justify;\">Sonra vazge\u00e7ti, T\u00fcrk vatanda\u015fl\u0131\u011f\u0131na geri d\u00f6nd\u00fc. D\u00f6nm\u00fc\u015fken, g\u00f6z\u00fc d\u00f6nd\u00fc, iki \u00fclke aras\u0131nda \u201ckanal\u201d kurdu, tokatlad\u0131\u011f\u0131 paralar\u0131 bu kanalda \u201cyedi&#8230;\u201d Eski g\u00fcnlerini unutmu\u015ftu ama, oras\u0131n\u0131n Almanya oldu\u011funu da unutmu\u015ftu. Enselendi. Doland\u0131r\u0131c\u0131l\u0131ktan i\u00e7eri girdi. Malvarl\u0131\u011f\u0131na el kondu. T\u00fcrkiye\u2019deki malvarl\u0131\u011f\u0131n\u0131n listesi istendi, ancak, buras\u0131n\u0131n T\u00fcrkiye oldu\u011fu unutulmu\u015ftu, malvarl\u0131\u011f\u0131 listesi g\u00f6nderilmedi! T\u00fcrkiye\u2019deki ortaklar\u0131n\u0131 ortaya \u00e7\u0131karmaya \u00e7al\u0131\u015fan namuslu savc\u0131lar derhal g\u00f6revden al\u0131n\u0131p, hapse t\u0131k\u0131lmalar\u0131 i\u00e7in s\u00fcr\u00fcm s\u00fcr\u00fcm s\u00fcr\u00fcnd\u00fcr\u00fcl\u00fcrken&#8230; \u015eartl\u0131 tahliye oldu. \u015eu anda, tamirhanede \u00e7al\u0131\u015f\u0131yor g\u00f6r\u00fcn\u00fcyor.<\/p>\n<p style=\"text-align: justify;\">Sar\u0131 bas\u0131n kart\u0131 ald\u0131!<\/p>\n<p style=\"text-align: justify;\">\u201cSar\u0131 bas\u0131n kart\u0131 olmayan<br \/>\ngazeteci de\u011fildir\u201d diyen Ba\u015fbakan\u0131m\u0131z\u0131n&#8230; Ba\u015fbakanl\u0131k Bas\u0131n Yay\u0131n Enformasyon Genel M\u00fcd\u00fcrl\u00fc\u011f\u00fc,<br \/>\nbu arkada\u015fa sar\u0131 bas\u0131n kart\u0131 verdi.<\/p>\n<p style=\"text-align: justify;\">Hem de&#8230;<br \/>\nS\u00fcrekli sar\u0131 bas\u0131n kart\u0131.<\/p>\n<p style=\"text-align: justify;\">Tecav\u00fczc\u00fcler \u00e7omak sokmasayd\u0131&#8230;<br \/>\nBa\u015fbakanl\u0131k u\u00e7a\u011f\u0131na da al\u0131rlard\u0131.<\/p>\n<p style=\"text-align: justify;\"><a href=\"http:\/\/www.hurriyet.com.tr\/yazarlar\/20093931.asp?yazarid=249\" target=\"_blank\">Kaynak : H\u00fcrriyet<\/a><\/p>\n","protected":false},"excerpt":{"rendered":"<p id=\"caption-attachment-37365\" class=\"wp-caption-text\">Y\u0131lmaz \u00d6zdil<\/p>\n<p style=\"text-align: justify;\">Tutuklu gazeteciler gazeteci de\u011fil \u201ctecav\u00fczc\u00fc\u201d dediler. Bakt\u0131lar ki, okuma yazma bilmeyenler bile yemedi&#8230; Man\u015feti de\u011fi\u015ftirip, gazeteci say\u0131lmazlar, \u00e7\u00fcnk\u00fc \u201csar\u0131 bas\u0131n kartlar\u0131 yok\u201d dediler.<\/p>\n<p style=\"text-align: justify;\">Bak oras\u0131 do\u011fru.<\/p>\n<p style=\"text-align: justify;\">\u015eu arkada\u015f mesela.<\/p>\n<p style=\"text-align: justify;\">Almanya\u2019da taksi \u015fof\u00f6r\u00fcyd\u00fc. Direksiyonu denize k\u0131rd\u0131, gemicikleri koordine etmek i\u00e7in, Keriz Feneri i\u015fletmeye ba\u015flad\u0131. <\/p>\n","protected":false},"author":1,"featured_media":0,"comment_status":"open","ping_status":"open","sticky":false,"template":"","format":"standard","meta":{"footnotes":""},"categories":[16],"tags":[30],"class_list":["post-49354","post","type-post","status-publish","format-standard","hentry","category-kose-yazilari","tag-yilmaz-ozdil","odd"],"_links":{"self":[{"href":"http:\/\/www.korhanyilmaz.com\/index.php?rest_route=\/wp\/v2\/posts\/49354","targetHints":{"allow":["GET"]}}],"collection":[{"href":"http:\/\/www.korhanyilmaz.com\/index.php?rest_route=\/wp\/v2\/posts"}],"about":[{"href":"http:\/\/www.korhanyilmaz.com\/index.php?rest_route=\/wp\/v2\/types\/post"}],"author":[{"embeddable":true,"href":"http:\/\/www.korhanyilmaz.com\/index.php?rest_route=\/wp\/v2\/users\/1"}],"replies":[{"embeddable":true,"href":"http:\/\/www.korhanyilmaz.com\/index.php?rest_route=%2Fwp%2Fv2%2Fcomments&post=49354"}],"version-history":[{"count":0,"href":"http:\/\/www.korhanyilmaz.com\/index.php?rest_route=\/wp\/v2\/posts\/49354\/revisions"}],"wp:attachment":[{"href":"http:\/\/www.korhanyilmaz.com\/index.php?rest_route=%2Fwp%2Fv2%2Fmedia&parent=49354"}],"wp:term":[{"taxonomy":"category","embeddable":true,"href":"http:\/\/www.korhanyilmaz.com\/index.php?rest_route=%2Fwp%2Fv2%2Fcategories&post=49354"},{"taxonomy":"post_tag","embeddable":true,"href":"http:\/\/www.korhanyilmaz.com\/index.php?rest_route=%2Fwp%2Fv2%2Ftags&post=49354"}],"curies":[{"name":"wp","href":"https:\/\/api.w.org\/{rel}","templated":true}]}}