{"id":49349,"date":"2012-03-10T11:23:49","date_gmt":"2012-03-10T09:23:49","guid":{"rendered":"http:\/\/www.korhanyilmaz.com\/?p=49349"},"modified":"2012-03-10T12:26:17","modified_gmt":"2012-03-10T10:26:17","slug":"avrupa-parlamentosundan-laik-ordu-vurgusu","status":"publish","type":"post","link":"http:\/\/www.korhanyilmaz.com\/?p=49349","title":{"rendered":"Avrupa Parlamentosu\u2019ndan laik ordu vurgusu"},"content":{"rendered":"<p style=\"text-align: center;\"><a href=\"http:\/\/www.korhanyilmaz.com\/wp-content\/uploads\/2012\/03\/9111.jpg\"  class=\"lightview\"><img loading=\"lazy\" decoding=\"async\" class=\"aligncenter  wp-image-49350\" src=\"http:\/\/www.korhanyilmaz.com\/wp-content\/uploads\/2012\/03\/9111.jpg\" alt=\"\" width=\"380\" height=\"218\" \/><\/a><\/p>\n<p style=\"text-align: justify;\">AP\u2019nin, ilk defa bir raporunda \u2018laik ordunun\u2019 garanti alt\u0131na al\u0131nmas\u0131 gerekti\u011fini yazmas\u0131 dikkat \u00e7ekti.<\/p>\n<p style=\"text-align: justify;\">Asker-sivil ili\u015fkisini T\u00fcrkiye\u2019yle ilgili her raporunda masaya yat\u0131ran Avrupa Parlamentosu (AP), geleneksel olarak yapt\u0131\u011f\u0131 vurgular\u0131n d\u0131\u015f\u0131na \u00e7\u0131karak ordunun yap\u0131s\u0131na da de\u011findi. 1 Mart\u2019ta AP D\u0131\u015fi\u015fleri Komisyonu\u2019nda oylanan T\u00fcrkiye raporunun, 29 Mart\u2019ta Genel Kurul onay\u0131na sunulacak son halinde, \u201cordunun laik b\u00fct\u00fcnl\u00fc\u011f\u00fcn\u00fcn ve operasyonel yetene\u011finin\u201d garanti alt\u0131na al\u0131nmas\u0131 gerekti\u011finin alt\u0131 \u00e7izildi.\u00a0<!--more--><\/p>\n<p style=\"text-align: justify;\"><strong>\u2018NATO \u00dcYEL\u0130\u011e\u0130 \u00d6NEML\u0130\u2019<\/strong><\/p>\n<p style=\"text-align: justify;\">Milliyet gazetesinin haberine g\u00f6re bir ilk olma \u00f6zelli\u011fi ta\u015f\u0131yan vurgu, AP\u2019deki Muhafazakarlar ve Reformistler Grubu\u2019nun Ba\u015fkan Yard\u0131mc\u0131s\u0131 \u0130ngiliz parlamenter Geoffrey Van Orden\u2019\u0131n \u00f6nerisinin di\u011fer gruplardan kabul g\u00f6rmesi \u00fczerine metne dahil edildi. Raporun, T\u00fcrkiye\u2019deki asker-sivil ili\u015fkilerinin de\u011ferlendirildi\u011fi ve sivillerin askerler \u00fczerindeki kontrol\u00fcn\u00fcn art\u0131r\u0131lmas\u0131na y\u00f6nelik ad\u0131mlardan duyulan memnuniyetin dile getirildi\u011fi paragraf\u0131n sonuna eklen c\u00fcmlede, \u201cAP, T\u00fcrkiye\u2019nin NATO \u00fcyeli\u011finin \u00f6nemi de g\u00f6z \u00f6n\u00fcnde tutularak, silahl\u0131 kuvvetlerin s\u00fcre gelen laik b\u00fct\u00fcnl\u00fc\u011f\u00fcn\u00fcn ve operasyonel kabiliyetinin garantiye al\u0131nmas\u0131n\u0131n gere\u011fini vurgular\u201d ifadeleri kullan\u0131ld\u0131.<\/p>\n<p style=\"text-align: justify;\"><strong>\u2018CADI AVI MESAJI\u2019<\/strong><\/p>\n<p style=\"text-align: justify;\">AP metnine bu t\u00fcr bir vurgu yerle\u015ftirilmesinde son d\u00f6nemde g\u00fcndemde olan davalar ba\u011flam\u0131nda yarg\u0131n\u0131n T\u00fcrk Silahl\u0131 Kuvvetleri\u2019yle ilgili tasarruflar\u0131n\u0131n etkili oldu\u011fu belirtiliyor. AP kaynaklar\u0131, bu ifadenin yarg\u0131 taraf\u0131ndan at\u0131lan ad\u0131mlar\u0131n bir t\u00fcr \u201ccad\u0131 av\u0131na\u201d d\u00f6n\u00fc\u015fmemesi gerekti\u011fi mesaj\u0131 olarak da alg\u0131lanabilece\u011finin alt\u0131n\u0131 \u00e7iziyor. Ankara\u2019dan \u201cg\u00fc\u00e7l\u00fc bir telkin\u201d olmamas\u0131 durumunda, AP\u2019deki siyasi gruplar\u0131n genel deste\u011fiyle metne giren bu ifadeyle ilgili bir de\u011fi\u015fiklik \u00f6nergesinin Genel Kurul g\u00fcndemine gelmesi beklenmiyor.<\/p>\n<p style=\"text-align: justify;\"><a href=\"http:\/\/www.ntvmsnbc.com\/id\/25329187\/\" target=\"_blank\">Kaynak : NTVMSNBC<\/a><\/p>\n","protected":false},"excerpt":{"rendered":"<p style=\"text-align: center;\">\n<p style=\"text-align: justify;\">AP\u2019nin, ilk defa bir raporunda \u2018laik ordunun\u2019 garanti alt\u0131na al\u0131nmas\u0131 gerekti\u011fini yazmas\u0131 dikkat \u00e7ekti.<\/p>\n<p style=\"text-align: justify;\">Asker-sivil ili\u015fkisini T\u00fcrkiye\u2019yle ilgili her raporunda masaya yat\u0131ran Avrupa Parlamentosu (AP), geleneksel olarak yapt\u0131\u011f\u0131 vurgular\u0131n d\u0131\u015f\u0131na \u00e7\u0131karak ordunun yap\u0131s\u0131na da de\u011findi. 1 Mart\u2019ta AP D\u0131\u015fi\u015fleri Komisyonu\u2019nda oylanan T\u00fcrkiye raporunun, 29 Mart\u2019ta Genel Kurul onay\u0131na <\/p>\n","protected":false},"author":1,"featured_media":0,"comment_status":"open","ping_status":"open","sticky":false,"template":"","format":"standard","meta":{"footnotes":""},"categories":[105],"tags":[],"class_list":["post-49349","post","type-post","status-publish","format-standard","hentry","category-gundem","odd"],"_links":{"self":[{"href":"http:\/\/www.korhanyilmaz.com\/index.php?rest_route=\/wp\/v2\/posts\/49349","targetHints":{"allow":["GET"]}}],"collection":[{"href":"http:\/\/www.korhanyilmaz.com\/index.php?rest_route=\/wp\/v2\/posts"}],"about":[{"href":"http:\/\/www.korhanyilmaz.com\/index.php?rest_route=\/wp\/v2\/types\/post"}],"author":[{"embeddable":true,"href":"http:\/\/www.korhanyilmaz.com\/index.php?rest_route=\/wp\/v2\/users\/1"}],"replies":[{"embeddable":true,"href":"http:\/\/www.korhanyilmaz.com\/index.php?rest_route=%2Fwp%2Fv2%2Fcomments&post=49349"}],"version-history":[{"count":0,"href":"http:\/\/www.korhanyilmaz.com\/index.php?rest_route=\/wp\/v2\/posts\/49349\/revisions"}],"wp:attachment":[{"href":"http:\/\/www.korhanyilmaz.com\/index.php?rest_route=%2Fwp%2Fv2%2Fmedia&parent=49349"}],"wp:term":[{"taxonomy":"category","embeddable":true,"href":"http:\/\/www.korhanyilmaz.com\/index.php?rest_route=%2Fwp%2Fv2%2Fcategories&post=49349"},{"taxonomy":"post_tag","embeddable":true,"href":"http:\/\/www.korhanyilmaz.com\/index.php?rest_route=%2Fwp%2Fv2%2Ftags&post=49349"}],"curies":[{"name":"wp","href":"https:\/\/api.w.org\/{rel}","templated":true}]}}