{"id":49345,"date":"2012-03-10T11:26:40","date_gmt":"2012-03-10T09:26:40","guid":{"rendered":"http:\/\/www.korhanyilmaz.com\/?p=49345"},"modified":"2012-03-10T11:58:44","modified_gmt":"2012-03-10T09:58:44","slug":"kilicdaroglu-bulunmaz-nimet","status":"publish","type":"post","link":"http:\/\/www.korhanyilmaz.com\/?p=49345","title":{"rendered":"&#8220;K\u0131l\u0131\u00e7daro\u011flu bulunmaz nimet&#8221;"},"content":{"rendered":"<p style=\"text-align: justify;\"><a href=\"http:\/\/www.korhanyilmaz.com\/wp-content\/uploads\/2012\/03\/9110.jpg\"  class=\"lightview\"><img loading=\"lazy\" decoding=\"async\" class=\"aligncenter size-full wp-image-49346\" title=\"\" src=\"http:\/\/www.korhanyilmaz.com\/wp-content\/uploads\/2012\/03\/9110.jpg\" alt=\"\" width=\"292\" height=\"224\" \/><\/a><\/p>\n<p style=\"text-align: justify;\">U\u015fak\u2019a yerel bir televizyonun \u00f6d\u00fcl t\u00f6renine kat\u0131lmak i\u00e7in giden Ankara B\u00fcy\u00fck\u015fehir Belediye Ba\u015fkan\u0131 Melih G\u00f6k\u00e7ek, &#8220;K\u0131l\u0131\u00e7daro\u011flu bizim i\u00e7in bir \u015fans. Hissiyat\u0131m, nefsim diyor ki. Say\u0131n K\u0131l\u0131\u00e7daro\u011flu kaybetsin, genel ba\u015fkanl\u0131ktan gitsin. Ama akl\u0131m diyor ki, hep orada kals\u0131n. \u00c7\u00fcnk\u00fc K\u0131l\u0131\u00e7daro\u011flu bizim i\u00e7in bir nimet. Bu kadar defolu lider CHP i\u00e7inde K\u0131l\u0131\u00e7daro\u011flu olur, bu da bizim \u015fans\u0131m\u0131z&#8221; dedi.\u00a0<!--more--><\/p>\n<p style=\"text-align: justify;\">U\u015fak\u2019ta yerel olarak yay\u0131n yapan Egem TV\u2019nin geleneksel olarak d\u00fczenledi\u011fi y\u0131l\u0131n ba\u015far\u0131lar\u0131 \u00f6d\u00fcl t\u00f6renine \u20192011 Y\u0131l\u0131n\u0131n En Ba\u015far\u0131l\u0131 B\u00fcy\u00fck\u015fehir Belediye Ba\u015fkan\u0131\u2019 se\u00e7ilen Melih G\u00f6k\u00e7ek de kat\u0131ld\u0131.<\/p>\n<p style=\"text-align: justify;\">G\u00f6k\u00e7ek, \u00f6d\u00fcl\u00fcn\u00fc televizyonun y\u00f6netim kurulu ba\u015fkan\u0131 Soner Demir\u00f6z\u2019den ald\u0131. Almanya B\u00fcy\u00fckel\u00e7isi Eberhard Pohl\u2019un de kat\u0131ld\u0131\u011f\u0131 \u00f6d\u00fcl t\u00f6reninde Ankara d\u0131\u015f\u0131nda bir ilden \u00f6d\u00fcl almaktan b\u00fcy\u00fck mutluluk duydu\u011funu ifade eden G\u00f6k\u00e7ek \u015f\u00f6yle konu\u015ftu: &#8220;Bug\u00fcn aram\u0131zda Almanya\u2019dan misafirimiz var. Say\u0131n b\u00fcy\u00fckel\u00e7i biz T\u00fcrkler, Almanya\u2019y\u0131 \u00e7ok severiz.<\/p>\n<p style=\"text-align: justify;\">\u00c7ocuklu\u011fumuzda Alman Mili Tak\u0131m\u0131\u2019n\u0131 tutard\u0131k. Ama say\u0131n Merkel\u2019den ayn\u0131 muhabbeti g\u00f6remiyoruz. Say\u0131n Alman b\u00fcy\u00fckel\u00e7isi bak\u0131n U\u015fakl\u0131lardan \u00e7\u0131kan alk\u0131\u015f\u0131 Almanya\u2019ya l\u00fctfen iletin. Biz Sarkozy ve Merkel\u2019i ayn\u0131 safta tutmak istemiyoruz. Bu vesileyle b\u00f6yle bir mesaj vermek istedim. Almanya dostlu\u011fu ile T\u00fcrk dostlu\u011funu ayn\u0131 seviyede g\u00f6rmek istiyoruz.&#8221;<\/p>\n<p style=\"text-align: justify;\">\u00d6d\u00fcl t\u00f6reninde y\u0131l\u0131n en ba\u015far\u0131l\u0131 b\u00fcy\u00fck el\u00e7isi se\u00e7ilen Almanya B\u00fcy\u00fckel\u00e7isi Eberhard Pohl\u2019un \u00f6d\u00fcl ald\u0131\u011f\u0131 t\u00f6rende yakla\u015f\u0131k 50 ki\u015fiye \u00f6d\u00fclleri verildi. \u00d6d\u00fcl t\u00f6reninin ard\u0131ndan Ak Parti U\u015fak \u0130l Ba\u015fkan\u0131 Mehmet G\u00fcn ve partililerle Ak Parti U\u015fak \u0130l Ba\u015fkanl\u0131\u011f\u0131\u2019na ge\u00e7en Ankara B\u00fcy\u00fck\u015fehir Belediye Ba\u015fkan\u0131 Melih G\u00f6k\u00e7ek, partililerle sohbet etti.<\/p>\n<p style=\"text-align: justify;\">Sohbetinde CHP Genel Ba\u015fkan\u0131 Kemal K\u0131l\u0131\u00e7daro\u011flu ile bir televizyon program\u0131nda kar\u015f\u0131la\u015fmak istedi\u011fini s\u00f6yleyen G\u00f6k\u00e7ek, &#8220;Bu aralar Ankara\u2019da say\u0131n K\u0131l\u0131\u00e7daro\u011flu ile u\u011fra\u015f\u0131yoruz. Beni televizyonlarda tan\u0131mad\u0131\u011f\u0131n\u0131 s\u00f6yl\u00fcyordu, ancak, d\u00fcn bir televizyon kanal\u0131nda beni hat\u0131rlam\u0131\u015f. Umar\u0131m bir g\u00fcn televizyonda kar\u015f\u0131la\u015f\u0131r\u0131z. Hepinizin malumu ge\u00e7enlerde CHP\u2019nin kurultay\u0131 vard\u0131.<\/p>\n<p style=\"text-align: justify;\">Kurultay sonras\u0131 hissiyat\u0131m, nefsim, diyor ki say\u0131n K\u0131l\u0131\u00e7daro\u011flu kaybetsin genel ba\u015fkanl\u0131ktan gitsin, ama akl\u0131m diyor ki hep orada kals\u0131n. \u00c7\u00fcnk\u00fc K\u0131l\u0131\u00e7daro\u011flu bizim i\u00e7in bir nimet. Ben art\u0131k CHP\u2019de K\u0131l\u0131\u00e7dao\u011flu\u2019nu destekliyorum. Bu kadar defolu bir lider CHP i\u00e7inde ancak K\u0131l\u0131\u00e7daro\u011flu olur buda bizim \u015fans\u0131m\u0131z. K\u0131l\u0131\u00e7daro\u011flu bu aralar parti i\u00e7inde ne kadar Tuncelili varsa sa\u011fa sola getirmekle me\u015fgul. CHP\u2019yi Tunceliler partisi haline getiriyor.<\/p>\n<p style=\"text-align: justify;\">Partiyi yok ediyor. Tabi bu bizim avantaj\u0131m\u0131z. Ge\u00e7en g\u00fcn Tiwitter\u2019de bir f\u0131kra ile kar\u015f\u0131la\u015ft\u0131m. F\u0131krada diyor ki. Say\u0131n Ba\u015fbakan bir gazeteye beyanat vermi\u015f ve demi\u015f ki biz mesafeleri k\u0131saltt\u0131k. Hemen g\u00f6t\u00fcrm\u00fc\u015fler K\u0131l\u0131\u00e7daro\u011flu\u2019na yeti\u015ftirmi\u015fler.<\/p>\n<p style=\"text-align: justify;\">K\u0131l\u0131\u00e7daro\u011flu demi\u015f ki oda bir \u015feymi bizimkiler her ak\u015fam kafay\u0131 \u00e7ekiyor, d\u00fcnyan\u0131n etraf\u0131n\u0131 d\u00f6rt kez dola\u015f\u0131yor demi\u015f. Tabi bu f\u0131kra. Ge\u00e7enlerde bir gazeteye deme\u00e7 veren K\u0131l\u0131\u00e7daro\u011flu kendi milletvekillerine bu kadar meyhaneye gitmeyin demi\u015f, madem gidiyorsunuz bari hepiniz ayn\u0131 meyhaneye gitmeyin. Bunu s\u00f6yleyen K\u0131l\u0131\u00e7daro\u011flu. Biz bunu s\u00f6ylesek hakaret sayarlar. Ancak kendileri bunu s\u00f6yl\u00fcyor&#8221; diye konu\u015ftu.<\/p>\n<p style=\"text-align: justify;\"><strong>Bir d\u00f6nem daha ba\u015fkanl\u0131k yapaca\u011f\u0131m<\/strong><\/p>\n<p style=\"text-align: justify;\">Partililerin sorusu \u00fczerine bir d\u00f6nem daha Ankara B\u00fcy\u00fck\u015fehir Belediye Ba\u015fkanl\u0131\u011f\u0131 yapmak istedi\u011fini ifade eden G\u00f6k\u00e7ek, &#8220;Say\u0131n Ba\u015fbakan Recep Tayyip Erdo\u011fan uygun g\u00f6r\u00fcr, halk\u0131m\u0131zda tercihin benden yana yaparsa bir d\u00f6nem daha belediye ba\u015fkanl\u0131\u011f\u0131 yap\u0131p emekliye ayr\u0131lmak istiyorum&#8221; dedi. G\u00f6k\u00e7ek, partililerle sohbetinin ard\u0131ndan U\u015fak Havaalan\u0131\u2019na ge\u00e7erek \u00f6zel u\u00e7akla Ankara\u2019ya d\u00f6nd\u00fc.<\/p>\n<p style=\"text-align: justify;\"><a href=\"http:\/\/www.cnnturk.com\/2012\/guncel\/03\/10\/kilicdaroglu.bulunmaz.nimet\/652557.0\/index.html\" target=\"_blank\">Kaynak : CNN T\u00dcRK<\/a><\/p>\n","protected":false},"excerpt":{"rendered":"<p style=\"text-align: justify;\">\n<p style=\"text-align: justify;\">U\u015fak\u2019a yerel bir televizyonun \u00f6d\u00fcl t\u00f6renine kat\u0131lmak i\u00e7in giden Ankara B\u00fcy\u00fck\u015fehir Belediye Ba\u015fkan\u0131 Melih G\u00f6k\u00e7ek, &#8220;K\u0131l\u0131\u00e7daro\u011flu bizim i\u00e7in bir \u015fans. Hissiyat\u0131m, nefsim diyor ki. Say\u0131n K\u0131l\u0131\u00e7daro\u011flu kaybetsin, genel ba\u015fkanl\u0131ktan gitsin. Ama akl\u0131m diyor ki, hep orada kals\u0131n. \u00c7\u00fcnk\u00fc K\u0131l\u0131\u00e7daro\u011flu bizim i\u00e7in bir nimet. Bu kadar defolu lider CHP i\u00e7inde K\u0131l\u0131\u00e7daro\u011flu <\/p>\n","protected":false},"author":1,"featured_media":0,"comment_status":"open","ping_status":"open","sticky":false,"template":"","format":"standard","meta":{"footnotes":""},"categories":[105],"tags":[],"class_list":["post-49345","post","type-post","status-publish","format-standard","hentry","category-gundem","odd"],"_links":{"self":[{"href":"http:\/\/www.korhanyilmaz.com\/index.php?rest_route=\/wp\/v2\/posts\/49345","targetHints":{"allow":["GET"]}}],"collection":[{"href":"http:\/\/www.korhanyilmaz.com\/index.php?rest_route=\/wp\/v2\/posts"}],"about":[{"href":"http:\/\/www.korhanyilmaz.com\/index.php?rest_route=\/wp\/v2\/types\/post"}],"author":[{"embeddable":true,"href":"http:\/\/www.korhanyilmaz.com\/index.php?rest_route=\/wp\/v2\/users\/1"}],"replies":[{"embeddable":true,"href":"http:\/\/www.korhanyilmaz.com\/index.php?rest_route=%2Fwp%2Fv2%2Fcomments&post=49345"}],"version-history":[{"count":0,"href":"http:\/\/www.korhanyilmaz.com\/index.php?rest_route=\/wp\/v2\/posts\/49345\/revisions"}],"wp:attachment":[{"href":"http:\/\/www.korhanyilmaz.com\/index.php?rest_route=%2Fwp%2Fv2%2Fmedia&parent=49345"}],"wp:term":[{"taxonomy":"category","embeddable":true,"href":"http:\/\/www.korhanyilmaz.com\/index.php?rest_route=%2Fwp%2Fv2%2Fcategories&post=49345"},{"taxonomy":"post_tag","embeddable":true,"href":"http:\/\/www.korhanyilmaz.com\/index.php?rest_route=%2Fwp%2Fv2%2Ftags&post=49345"}],"curies":[{"name":"wp","href":"https:\/\/api.w.org\/{rel}","templated":true}]}}