{"id":49341,"date":"2012-03-10T11:25:35","date_gmt":"2012-03-10T09:25:35","guid":{"rendered":"http:\/\/www.korhanyilmaz.com\/?p=49341"},"modified":"2012-03-10T11:55:34","modified_gmt":"2012-03-10T09:55:34","slug":"cok-ilginc-uc-atama","status":"publish","type":"post","link":"http:\/\/www.korhanyilmaz.com\/?p=49341","title":{"rendered":"\u00c7ok ilgin\u00e7 \u00fc\u00e7 atama"},"content":{"rendered":"<p style=\"text-align: center;\"><a href=\"http:\/\/www.korhanyilmaz.com\/wp-content\/uploads\/2012\/03\/9109.jpg\"  class=\"lightview\"><img loading=\"lazy\" decoding=\"async\" class=\"aligncenter  wp-image-49342\" src=\"http:\/\/www.korhanyilmaz.com\/wp-content\/uploads\/2012\/03\/9109.jpg\" alt=\"\" width=\"396\" height=\"180\" \/><\/a><\/p>\n<p style=\"text-align: justify;\">M\u0130T\u2019\u00e7iler hakk\u0131ndaki soru\u015fturma talebinin Ba\u015fbakan taraf\u0131ndan reddedilmesi halinde, bu karar\u0131 inceleyecek olan Dan\u0131\u015ftay dairesinin 3 \u00fcyesi birden de\u011fi\u015ftirildi.\u00a0\u00e7ok ilgin\u00e7 bir geli\u015fme ya\u015fand\u0131. Dan\u0131\u015ftay\u2019da bu t\u00fcr izin konusunu de\u011ferlendiren dairenin \u00fc\u00e7 \u00fcyesi g\u00f6revden al\u0131n\u0131p ba\u015fka dairelere atand\u0131.<\/p>\n<p style=\"text-align: justify;\">Erdo\u011fan M\u0130T\u2019\u00e7iler kak\u0131nda izin vermezse, savc\u0131lar da bu karar\u0131n iptali i\u00e7in Dan\u0131\u015ftay\u2019a ba\u015fvurabilecek. Soru\u015fturma izinleriyle ilgili itirazlara ise Dan\u0131\u015ftay 1. Dairesi bak\u0131yor. Sekiz \u00fcyeden olu\u015fan bu dairenin \u00fc\u00e7 \u00fcyesi yakla\u015f\u0131k 10 g\u00fcn \u00f6nce de\u011fi\u015ftirildi.\u00a0<!--more--><\/p>\n<p style=\"text-align: justify;\">Dan\u0131\u015ftay 1\u2019inci Daire \u00fcyeleri Ahmet Ba\u015fp\u0131nar, Abdullah D\u00f6rtlemez ve Muzaffer Dilek, ba\u015fka dairelerde g\u00f6revlendirildi. Bunun \u00fczerine \u00fcyelerden Muzaffer Dilek emekliye ayr\u0131ld\u0131. Dan\u0131\u015ftay 1. Dairesine de Tuncay Tutar atand\u0131. B\u00f6ylelikle 1\u2019inci Daire\u2019deki \u00fcye say\u0131s\u0131 sekizden alt\u0131ya d\u00fc\u015ft\u00fc.<\/p>\n<p style=\"text-align: justify;\">Bu arada \u00f6nceki gece Show TV\u2019de Siyaset Meydan\u0131 program\u0131na kat\u0131lan CHP Lideri Kemal K\u0131l\u0131\u00e7daro\u011flu \u201cBa\u015fbakan M\u0130T mensuplar\u0131 hakk\u0131nda soru\u015fturma izni vermezse konu Dan\u0131\u015ftay\u2019a gidecek. Ama bu hafta bir operasyon yap\u0131ld\u0131. Dan\u0131\u015ftay\u2019da izni verecek olan 1\u2019inci Dairenin 3 \u00fcyesi de\u011fi\u015ftirildi. Hangi yarg\u0131 ba\u011f\u0131ms\u0131zl\u0131\u011f\u0131ndan bahsedeceksiniz bu \u00fclkede?\u201d dedi.<\/p>\n<p style=\"text-align: justify;\"><a href=\"http:\/\/www.gazeteport.com.tr\/haber\/83761\/cok_ilginc_uc_atama\" target=\"_blank\">Kaynak : GAZETEPORT<\/a><\/p>\n","protected":false},"excerpt":{"rendered":"<p style=\"text-align: center;\">\n<p style=\"text-align: justify;\">M\u0130T\u2019\u00e7iler hakk\u0131ndaki soru\u015fturma talebinin Ba\u015fbakan taraf\u0131ndan reddedilmesi halinde, bu karar\u0131 inceleyecek olan Dan\u0131\u015ftay dairesinin 3 \u00fcyesi birden de\u011fi\u015ftirildi. \u00e7ok ilgin\u00e7 bir geli\u015fme ya\u015fand\u0131. Dan\u0131\u015ftay\u2019da bu t\u00fcr izin konusunu de\u011ferlendiren dairenin \u00fc\u00e7 \u00fcyesi g\u00f6revden al\u0131n\u0131p ba\u015fka dairelere atand\u0131.<\/p>\n<p style=\"text-align: justify;\">Erdo\u011fan M\u0130T\u2019\u00e7iler kak\u0131nda izin vermezse, savc\u0131lar da bu karar\u0131n iptali i\u00e7in <\/p>\n","protected":false},"author":1,"featured_media":0,"comment_status":"open","ping_status":"open","sticky":false,"template":"","format":"standard","meta":{"footnotes":""},"categories":[105],"tags":[],"class_list":["post-49341","post","type-post","status-publish","format-standard","hentry","category-gundem","odd"],"_links":{"self":[{"href":"http:\/\/www.korhanyilmaz.com\/index.php?rest_route=\/wp\/v2\/posts\/49341","targetHints":{"allow":["GET"]}}],"collection":[{"href":"http:\/\/www.korhanyilmaz.com\/index.php?rest_route=\/wp\/v2\/posts"}],"about":[{"href":"http:\/\/www.korhanyilmaz.com\/index.php?rest_route=\/wp\/v2\/types\/post"}],"author":[{"embeddable":true,"href":"http:\/\/www.korhanyilmaz.com\/index.php?rest_route=\/wp\/v2\/users\/1"}],"replies":[{"embeddable":true,"href":"http:\/\/www.korhanyilmaz.com\/index.php?rest_route=%2Fwp%2Fv2%2Fcomments&post=49341"}],"version-history":[{"count":0,"href":"http:\/\/www.korhanyilmaz.com\/index.php?rest_route=\/wp\/v2\/posts\/49341\/revisions"}],"wp:attachment":[{"href":"http:\/\/www.korhanyilmaz.com\/index.php?rest_route=%2Fwp%2Fv2%2Fmedia&parent=49341"}],"wp:term":[{"taxonomy":"category","embeddable":true,"href":"http:\/\/www.korhanyilmaz.com\/index.php?rest_route=%2Fwp%2Fv2%2Fcategories&post=49341"},{"taxonomy":"post_tag","embeddable":true,"href":"http:\/\/www.korhanyilmaz.com\/index.php?rest_route=%2Fwp%2Fv2%2Ftags&post=49341"}],"curies":[{"name":"wp","href":"https:\/\/api.w.org\/{rel}","templated":true}]}}