{"id":49336,"date":"2012-03-10T07:50:45","date_gmt":"2012-03-10T05:50:45","guid":{"rendered":"http:\/\/www.korhanyilmaz.com\/?p=49336"},"modified":"2012-03-10T09:54:23","modified_gmt":"2012-03-10T07:54:23","slug":"erdogandan-mit-izni-yok","status":"publish","type":"post","link":"http:\/\/www.korhanyilmaz.com\/?p=49336","title":{"rendered":"Erdo\u011fan&#8217;dan &#8216;M\u0130T izni&#8217; yok"},"content":{"rendered":"<p style=\"text-align: center;\"><a href=\"http:\/\/www.korhanyilmaz.com\/wp-content\/uploads\/2012\/03\/9108.jpg\"  class=\"lightview\"><img loading=\"lazy\" decoding=\"async\" class=\"aligncenter  wp-image-49337\" src=\"http:\/\/www.korhanyilmaz.com\/wp-content\/uploads\/2012\/03\/9108.jpg\" alt=\"\" width=\"320\" height=\"213\" \/><\/a><\/p>\n<p style=\"text-align: justify;\">Savc\u0131l\u0131k Fidan&#8217;a soru\u015fturma i\u00e7in Ba\u015fbakan-l\u0131k&#8217;tan izin isterken Erdo\u011fan, &#8220;Kanun a\u00e7\u0131k&#8221; dedi. AKP: M\u0130T&#8217;in \u00fczerine gidilmesi anlaml\u0131.<\/p>\n<p style=\"text-align: justify;\">\u0130stanbul \u00d6zel Yetkili Ba\u015fsavc\u0131vekilli\u011fi, M\u0130T M\u00fcste\u015far\u0131 Hakan Fidan\u2019\u0131n da aralar\u0131nda bulundu\u011fu be\u015f M\u0130T mensubunun KCK soru\u015fturmas\u0131 kapsam\u0131nda \u2018\u015f\u00fcpheli\u2019 s\u0131fat\u0131yla ifade vermeleri i\u00e7in Ba\u015fbakanl\u0131k\u2019tan izin istedi. Ba\u015fbakanl\u0131k\u2019ta soru\u015fturma izni verilmemesi g\u00f6r\u00fc\u015f\u00fc a\u011f\u0131rl\u0131k kazan\u0131rken Ba\u015fbakan Recep Tayyip Erdo\u011fan da d\u00fcn \u201cKanunu okursan\u0131z orada her \u015fey a\u00e7\u0131k ve nettir\u201d dedi.\u00a0<!--more--><\/p>\n<p style=\"text-align: justify;\">M\u0130T M\u00fcste\u015far\u0131\u2019n\u0131 ifadeye \u00e7a\u011f\u0131rarak Ankara\u2019da deprem etkisi yaratan \u0130stanbul \u00d6zel Yetkili Ba\u015fsavc\u0131vekilli\u011fi, bu konuda \u00e7\u0131kar\u0131lan bir yasayla engellendikten sonra bu kez \u2018izin verilmesi\u2019 i\u00e7in Ba\u015fbakanl\u0131k\u2019a ba\u015fvurdu. Ba\u015fbakanl\u0131k kaynaklar\u0131, M\u0130T M\u00fcste\u015far\u0131 Hakan Fidan, eski M\u00fcste\u015far Emre Taner ve eski M\u00fcste\u015far Yard\u0131mc\u0131s\u0131 Afet G\u00fcne\u015f ile iki M\u0130T mensubunun ifadeye \u00e7a\u011fr\u0131lmalar\u0131 talebinin incelendi\u011fini s\u00f6yledi. \u0130brenin M\u0130T\u2019\u00e7ilerin ifade vermemesinden yana oldu\u011fu \u00f6\u011frenildi.<\/p>\n<p style=\"text-align: justify;\">Ba\u015fbakanl\u0131k\u2019\u0131n, Ba\u015fsavc\u0131vekilli\u011fi\u2019ne, Fidan ve di\u011fer d\u00f6rt M\u0130T mensubunun KCK soru\u015fturmas\u0131 kapsam\u0131nda \u015f\u00fcpheli s\u0131fat\u0131yla ifade vermelerine izin vermeyece\u011fi gibi cevap vermeme hakk\u0131n\u0131n da oldu\u011fu ifade edildi.<\/p>\n<p style=\"text-align: justify;\">Erdo\u011fan\u2019\u0131n soru\u015fturma izni vermemesi veya yasal s\u00fcrenin sonunda cevap \u00e7\u0131kmamas\u0131 halinde \u00f6zel yetkili savc\u0131lar\u0131n Dan\u0131\u015ftay\u2019a itiraz hakk\u0131 var. Bu durumda M\u0130T\u2019\u00e7ilerle ilgili soru\u015fturma a\u00e7\u0131l\u0131p a\u00e7\u0131lmayaca\u011f\u0131na Dan\u0131\u015ftay 1. Dairesi karar verecek. Dan\u0131\u015ftay Ba\u015fkan\u0131 H\u00fcseyin Karakulluk\u00e7u\u2019nun M\u0130T M\u00fcste\u015far\u0131\u2019n\u0131n Ba\u015fbakan\u2019\u0131n izniyle soru\u015fturulmas\u0131 esas\u0131n\u0131 getiren sistemi savundu\u011funu hat\u0131rlatan kaynaklar, Dan\u0131\u015ftay\u2019a ba\u015fvurunun sonucu de\u011fi\u015ftirmeyece\u011fini iddia etti.<\/p>\n<p style=\"text-align: justify;\">Ba\u015fbakan Erdo\u011fan, d\u00fcn \u0130stan-bul\u2019da gazetecilerin Ba\u015fbakanl\u0131k\u2019tan istenen izinle ilgili sorular\u0131na \u201cOnunla ilgili kanun var biliyorsunuz. Kanunu okursan\u0131z orada her \u015fey a\u00e7\u0131k ve nettir\u201d yan\u0131t\u0131n\u0131 verdi. Parlamentoda gazetecilerin sorular\u0131n\u0131 yan\u0131tlayan AKP Grup Ba\u015fkanvekili Mustafa Elita\u015f ise \u201cTer\u00f6r belas\u0131yla u\u011fra\u015fan en \u00f6nemli istihbarat te\u015fkilat\u0131m\u0131z\u0131n \u00fczerine b\u00f6ylesine gidilmesinin biraz anlaml\u0131 oldu\u011funu d\u00fc\u015f\u00fcn\u00fcyorum\u201d diye tepki g\u00f6sterdi. Ba\u015fbakan Yard\u0131mc\u0131s\u0131 B\u00fclent Ar\u0131n\u00e7 da, \u201cBununla ilgili bir kanun vard\u0131. Yine TBMM, M\u0130T Kanunu\u2019nun 26. maddesini daha da geni\u015fleten yeni bir yasal d\u00fczenleme yapt\u0131. Soru\u015fturmay\u0131 y\u00fcr\u00fcten savc\u0131lar, Ba\u015fbakanl\u0131\u011f\u0131m\u0131zdan izin talebinde bulunmu\u015flarsa, yap\u0131lacak \u015fey \u00e7ok basittir. Say\u0131n Ba\u015fbakan\u0131m\u0131z talebi inceler ve gere\u011fini yapar\u201d dedi.<\/p>\n<p style=\"text-align: justify;\"><strong>Bah\u00e7eli: \u0130zin verilsin<\/strong><\/p>\n<p style=\"text-align: justify;\">MHP Genel Ba\u00fekan\u00fd Devlet Bah\u00e7eli ise savc\u0131lara soru\u015fturma izni verilmesini isteyerek, \u201cAksi tutum, Ba\u00febakan ve h\u00fck\u00fcmetini zan alt\u00fdnda b\u00fdrakacakt\u0131r\u201d dedi.<\/p>\n<p style=\"text-align: justify;\"><strong>Yasa, Fidan\u2019la haz\u0131rland\u0131<\/strong><\/p>\n<p style=\"text-align: justify;\">\u0130stanbul \u00d6zel Yetkili Ba\u015fsavc\u0131l\u0131\u011f\u0131 ge\u00e7en \u015fubat ay\u0131nda Hakan Fidan\u2019a, ifade vermesi i\u00e7in tebligat g\u00f6ndermi\u015fti. H\u00fck\u00fcmette b\u00fcy\u00fck tepki \u00e7eken talebin ard\u0131ndan Fidan\u2019\u0131n ifade vermesini engellemek i\u00e7in yasal \u00e7al\u0131\u015fma yap\u0131lm\u0131\u015ft\u0131. TBMM\u2019ye sunulan tek maddelik teklifin \u00f6ncesinde Ba\u015fbakanl\u0131k\u2019ta yo\u011fun ve bir o kadar da gizli bir \u00e7al\u0131\u015fma y\u00fcr\u00fct\u00fclm\u00fc\u015ft\u00fc. Ba\u015fbakanl\u0131k\u2019a al\u0131\u015f\u0131lm\u0131\u015f\u0131n aksine arka kap\u0131dan giren Fidan, Ba\u015fbakan Yard\u0131mc\u0131s\u0131 Be\u015fir Atalay\u2019la bir araya gelmi\u015fti. \u0130\u00e7i\u015fleri Bakan\u0131 \u0130dris Naim \u015eahin\u2019in de Ba\u015fbakanl\u0131k\u2019ta bulundu\u011fu s\u0131rada Ankara Emniyet M\u00fcd\u00fcr\u00fc Zeki \u00c7atalkaya da arka kap\u0131dan Ba\u015fbakanl\u0131k\u2019a girmi\u015fti. Ba\u015fbakanl\u0131k M\u00fcste\u015far\u0131 Efkan Ala, M\u0130T Hukuk M\u00fc\u015faviri U.C., Adalet Bakanl\u0131\u011f\u0131 M\u00fcste\u015far Yard\u0131mc\u0131s\u0131 Kenan \u00d6zdemir ve Ba\u015fbakanl\u0131k hukuk\u00e7ular\u0131n\u0131n kat\u0131ld\u0131\u011f\u0131 bir toplant\u0131n\u0131n hemen ard\u0131ndan h\u00fck\u00fcmet, \u00f6zel yetkili savc\u0131l\u0131klar\u0131n yetki de\u011fi\u015fikli\u011fi i\u00e7in Meclis\u2019e tek maddelik yasa teklifi vermi\u015fti. Kabul edilen yasa, M\u0130T M\u00fcste\u015far\u0131 gibi kamu yetkililerine soru\u015fturmay\u0131 Ba\u015fba-kan\u2019\u0131n iznine ba\u011flam\u0131\u015ft\u0131.<\/p>\n<p style=\"text-align: justify;\"><a href=\"http:\/\/www.radikal.com.tr\/Radikal.aspx?aType=RadikalDetayV3&amp;ArticleID=1081312&amp;CategoryID=77\" target=\"_blank\">Kaynak : Radikal.com.tr<\/a><\/p>\n","protected":false},"excerpt":{"rendered":"<p style=\"text-align: center;\">\n<p style=\"text-align: justify;\">Savc\u0131l\u0131k Fidan&#8217;a soru\u015fturma i\u00e7in Ba\u015fbakan-l\u0131k&#8217;tan izin isterken Erdo\u011fan, &#8220;Kanun a\u00e7\u0131k&#8221; dedi. AKP: M\u0130T&#8217;in \u00fczerine gidilmesi anlaml\u0131.<\/p>\n<p style=\"text-align: justify;\">\u0130stanbul \u00d6zel Yetkili Ba\u015fsavc\u0131vekilli\u011fi, M\u0130T M\u00fcste\u015far\u0131 Hakan Fidan\u2019\u0131n da aralar\u0131nda bulundu\u011fu be\u015f M\u0130T mensubunun KCK soru\u015fturmas\u0131 kapsam\u0131nda \u2018\u015f\u00fcpheli\u2019 s\u0131fat\u0131yla ifade vermeleri i\u00e7in Ba\u015fbakanl\u0131k\u2019tan izin istedi. Ba\u015fbakanl\u0131k\u2019ta soru\u015fturma izni verilmemesi g\u00f6r\u00fc\u015f\u00fc a\u011f\u0131rl\u0131k kazan\u0131rken <\/p>\n","protected":false},"author":1,"featured_media":0,"comment_status":"open","ping_status":"open","sticky":false,"template":"","format":"standard","meta":{"footnotes":""},"categories":[105],"tags":[],"class_list":["post-49336","post","type-post","status-publish","format-standard","hentry","category-gundem","odd"],"_links":{"self":[{"href":"http:\/\/www.korhanyilmaz.com\/index.php?rest_route=\/wp\/v2\/posts\/49336","targetHints":{"allow":["GET"]}}],"collection":[{"href":"http:\/\/www.korhanyilmaz.com\/index.php?rest_route=\/wp\/v2\/posts"}],"about":[{"href":"http:\/\/www.korhanyilmaz.com\/index.php?rest_route=\/wp\/v2\/types\/post"}],"author":[{"embeddable":true,"href":"http:\/\/www.korhanyilmaz.com\/index.php?rest_route=\/wp\/v2\/users\/1"}],"replies":[{"embeddable":true,"href":"http:\/\/www.korhanyilmaz.com\/index.php?rest_route=%2Fwp%2Fv2%2Fcomments&post=49336"}],"version-history":[{"count":0,"href":"http:\/\/www.korhanyilmaz.com\/index.php?rest_route=\/wp\/v2\/posts\/49336\/revisions"}],"wp:attachment":[{"href":"http:\/\/www.korhanyilmaz.com\/index.php?rest_route=%2Fwp%2Fv2%2Fmedia&parent=49336"}],"wp:term":[{"taxonomy":"category","embeddable":true,"href":"http:\/\/www.korhanyilmaz.com\/index.php?rest_route=%2Fwp%2Fv2%2Fcategories&post=49336"},{"taxonomy":"post_tag","embeddable":true,"href":"http:\/\/www.korhanyilmaz.com\/index.php?rest_route=%2Fwp%2Fv2%2Ftags&post=49336"}],"curies":[{"name":"wp","href":"https:\/\/api.w.org\/{rel}","templated":true}]}}