{"id":49332,"date":"2012-03-10T00:01:40","date_gmt":"2012-03-09T22:01:40","guid":{"rendered":"http:\/\/www.korhanyilmaz.com\/?p=49332"},"modified":"2012-03-10T00:03:48","modified_gmt":"2012-03-09T22:03:48","slug":"basbakanlikta-cuma-sendromu","status":"publish","type":"post","link":"http:\/\/www.korhanyilmaz.com\/?p=49332","title":{"rendered":"Ba\u015fbakanl\u0131kta cuma sendromu"},"content":{"rendered":"<p style=\"text-align: center;\"><a href=\"http:\/\/www.korhanyilmaz.com\/wp-content\/uploads\/2012\/03\/9107.jpg\"  class=\"lightview\"><img loading=\"lazy\" decoding=\"async\" class=\"aligncenter  wp-image-49333\" src=\"http:\/\/www.korhanyilmaz.com\/wp-content\/uploads\/2012\/03\/9107.jpg\" alt=\"\" width=\"396\" height=\"180\" \/><\/a><\/p>\n<p style=\"text-align: justify;\">Ba\u015fbakanl\u0131k Etik Kurulunun, Ba\u015fbakanl\u0131k b\u00fcrokrat\u0131 \u0130lker Ayc\u0131 hakk\u0131nda haz\u0131rlad\u0131\u011f\u0131 rapor ortal\u0131\u011f\u0131 kar\u0131\u015ft\u0131rd\u0131. Ayc\u0131\u2019n\u0131n her Cuma g\u00fcn\u00fc baz\u0131 personelin i\u015fine son verdi\u011fi ve kurumda \u2018\u2019Cuma sendromu\u2019\u2019 ya\u015fand\u0131\u011f\u0131 belirtildi.<\/p>\n<p style=\"text-align: justify;\">H\u0131zla y\u00fckselen gen\u00e7 b\u00fcrokratlardan biri olan Ba\u015fbakanl\u0131k Yat\u0131r\u0131m ve Tan\u0131t\u0131m Ajans\u0131 Ba\u015fkan\u0131 \u0130lker Ayc\u0131 hakk\u0131nda haz\u0131rlanan rapor ortal\u0131\u011f\u0131 kar\u0131\u015ft\u0131rd\u0131. Ayc\u0131\u2019n\u0131n her Cuma g\u00fcn\u00fc baz\u0131 personelin i\u015fine son verdi\u011fi ve bu nedenle kurumda \u2018\u2019Cuma sendromu\u2019\u2019 ya\u015fand\u0131\u011f\u0131 belirtildi.\u00a0<!--more--><\/p>\n<p style=\"text-align: justify;\">Ba\u015fbakanl\u0131k Etik Kurulu taraf\u0131ndan yap\u0131lan incelemede, bir y\u0131l \u00f6nce g\u00f6reve atanan ve Ba\u015fbakan Erdo\u011fan\u2019\u0131n ba\u015fkanl\u0131\u011f\u0131 d\u00f6neminde \u0130stanbul B\u00fcy\u00fck\u015fehir Belediyesinde \u00e7al\u0131\u015fan Ayc\u0131 hakk\u0131nda kapsaml\u0131 bir karar metni haz\u0131rland\u0131. Kararda, kurum \u00e7al\u0131\u015fanlar\u0131n\u0131n, \u2018\u2019\u0130\u015ften \u00e7\u0131karmalar Cuma g\u00fcnleri yap\u0131lmakta, her Cuma g\u00fcn\u00fc acaba kimin i\u015fine son verilecek endi\u015fesi ya\u015fanmaktad\u0131r\u2019\u2019 \u015fikayeti de yer ald\u0131.<\/p>\n<p style=\"text-align: justify;\"><strong>PASTANEC\u0130 KARDE\u015eE MAKAM ARACI<\/strong><\/p>\n<p style=\"text-align: justify;\">Ayc\u0131\u2019n\u0131n \u00e7al\u0131\u015fanlara mobbing uygulad\u0131\u011f\u0131, pastaneci olan karde\u015fi ve ailesine sirenli makam arac\u0131 tahsis etti\u011fi, 20 ki\u015fiyi i\u015ften \u00e7\u0131kar\u0131p, ayn\u0131 g\u00f6revlere 37 ki\u015fi ald\u0131\u011f\u0131 belirtildi. 13 bin Euro net maa\u015fla dan\u0131\u015fman da \u00e7al\u0131\u015ft\u0131ran Ayc\u0131, savunmas\u0131nda iddialar\u0131 yalanlad\u0131. 7 g\u00fcn 24 saat \u00e7al\u0131\u015ft\u0131klar\u0131n\u0131 ve \u00f6zel sekt\u00f6r \u015fartlar\u0131nda dan\u0131\u015fman g\u00f6revlendirdi\u011fini s\u00f6yledi. Ancak Etik kurul Ayc\u0131\u2019n\u0131n faaliyetlerini \u2018\u2019G\u00fcven zedeleyici\u2019\u2019 buldu. Etik Kurul raporunda \u015fu iddialar g\u00fcndeme getirildi:<\/p>\n<p style=\"text-align: justify;\"><strong>A\u0130LE BOYU ARA\u00c7:<\/strong> Kurum Ba\u015fkan\u0131, karde\u015fine ve yak\u0131nlar\u0131na ara\u00e7 tahsis etti. Yak\u0131t masraflar\u0131 Kurum b\u00fct\u00e7esinden kar\u015f\u0131land\u0131. Ara\u00e7lardan biri haftan\u0131n 7 g\u00fcn\u00fc 24 saati Ba\u015fkan\u2019\u0131n karde\u015findeydi. Ara\u00e7lar bayram tatillerinde de Ankara d\u0131\u015f\u0131na gitti.<\/p>\n<p style=\"text-align: justify;\"><strong>BA\u015eDANI\u015eMAN MAA\u015eI:<\/strong> Kurum\u2019da ba\u015f dan\u0131\u015fman olarak \u00e7al\u0131\u015fan bir ki\u015fiye 13.000 Euro net \u00fccret \u00f6dendi. Yurtd\u0131\u015f\u0131nda temsilcili\u011fi i\u00e7in de \u00f6zel bir \u015firketle temsilci ba\u015f\u0131na 22.000 Euro kar\u015f\u0131l\u0131\u011f\u0131 anla\u015f\u0131ld\u0131.<\/p>\n<p style=\"text-align: justify;\"><strong>\u0130HALES\u0130Z KONAKLAMA:<\/strong> Kurum\u2019un yurt i\u00e7i ve yurt d\u0131\u015f\u0131 seyahat ve konaklama hizmetleri ihalesiz olarak bir firmaya verildi. Bu firman\u0131n referans\u0131 olarak da, ba\u015fkan\u0131n\u0131n eski \u00e7al\u0131\u015ft\u0131\u011f\u0131 Genel M\u00fcd\u00fcrl\u00fck g\u00f6s0terildi.<\/p>\n<p style=\"text-align: justify;\"><strong>H\u0130LEL\u0130 TAZM\u0130NAT:<\/strong> Ba\u015fkan, Kurum \u00e7al\u0131\u015fan\u0131 \u00e7ok say\u0131da ki\u015fiyi haks\u0131z yere i\u015ften \u00e7\u0131kard\u0131. \u00c7\u0131kar\u0131lanlar\u0131n yerlerine ayn\u0131 stat\u00fcde ba\u015fkalar\u0131 i\u015fe al\u0131nd\u0131. Al\u0131nan baz\u0131 ki\u015filer, Ba\u015fkan\u2019\u0131n eskiden Genel M\u00fcd\u00fcrl\u00fck yapt\u0131\u011f\u0131 sigorta \u015firketinden \u00e7\u0131kar\u0131lm\u0131\u015f gibi g\u00f6sterilerek y\u00fcksek tazminat almalar\u0131 sa\u011fland\u0131.<\/p>\n<p style=\"text-align: justify;\"><strong>MOBB\u0130NG DE VAR:<\/strong> Kurum ba\u015fkan\u0131, personel toplant\u0131lar\u0131nda \u2018\u2019Sizin birimden hen\u00fcz kimseyi atmad\u0131m ona g\u00f6re\u2019\u2019 diyerek psikolojik bask\u0131 yapt\u0131. Bu \u015fekilde mobing uygulad\u0131. Kurum personelinden baz\u0131lar\u0131na \u00f6nce i\u015f verilmedi, sonra da \u00e7al\u0131\u015fmad\u0131klar\u0131 gerek\u00e7esiyle i\u015ften \u00e7\u0131kar\u0131ld\u0131k. Bo\u015falan yerlere ayn\u0131 stat\u00fcde yeni eleman al\u0131nd\u0131.<\/p>\n<p style=\"text-align: justify;\"><strong>CUMA SENDORUMU:<\/strong> \u0130\u015fe al\u0131mlarda Kurum Ba\u015fkan\u0131 ve \u0130nsan Kaynaklar\u0131 Daire Ba\u015fkan\u0131, hem\u015fehricilik yapt\u0131. Ba\u015fkan eski \u00e7al\u0131\u015ft\u0131\u011f\u0131 Kurum\u2019dan bir\u00e7ok ki\u015fiyi s\u0131navs\u0131z i\u015fe ald\u0131. \u0130\u015ften \u00e7\u0131karmalar, Cuma g\u00fcnleri yap\u0131ld\u0131\u011f\u0131 ve her Cuma g\u00fcn\u00fc acaba kimin i\u015fine son verilece\u011fi endi\u015fesi ya\u015fand\u0131.<\/p>\n<p style=\"text-align: justify;\">41 ya\u015f\u0131ndaki Ayc\u0131, 1994 y\u0131l\u0131nda Ba\u015fbakan Erdo\u011fan\u2019\u0131n ba\u015fkanl\u0131\u011f\u0131 d\u00f6neminde \u0130stanbul B\u00fcy\u00fck\u015fehir Belediyesinde dan\u0131\u015fman oldu. AKP \u0130stanbul \u0130l Ba\u015fkan yard\u0131mc\u0131l\u0131\u011f\u0131 da yapan Ayc\u0131, 2005 y\u0131l\u0131ndan itibaren \u00f6nce Ba\u015fak Sigorta, sonra G\u00fcne\u015f Sigorta Genel M\u00fcd\u00fcrl\u00fc\u011f\u00fcne atand\u0131. Bir y\u0131l \u00f6nce de Ba\u015fbakanl\u0131k Yat\u0131r\u0131m Destek ve Tan\u0131t\u0131m Ajans\u0131 Ba\u015fkanl\u0131\u011f\u0131na getirildi.<\/p>\n<p style=\"text-align: justify;\"><a href=\"http:\/\/www.gazeteport.com.tr\/haber\/83497\/basbakanlikta_cuma_sendromu\" target=\"_blank\">Kaynak : GAZETEPORT<\/a><\/p>\n","protected":false},"excerpt":{"rendered":"<p style=\"text-align: center;\">\n<p style=\"text-align: justify;\">Ba\u015fbakanl\u0131k Etik Kurulunun, Ba\u015fbakanl\u0131k b\u00fcrokrat\u0131 \u0130lker Ayc\u0131 hakk\u0131nda haz\u0131rlad\u0131\u011f\u0131 rapor ortal\u0131\u011f\u0131 kar\u0131\u015ft\u0131rd\u0131. Ayc\u0131\u2019n\u0131n her Cuma g\u00fcn\u00fc baz\u0131 personelin i\u015fine son verdi\u011fi ve kurumda \u2018\u2019Cuma sendromu\u2019\u2019 ya\u015fand\u0131\u011f\u0131 belirtildi.<\/p>\n<p style=\"text-align: justify;\">H\u0131zla y\u00fckselen gen\u00e7 b\u00fcrokratlardan biri olan Ba\u015fbakanl\u0131k Yat\u0131r\u0131m ve Tan\u0131t\u0131m Ajans\u0131 Ba\u015fkan\u0131 \u0130lker Ayc\u0131 hakk\u0131nda haz\u0131rlanan rapor ortal\u0131\u011f\u0131 kar\u0131\u015ft\u0131rd\u0131. Ayc\u0131\u2019n\u0131n her <\/p>\n","protected":false},"author":1,"featured_media":0,"comment_status":"open","ping_status":"open","sticky":false,"template":"","format":"standard","meta":{"footnotes":""},"categories":[105],"tags":[],"class_list":["post-49332","post","type-post","status-publish","format-standard","hentry","category-gundem","odd"],"_links":{"self":[{"href":"http:\/\/www.korhanyilmaz.com\/index.php?rest_route=\/wp\/v2\/posts\/49332","targetHints":{"allow":["GET"]}}],"collection":[{"href":"http:\/\/www.korhanyilmaz.com\/index.php?rest_route=\/wp\/v2\/posts"}],"about":[{"href":"http:\/\/www.korhanyilmaz.com\/index.php?rest_route=\/wp\/v2\/types\/post"}],"author":[{"embeddable":true,"href":"http:\/\/www.korhanyilmaz.com\/index.php?rest_route=\/wp\/v2\/users\/1"}],"replies":[{"embeddable":true,"href":"http:\/\/www.korhanyilmaz.com\/index.php?rest_route=%2Fwp%2Fv2%2Fcomments&post=49332"}],"version-history":[{"count":0,"href":"http:\/\/www.korhanyilmaz.com\/index.php?rest_route=\/wp\/v2\/posts\/49332\/revisions"}],"wp:attachment":[{"href":"http:\/\/www.korhanyilmaz.com\/index.php?rest_route=%2Fwp%2Fv2%2Fmedia&parent=49332"}],"wp:term":[{"taxonomy":"category","embeddable":true,"href":"http:\/\/www.korhanyilmaz.com\/index.php?rest_route=%2Fwp%2Fv2%2Fcategories&post=49332"},{"taxonomy":"post_tag","embeddable":true,"href":"http:\/\/www.korhanyilmaz.com\/index.php?rest_route=%2Fwp%2Fv2%2Ftags&post=49332"}],"curies":[{"name":"wp","href":"https:\/\/api.w.org\/{rel}","templated":true}]}}