{"id":49323,"date":"2012-03-09T16:11:15","date_gmt":"2012-03-09T14:11:15","guid":{"rendered":"http:\/\/www.korhanyilmaz.com\/?p=49323"},"modified":"2012-03-09T22:03:09","modified_gmt":"2012-03-09T20:03:09","slug":"zamanasimi-icin-yapilacak-birsey-yok","status":"publish","type":"post","link":"http:\/\/www.korhanyilmaz.com\/?p=49323","title":{"rendered":"&#8220;Zamana\u015f\u0131m\u0131 i\u00e7in yap\u0131lacak bir\u015fey yok&#8221;"},"content":{"rendered":"<p style=\"text-align: center;\"><a href=\"http:\/\/www.korhanyilmaz.com\/wp-content\/uploads\/2012\/03\/9104.jpg\"  class=\"lightview\"><img loading=\"lazy\" decoding=\"async\" class=\"aligncenter  wp-image-49324\" src=\"http:\/\/www.korhanyilmaz.com\/wp-content\/uploads\/2012\/03\/9104.jpg\" alt=\"\" width=\"396\" height=\"180\" \/><\/a><\/p>\n<p style=\"text-align: justify;\">HSYK Ba\u015fkanvekili \u0130brahim Okur: &#8220;Sivas Davas\u0131&#8217;nda zamana\u015f\u0131m\u0131 konusunda bundan sonra yap\u0131lacak fazla bir\u015fey yok.&#8221;<\/p>\n<p style=\"text-align: justify;\">ANKARA- NTV yay\u0131n\u0131na kat\u0131lan HSYK Ba\u015fkanvekili \u0130brahim Okur, g\u00fcndemle ilgili \u00f6nemli a\u00e7\u0131klamalarda bulundu. Sivas katliam\u0131n\u0131n san\u0131klar\u0131 hakk\u0131ndaki yarg\u0131laman\u0131n zamana\u015f\u0131m\u0131na u\u011framas\u0131na 4 g\u00fcn kala yarg\u0131n\u0131n nas\u0131l davranaca\u011f\u0131 sorusuna Okur, \u015f\u00f6yle yan\u0131t verdi:<!--more--><\/p>\n<p style=\"text-align: justify;\">\u201cSivas davas\u0131nda 5 san\u0131k hakk\u0131nda zamana\u015f\u0131m\u0131 doluyor. 4 san\u0131k hi\u00e7 yakalanmam\u0131\u015f, di\u011fer san\u0131k serbest b\u0131rak\u0131lm\u0131\u015f. Sivas davas\u0131nda s\u00f6zkonusu san\u0131klarla ilgili zamana\u015f\u0131m\u0131n\u0131n sonuna gelindi\u011fi g\u00f6r\u00fcl\u00fcyor. Zamana\u015f\u0131m\u0131 da t\u00fcm modern ceza hukununda olan bir uygulama. Mahkeme takdir hakk\u0131n\u0131 kullanabilir. Asl\u0131nda bu davada zamana\u015f\u0131m\u0131 uzam\u0131\u015f. Bu san\u0131klar asli fail de\u011fil, onlar cezaland\u0131r\u0131lm\u0131\u015f. Bu saatten sonra yap\u0131lacak fazla bir \u015fey yok.&#8221;<\/p>\n<p style=\"text-align: justify;\"><strong>&#8216;\u00d6ZEL YETK\u0130LER\u0130 BEN DE GEN\u0130\u015e BULUYORUM&#8217;<\/strong><\/p>\n<p style=\"text-align: justify;\">Okur, son olarak \u015fike davas\u0131 ile tekrar tart\u0131\u015fmal\u0131 hale gelen \u00f6zel yetkili mahkemelerle ilgili soruya ise \u015f\u00f6yle yan\u0131t verdi: &#8220;2007\u2019lere kadar tart\u0131\u015f\u0131lmam\u0131\u015f. Kamuoyundaki tart\u0131\u015fma yaratan davalarla g\u00fcndeme geldi. Ter\u00f6rle ve uyu\u015fturucuyla m\u00fccadele ediyorsan\u0131z bu mahkemelere ihtiya\u00e7 var. Yetkilerini k\u0131s\u0131tlayabilirsiniz. Yetkilerini ben de geni\u015f buluyorum.&#8221;<\/p>\n<p style=\"text-align: justify;\">\u00d6zel yetkili mahkemelerin yapt\u0131\u011f\u0131 yarg\u0131lamalarda tutuklu oran\u0131n y\u00fcksek oldu\u011funu dile getiren Okur \u015fu \u00f6rne\u011fi de verdi: &#8220;\u0130stanbul 12. \u00d6zel Yetkili Mahkemesi\u2019nde \u015fu anda 2600 san\u0131k yarg\u0131lan\u0131yor. Yakla\u015f\u0131k 542\u2019si yani y\u00fczde 20\u2019si tutuklu. Ergenekon davas\u0131nda ise san\u0131klar\u0131n 257 san\u0131ktan 65\u2019i yani y\u00fczde 25\u2019i tutukludur. Mahkemelerin yapt\u0131\u011f\u0131 i\u015fleri de\u011ferlendirirsek bu say\u0131lar \u00e7ok de\u011fildir. Ama \u00d6zel Yetkili mahkemelerin gerekli oldu\u011funu d\u00fc\u015f\u00fcn\u00fcyorum.&#8221;<\/p>\n<p style=\"text-align: justify;\">Savc\u0131 Ferhat Sar\u0131kaya\u2019yla ilgili soru\u015fturman\u0131n devam etti\u011fini belirten Okur, &#8220;15-16 uygulamada 11 hakim ve savc\u0131 disiplin cezas\u0131yla cezaland\u0131r\u0131ld\u0131. \u00d6zel Yetkili 25 mahkemede 188 ki\u015fi \u00e7al\u0131\u015f\u0131yor. 9 bin hakim \u015fikayet edilmi\u015f 1100 ki\u015fi i\u00e7in soru\u015fturma izni verilmi\u015f&#8221; diye konu\u015ftu.<\/p>\n<p style=\"text-align: justify;\"><strong>\u00dcNL\u00dc GLAD\u0130O SAVCISI GEL\u0130YOR<\/strong><\/p>\n<p style=\"text-align: justify;\">A\u0130HM kararlar\u0131 \u0131\u015f\u0131\u011f\u0131nda ifade \u00f6zg\u00fcrl\u00fc\u011f\u00fc ve medyan\u0131n sorumlulu\u011funun da konu\u015fulaca\u011f\u0131 sempozyumdan bahseden Okur, organizasyonla ilgili \u015f\u00f6yle konu\u015ftu: &#8220;\u0130lk kez 250 hakim bir araya gelecek. Sempozyumda A\u0130HM kararlar\u0131 \u0131\u015f\u0131\u011f\u0131nda ifade \u00f6zg\u00fcrl\u00fc\u011f\u00fc ve medyan\u0131n sorumlulu\u011fu da konu\u015fulacak. \u0130lk kez 250 hakim bir araya gelecek. \u0130talya\u2019daki Gladio soru\u015fturmas\u0131n\u0131 y\u00fcr\u00fcten Savc\u0131 Casson da sempozyuma davet edildi. Tutuklu milletvekilleriyle ilgili takdirin hakimlere ait oldu\u011funu belirten Okur, &#8220;Ama karar mahkemenindir&#8221; dedi.<\/p>\n<p style=\"text-align: justify;\">Hakim kararlar\u0131na y\u00f6nelik ele\u015ftirileri de\u011ferlendiren Okur s\u00f6zlerini \u015f\u00f6yle s\u00fcrd\u00fcrd\u00fc: &#8220;\u0130ki hukuk\u00e7unun oldu\u011fu yerde en az \u00fc\u00e7 g\u00f6r\u00fc\u015f vard\u0131r. Hakimlerin farkl\u0131 kanaatlerinin olmas\u0131 do\u011fald\u0131r. Farkl\u0131 g\u00f6r\u00fc\u015flerin olmas\u0131 i\u00e7tihatlar\u0131n olu\u015fmas\u0131 i\u00e7in \u00f6nemli. Bizim kurul olarak yarg\u0131sal g\u00f6revimiz yok. Hakim yanl\u0131\u015f karar verdiyse bunun \u015fikayet mercii Yarg\u0131tay. Herkesin bilin\u00e7lenmesi laz\u0131m. Biz T\u00fcrkiye genelinde hakim ve savc\u0131larla toplant\u0131 yapt\u0131k. Tepkisel de\u011fil, sorunlar\u0131 k\u00f6kten \u00e7\u00f6zecek ad\u0131mlar laz\u0131m.&#8221;<\/p>\n<p style=\"text-align: justify;\"><a href=\"http:\/\/www.gazeteport.com.tr\/haber\/83660\/quotzamanasimi_icin_yapilacak_birsey_yokquot\" target=\"_blank\">Kaynak : GAZETEPORT<\/a><\/p>\n","protected":false},"excerpt":{"rendered":"<p style=\"text-align: center;\">\n<p style=\"text-align: justify;\">HSYK Ba\u015fkanvekili \u0130brahim Okur: &#8220;Sivas Davas\u0131&#8217;nda zamana\u015f\u0131m\u0131 konusunda bundan sonra yap\u0131lacak fazla bir\u015fey yok.&#8221;<\/p>\n<p style=\"text-align: justify;\">ANKARA- NTV yay\u0131n\u0131na kat\u0131lan HSYK Ba\u015fkanvekili \u0130brahim Okur, g\u00fcndemle ilgili \u00f6nemli a\u00e7\u0131klamalarda bulundu. Sivas katliam\u0131n\u0131n san\u0131klar\u0131 hakk\u0131ndaki yarg\u0131laman\u0131n zamana\u015f\u0131m\u0131na u\u011framas\u0131na 4 g\u00fcn kala yarg\u0131n\u0131n nas\u0131l davranaca\u011f\u0131 sorusuna Okur, \u015f\u00f6yle yan\u0131t verdi:<\/p>\n","protected":false},"author":1,"featured_media":0,"comment_status":"open","ping_status":"open","sticky":false,"template":"","format":"standard","meta":{"footnotes":""},"categories":[105],"tags":[],"class_list":["post-49323","post","type-post","status-publish","format-standard","hentry","category-gundem","odd"],"_links":{"self":[{"href":"http:\/\/www.korhanyilmaz.com\/index.php?rest_route=\/wp\/v2\/posts\/49323","targetHints":{"allow":["GET"]}}],"collection":[{"href":"http:\/\/www.korhanyilmaz.com\/index.php?rest_route=\/wp\/v2\/posts"}],"about":[{"href":"http:\/\/www.korhanyilmaz.com\/index.php?rest_route=\/wp\/v2\/types\/post"}],"author":[{"embeddable":true,"href":"http:\/\/www.korhanyilmaz.com\/index.php?rest_route=\/wp\/v2\/users\/1"}],"replies":[{"embeddable":true,"href":"http:\/\/www.korhanyilmaz.com\/index.php?rest_route=%2Fwp%2Fv2%2Fcomments&post=49323"}],"version-history":[{"count":0,"href":"http:\/\/www.korhanyilmaz.com\/index.php?rest_route=\/wp\/v2\/posts\/49323\/revisions"}],"wp:attachment":[{"href":"http:\/\/www.korhanyilmaz.com\/index.php?rest_route=%2Fwp%2Fv2%2Fmedia&parent=49323"}],"wp:term":[{"taxonomy":"category","embeddable":true,"href":"http:\/\/www.korhanyilmaz.com\/index.php?rest_route=%2Fwp%2Fv2%2Fcategories&post=49323"},{"taxonomy":"post_tag","embeddable":true,"href":"http:\/\/www.korhanyilmaz.com\/index.php?rest_route=%2Fwp%2Fv2%2Ftags&post=49323"}],"curies":[{"name":"wp","href":"https:\/\/api.w.org\/{rel}","templated":true}]}}