{"id":49319,"date":"2012-03-09T13:57:08","date_gmt":"2012-03-09T11:57:08","guid":{"rendered":"http:\/\/www.korhanyilmaz.com\/?p=49319"},"modified":"2012-03-09T18:29:42","modified_gmt":"2012-03-09T16:29:42","slug":"erdogandan-ahmet-altana-30-bin-tllik-dava","status":"publish","type":"post","link":"http:\/\/www.korhanyilmaz.com\/?p=49319","title":{"rendered":"Erdo\u011fan\u2019dan Ahmet Altan\u2019a 30 bin TL&#8217;lik dava"},"content":{"rendered":"<p style=\"text-align: center;\"><a href=\"http:\/\/www.korhanyilmaz.com\/wp-content\/uploads\/2012\/03\/9103.jpg\"  class=\"lightview\"><img loading=\"lazy\" decoding=\"async\" class=\"aligncenter  wp-image-49320\" src=\"http:\/\/www.korhanyilmaz.com\/wp-content\/uploads\/2012\/03\/9103.jpg\" alt=\"\" width=\"338\" height=\"195\" \/><\/a><\/p>\n<p style=\"text-align: justify;\">Ba\u015fbakan Erdo\u011fan, Taraf gazetesi Genel Yay\u0131n Y\u00f6netmeni Ahmet Altan\u2019\u0131n d\u00fcnk\u00fc k\u00f6\u015fe yaz\u0131s\u0131 nedeniyle 30 bin liral\u0131k tazminat davas\u0131 a\u00e7t\u0131.<\/p>\n<p style=\"text-align: justify;\">ANKARA &#8211; AK Parti Genel Ba\u015fkan\u0131 ve Ba\u015fbakan Recep Tayyip Erdo\u011fan\u2019\u0131n avukatlar\u0131 Muammer Cemalo\u011flu ve Burhanettin Sevencan, Taraf gazetesi Genel Yay\u0131n Y\u00f6netmeni Ahmet Altan&#8217;\u0131n &#8221;Alaturkal\u0131k&#8221; ba\u015fl\u0131\u011f\u0131yla d\u00fcn kaleme ald\u0131\u011f\u0131 yaz\u0131 nedeniyle dava a\u00e7t\u0131.\u00a0<!--more--><\/p>\n<p style=\"text-align: justify;\">Ahmet Altan\u2019\u0131n yaz\u0131s\u0131nda &#8221;Erdo\u011fan&#8217;\u0131n \u015fahsiyet haklar\u0131na sald\u0131r\u0131 kast\u0131yla, fevkalade a\u011f\u0131r hakaretlerde bulundu\u011fu&#8221; kaydedilerek, k\u00f6\u015fe yaz\u0131s\u0131ndan al\u0131nt\u0131lara yer verildi.<\/p>\n<p style=\"text-align: justify;\">Dilek\u00e7ede, &#8221;Yaz\u0131n\u0131n Erdo\u011fan&#8217;\u0131 ele\u015ftirmeye de\u011fil; a\u015fa\u011f\u0131lamaya, k\u00fc\u00e7\u00fck d\u00fc\u015f\u00fcrmeye, cahil, bilgisiz ve ilgisiz olmakla itham etmeye y\u00f6nelik oldu\u011fu&#8221; ve yaz\u0131daki de\u011ferlendirmelerin &#8221;d\u00fc\u015f\u00fcnce a\u00e7\u0131klamas\u0131&#8221; olarak kabul edilemeyece\u011fi belirtildi.<\/p>\n<p style=\"text-align: justify;\">Yaz\u0131daki ifadelerin sa\u011fduyu sahibi bir ki\u015finin kabul edece\u011fi s\u00f6zler olmad\u0131\u011f\u0131 kaydedilen dilek\u00e7ede, &#8221;Topluma b\u00f6yle bir dilin a\u015f\u0131lanmas\u0131 bas\u0131n\u0131n var olu\u015f nedenlerini zay\u0131flat\u0131r, hatta i\u015flevini de etkisizle\u015ftirir. Bu nedenledir ki daval\u0131, Bas\u0131n Kanunu, yerle\u015fik yarg\u0131sal ve bilimsel i\u00e7tihatlarca da sabit oldu\u011fu \u00fczere dava konusu yay\u0131nla, m\u00fcvekkil davac\u0131 asilin ki\u015filik haklar\u0131na ve manevi \u015fahsiyetine a\u00e7\u0131k\u00e7a bir sald\u0131r\u0131 ger\u00e7ekle\u015ftirmi\u015ftir&#8221; denildi.<\/p>\n<p style=\"text-align: justify;\">Bas\u0131n \u00f6zg\u00fcrl\u00fc\u011f\u00fc ve ele\u015ftiri hakk\u0131n\u0131n hi\u00e7bir zaman i\u00e7in uluslararas\u0131 metinlerle, anayasayla ve yasalarla g\u00fcvence alt\u0131na al\u0131nan, ki\u015filerin \u015feref ve haysiyetinin ihlali arac\u0131 olarak kullan\u0131lamayaca\u011f\u0131 belirtilen dilek\u00e7ede, Altan ve Taraf gazetesinden toplam 30 bin lira manevi tazminat talep edildi.<\/p>\n<p style=\"text-align: justify;\"><a href=\"http:\/\/www.ntvmsnbc.com\/id\/25329005\/\" target=\"_blank\">Kaynak : NTVMSNBC<\/a><\/p>\n","protected":false},"excerpt":{"rendered":"<p style=\"text-align: center;\">\n<p style=\"text-align: justify;\">Ba\u015fbakan Erdo\u011fan, Taraf gazetesi Genel Yay\u0131n Y\u00f6netmeni Ahmet Altan\u2019\u0131n d\u00fcnk\u00fc k\u00f6\u015fe yaz\u0131s\u0131 nedeniyle 30 bin liral\u0131k tazminat davas\u0131 a\u00e7t\u0131.<\/p>\n<p style=\"text-align: justify;\">ANKARA &#8211; AK Parti Genel Ba\u015fkan\u0131 ve Ba\u015fbakan Recep Tayyip Erdo\u011fan\u2019\u0131n avukatlar\u0131 Muammer Cemalo\u011flu ve Burhanettin Sevencan, Taraf gazetesi Genel Yay\u0131n Y\u00f6netmeni Ahmet Altan&#8217;\u0131n &#8221;Alaturkal\u0131k&#8221; ba\u015fl\u0131\u011f\u0131yla d\u00fcn kaleme ald\u0131\u011f\u0131 <\/p>\n","protected":false},"author":1,"featured_media":0,"comment_status":"open","ping_status":"open","sticky":false,"template":"","format":"standard","meta":{"footnotes":""},"categories":[105],"tags":[],"class_list":["post-49319","post","type-post","status-publish","format-standard","hentry","category-gundem","odd"],"_links":{"self":[{"href":"http:\/\/www.korhanyilmaz.com\/index.php?rest_route=\/wp\/v2\/posts\/49319","targetHints":{"allow":["GET"]}}],"collection":[{"href":"http:\/\/www.korhanyilmaz.com\/index.php?rest_route=\/wp\/v2\/posts"}],"about":[{"href":"http:\/\/www.korhanyilmaz.com\/index.php?rest_route=\/wp\/v2\/types\/post"}],"author":[{"embeddable":true,"href":"http:\/\/www.korhanyilmaz.com\/index.php?rest_route=\/wp\/v2\/users\/1"}],"replies":[{"embeddable":true,"href":"http:\/\/www.korhanyilmaz.com\/index.php?rest_route=%2Fwp%2Fv2%2Fcomments&post=49319"}],"version-history":[{"count":0,"href":"http:\/\/www.korhanyilmaz.com\/index.php?rest_route=\/wp\/v2\/posts\/49319\/revisions"}],"wp:attachment":[{"href":"http:\/\/www.korhanyilmaz.com\/index.php?rest_route=%2Fwp%2Fv2%2Fmedia&parent=49319"}],"wp:term":[{"taxonomy":"category","embeddable":true,"href":"http:\/\/www.korhanyilmaz.com\/index.php?rest_route=%2Fwp%2Fv2%2Fcategories&post=49319"},{"taxonomy":"post_tag","embeddable":true,"href":"http:\/\/www.korhanyilmaz.com\/index.php?rest_route=%2Fwp%2Fv2%2Ftags&post=49319"}],"curies":[{"name":"wp","href":"https:\/\/api.w.org\/{rel}","templated":true}]}}