{"id":49309,"date":"2012-03-09T12:52:36","date_gmt":"2012-03-09T10:52:36","guid":{"rendered":"http:\/\/www.korhanyilmaz.com\/?p=49309"},"modified":"2012-03-09T13:25:48","modified_gmt":"2012-03-09T11:25:48","slug":"fidan-izni-basbakanlikta","status":"publish","type":"post","link":"http:\/\/www.korhanyilmaz.com\/?p=49309","title":{"rendered":"Fidan izni Ba\u015fbakanl\u0131k&#8217;ta"},"content":{"rendered":"<p style=\"text-align: center;\"><a href=\"http:\/\/www.korhanyilmaz.com\/wp-content\/uploads\/2012\/03\/9100.jpg\"  class=\"lightview\"><img loading=\"lazy\" decoding=\"async\" class=\"aligncenter  wp-image-49310\" src=\"http:\/\/www.korhanyilmaz.com\/wp-content\/uploads\/2012\/03\/9100.jpg\" alt=\"\" width=\"280\" height=\"210\" \/><\/a><\/p>\n<p>\u0130stanbul \u00d6zel Yetkili Cumhuriyet Ba\u015fsavc\u0131vekilli\u011fi&#8217;nin, M\u0130T mensuplar\u0131n\u0131 ifade \u00e7a\u011f\u0131rmas\u0131na ili\u015fkin talebi, Ba\u015fbakanl\u0131\u011fa ula\u015ft\u0131.<\/p>\n<p>Ankara- Ba\u015fbakanl\u0131k kaynaklar\u0131, M\u0130T M\u00fcste\u015far\u0131 Hakan Fidan, eski M\u00fcste\u015far Emre Taner ve eski M\u00fcste\u015far Yard\u0131mc\u0131s\u0131 Afet G\u00fcne\u015f ile 2 M\u0130T mensubunun ifadeye \u00e7a\u011fr\u0131lmalar\u0131 talebinin, incelendi\u011fi ve talebe ili\u015fkin cevab\u0131n inceleme sonunda verilece\u011fi bilgisini verdi.<\/p>\n<p><a href=\"http:\/\/www.cumhuriyet.com.tr\/?hn=320912\" target=\"_blank\">Kaynak : Cumhuriyet Haber Portal\u0131<\/a><\/p>\n","protected":false},"excerpt":{"rendered":"<p style=\"text-align: center;\">\n<p>\u0130stanbul \u00d6zel Yetkili Cumhuriyet Ba\u015fsavc\u0131vekilli\u011fi&#8217;nin, M\u0130T mensuplar\u0131n\u0131 ifade \u00e7a\u011f\u0131rmas\u0131na ili\u015fkin talebi, Ba\u015fbakanl\u0131\u011fa ula\u015ft\u0131.<\/p>\n<p>Ankara- Ba\u015fbakanl\u0131k kaynaklar\u0131, M\u0130T M\u00fcste\u015far\u0131 Hakan Fidan, eski M\u00fcste\u015far Emre Taner ve eski M\u00fcste\u015far Yard\u0131mc\u0131s\u0131 Afet G\u00fcne\u015f ile 2 M\u0130T mensubunun ifadeye \u00e7a\u011fr\u0131lmalar\u0131 talebinin, incelendi\u011fi ve talebe ili\u015fkin cevab\u0131n inceleme sonunda verilece\u011fi bilgisini verdi.<\/p>\n<p>Kaynak : Cumhuriyet Haber Portal\u0131<\/p>\n","protected":false},"author":1,"featured_media":0,"comment_status":"open","ping_status":"open","sticky":false,"template":"","format":"standard","meta":{"footnotes":""},"categories":[105],"tags":[],"class_list":["post-49309","post","type-post","status-publish","format-standard","hentry","category-gundem","odd"],"_links":{"self":[{"href":"http:\/\/www.korhanyilmaz.com\/index.php?rest_route=\/wp\/v2\/posts\/49309","targetHints":{"allow":["GET"]}}],"collection":[{"href":"http:\/\/www.korhanyilmaz.com\/index.php?rest_route=\/wp\/v2\/posts"}],"about":[{"href":"http:\/\/www.korhanyilmaz.com\/index.php?rest_route=\/wp\/v2\/types\/post"}],"author":[{"embeddable":true,"href":"http:\/\/www.korhanyilmaz.com\/index.php?rest_route=\/wp\/v2\/users\/1"}],"replies":[{"embeddable":true,"href":"http:\/\/www.korhanyilmaz.com\/index.php?rest_route=%2Fwp%2Fv2%2Fcomments&post=49309"}],"version-history":[{"count":0,"href":"http:\/\/www.korhanyilmaz.com\/index.php?rest_route=\/wp\/v2\/posts\/49309\/revisions"}],"wp:attachment":[{"href":"http:\/\/www.korhanyilmaz.com\/index.php?rest_route=%2Fwp%2Fv2%2Fmedia&parent=49309"}],"wp:term":[{"taxonomy":"category","embeddable":true,"href":"http:\/\/www.korhanyilmaz.com\/index.php?rest_route=%2Fwp%2Fv2%2Fcategories&post=49309"},{"taxonomy":"post_tag","embeddable":true,"href":"http:\/\/www.korhanyilmaz.com\/index.php?rest_route=%2Fwp%2Fv2%2Ftags&post=49309"}],"curies":[{"name":"wp","href":"https:\/\/api.w.org\/{rel}","templated":true}]}}