{"id":49301,"date":"2012-03-09T09:25:42","date_gmt":"2012-03-09T07:25:42","guid":{"rendered":"http:\/\/www.korhanyilmaz.com\/?p=49301"},"modified":"2012-03-09T13:08:47","modified_gmt":"2012-03-09T11:08:47","slug":"1-pankarta-45-yil","status":"publish","type":"post","link":"http:\/\/www.korhanyilmaz.com\/?p=49301","title":{"rendered":"1 pankarta 45 y\u0131l!"},"content":{"rendered":"<p style=\"text-align: center;\"><a href=\"http:\/\/www.korhanyilmaz.com\/wp-content\/uploads\/2012\/03\/9098.jpg\"  class=\"lightview\"><img loading=\"lazy\" decoding=\"async\" class=\"aligncenter  wp-image-49302\" src=\"http:\/\/www.korhanyilmaz.com\/wp-content\/uploads\/2012\/03\/9098.jpg\" alt=\"\" width=\"307\" height=\"236\" \/><\/a><\/p>\n<p style=\"text-align: justify;\">Davada gen\u00e7lere beraat isteyen savc\u0131 gitti, yenisi geldi tam 45 y\u0131l istedi.<\/p>\n<p style=\"text-align: justify;\">Ba\u015fbakan Tayyip Erdo\u011fan\u2019\u0131n kat\u0131l\u0131m\u0131yla ger\u00e7ekle\u015ftirilen \u201cRoman Bulu\u015fmas\u0131\u201dnda \u201cParas\u0131z e\u011fitim istiyoruz, alaca\u011f\u0131z\u201d pankart\u0131 a\u00e7an \u00fcniversite \u00f6\u011frencileri Berna Y\u0131lmaz, Ferhat T\u00fczer ve Utku Aykar hakk\u0131nda 7.5 y\u0131ldan 15 y\u0131la kadar hapis cezas\u0131 talep edildi.<!--more--><\/p>\n<p style=\"text-align: justify;\">Savc\u0131, \u00f6\u011frencileri \u201cSilahl\u0131 ter\u00f6r \u00f6rg\u00fct\u00fcne \u00fcye olmak\u201dla su\u00e7lad\u0131. Davada daha \u00f6nce g\u00f6rev yapan savc\u0131 ise \u00f6\u011frenciler hakk\u0131nda beraat istemi\u015fti.<\/p>\n<p style=\"text-align: justify;\">\u0130stanbul 10. A\u011f\u0131r Ceza Mahkemesi\u2019nde d\u00fcn g\u00f6r\u00fclen duru\u015fmaya tutuksuz san\u0131k Berna Y\u0131lmaz geldi. Ferhat T\u00fczer ve Utku Aykar ise duru\u015fmaya kat\u0131lmad\u0131.<\/p>\n<p style=\"text-align: justify;\">Duru\u015fmada daha \u00f6nce g\u00f6rev yapan Savc\u0131 Kas\u0131m \u0130limo\u011flu\u2019nun beraat y\u00f6n\u00fcndeki m\u00fctalaas\u0131n\u0131 de\u011fi\u015ftirmek istedi\u011fini s\u00f6yleyen yeni Savc\u0131 Adem \u00d6zcan, esas hakk\u0131ndaki g\u00f6r\u00fc\u015f\u00fcn\u00fc a\u00e7\u0131klad\u0131.<\/p>\n<p style=\"text-align: justify;\">M\u00fctalaada, Emniyet M\u00fcd\u00fcrl\u00fc\u011f\u00fc\u2019n\u00fcn, \u201cDHKP\/C ter\u00f6r \u00f6rg\u00fct\u00fcn\u00fcn 30 Eyl\u00fcl 2009 tarihinden itibaren \u2018Amerika defol bu vatan bizim, Dev Gen\u00e7\u2019 adl\u0131 yurt genelinde kampanya ba\u015flataca\u011f\u0131 ve \u00f6rg\u00fct\u00fcn alt seksiyonlar\u0131n\u0131n \u2018e\u011fitim har\u00e7lar\u0131n\u0131n kald\u0131r\u0131lmas\u0131 ve paras\u0131z e\u011fitim verilmesi\u2019 talepleriyle kampanya ba\u015flataca\u011f\u0131\u201d \u015feklinde ihbarlar ald\u0131\u011f\u0131 belirtildi. Savc\u0131 \u00d6zcan, bu do\u011frultuda Abdi \u0130pek\u00e7i Spor Salonu\u2019nda 14 Mart 2010 tarihinde d\u00fczenlenen ve Erdo\u011fan\u2019\u0131n kat\u0131ld\u0131\u011f\u0131 toplant\u0131da san\u0131klar\u0131n \u201cParas\u0131z e\u011fitim istiyoruz, alaca\u011f\u0131z\u201d i\u00e7erikli pankart a\u00e7t\u0131klar\u0131n\u0131 kaydetti. San\u0131klar\u0131n ayr\u0131ca, \u201cHar\u00e7lar kald\u0131r\u0131ls\u0131n, h\u0131rs\u0131zlara verilecek param\u0131z yok\u201d yaz\u0131l\u0131 bildiriler da\u011f\u0131tt\u0131\u011f\u0131 anlat\u0131ld\u0131.<\/p>\n<p style=\"text-align: justify;\"><strong>\u2018\u00d6rg\u00fct \u00fcyeli\u011fi\u2019 su\u00e7lamas\u0131<\/strong><\/p>\n<p style=\"text-align: justify;\">\u201cSan\u0131klar\u0131n DHKP\/C ter\u00f6r \u00f6rg\u00fct\u00fc g\u00fcd\u00fcm\u00fcnde yay\u0131n yapan bas\u0131n ve yay\u0131n kurulu\u015flar\u0131 arac\u0131l\u0131\u011f\u0131yla verilen talimatlar ve yap\u0131lan \u00e7a\u011fr\u0131lar do\u011frultusunda bu yasad\u0131\u015f\u0131 g\u00f6sterilere kat\u0131ld\u0131klar\u0131, bu haliyle san\u0131klar\u0131n eylemlerinin bir b\u00fct\u00fcn halinde silahl\u0131 ter\u00f6r \u00f6rg\u00fct\u00fc \u00fcyesi olmak su\u00e7unu olu\u015fturdu\u011fu, yarg\u0131lama sonucu elde edilen t\u00fcm delillerden anla\u015f\u0131lm\u0131\u015ft\u0131r\u201d denilen m\u00fctalaada Savc\u0131 Adem \u00d6zcan, san\u0131klar Berna Y\u0131lmaz, Ferhat T\u00fczer ve Utku Aykar hakk\u0131nda \u201csilahl\u0131 ter\u00f6r \u00f6rg\u00fct\u00fcne \u00fcye olmak\u201d su\u00e7undan 7.5 y\u0131ldan 15 y\u0131la kadar hapis cezas\u0131 istedi.<\/p>\n<p style=\"text-align: justify;\"><strong>\u2018\u0130fade \u00f6zg\u00fcrl\u00fc\u011f\u00fc\u2019<\/strong><\/p>\n<p style=\"text-align: justify;\">Daha \u00f6nce duru\u015fmada g\u00f6rev yapan Savc\u0131 Kas\u0131m \u0130limo\u011flu, May\u0131s 2011\u2019deki celsede eylemin Anayasal d\u00fc\u015f\u00fcnceyi a\u00e7\u0131klama s\u0131n\u0131rlar\u0131 i\u00e7erisinde bulundu\u011funu belirterek san\u0131klar\u0131n beraatlar\u0131n\u0131 talep etmi\u015fti.<\/p>\n<p style=\"text-align: justify;\"><a href=\"http:\/\/www.cnnturk.com\/2012\/guncel\/03\/09\/1.pankarta.45.yil\/652369.0\/index.html\" target=\"_blank\">Kaynak : CNN T\u00dcRK<\/a><\/p>\n","protected":false},"excerpt":{"rendered":"<p style=\"text-align: center;\">\n<p style=\"text-align: justify;\">Davada gen\u00e7lere beraat isteyen savc\u0131 gitti, yenisi geldi tam 45 y\u0131l istedi.<\/p>\n<p style=\"text-align: justify;\">Ba\u015fbakan Tayyip Erdo\u011fan\u2019\u0131n kat\u0131l\u0131m\u0131yla ger\u00e7ekle\u015ftirilen \u201cRoman Bulu\u015fmas\u0131\u201dnda \u201cParas\u0131z e\u011fitim istiyoruz, alaca\u011f\u0131z\u201d pankart\u0131 a\u00e7an \u00fcniversite \u00f6\u011frencileri Berna Y\u0131lmaz, Ferhat T\u00fczer ve Utku Aykar hakk\u0131nda 7.5 y\u0131ldan 15 y\u0131la kadar hapis cezas\u0131 talep edildi.<\/p>\n","protected":false},"author":1,"featured_media":0,"comment_status":"open","ping_status":"open","sticky":false,"template":"","format":"standard","meta":{"footnotes":""},"categories":[105],"tags":[],"class_list":["post-49301","post","type-post","status-publish","format-standard","hentry","category-gundem","odd"],"_links":{"self":[{"href":"http:\/\/www.korhanyilmaz.com\/index.php?rest_route=\/wp\/v2\/posts\/49301","targetHints":{"allow":["GET"]}}],"collection":[{"href":"http:\/\/www.korhanyilmaz.com\/index.php?rest_route=\/wp\/v2\/posts"}],"about":[{"href":"http:\/\/www.korhanyilmaz.com\/index.php?rest_route=\/wp\/v2\/types\/post"}],"author":[{"embeddable":true,"href":"http:\/\/www.korhanyilmaz.com\/index.php?rest_route=\/wp\/v2\/users\/1"}],"replies":[{"embeddable":true,"href":"http:\/\/www.korhanyilmaz.com\/index.php?rest_route=%2Fwp%2Fv2%2Fcomments&post=49301"}],"version-history":[{"count":0,"href":"http:\/\/www.korhanyilmaz.com\/index.php?rest_route=\/wp\/v2\/posts\/49301\/revisions"}],"wp:attachment":[{"href":"http:\/\/www.korhanyilmaz.com\/index.php?rest_route=%2Fwp%2Fv2%2Fmedia&parent=49301"}],"wp:term":[{"taxonomy":"category","embeddable":true,"href":"http:\/\/www.korhanyilmaz.com\/index.php?rest_route=%2Fwp%2Fv2%2Fcategories&post=49301"},{"taxonomy":"post_tag","embeddable":true,"href":"http:\/\/www.korhanyilmaz.com\/index.php?rest_route=%2Fwp%2Fv2%2Ftags&post=49301"}],"curies":[{"name":"wp","href":"https:\/\/api.w.org\/{rel}","templated":true}]}}