{"id":49296,"date":"2012-03-09T07:29:07","date_gmt":"2012-03-09T05:29:07","guid":{"rendered":"http:\/\/www.korhanyilmaz.com\/?p=49296"},"modified":"2012-03-09T11:32:43","modified_gmt":"2012-03-09T09:32:43","slug":"silahini-sahte-belgeli-iki-asker-almis","status":"publish","type":"post","link":"http:\/\/www.korhanyilmaz.com\/?p=49296","title":{"rendered":"Silah\u0131n\u0131 sahte belgeli iki asker alm\u0131\u015f"},"content":{"rendered":"<p style=\"text-align: justify;\"><a href=\"http:\/\/www.korhanyilmaz.com\/wp-content\/uploads\/2012\/03\/9096.jpg\"  class=\"lightview\"><img loading=\"lazy\" decoding=\"async\" class=\"aligncenter  wp-image-49297\" src=\"http:\/\/www.korhanyilmaz.com\/wp-content\/uploads\/2012\/03\/9096.jpg\" alt=\"\" width=\"336\" height=\"223\" \/><\/a><\/p>\n<p style=\"text-align: justify;\">Albay \u00c7illio\u011flu&#8217;nun \u00f6l\u00fcm\u00fc soru\u015fturmas\u0131nda \u00e7arp\u0131c\u0131 geli\u015fme: Albaya TSK&#8217;dan verilen 2 silah \u00f6l\u00fcm\u00fcnden 3 y\u0131l sonra sahte belgeli iki askerce al\u0131nm\u0131\u015f.<\/p>\n<p style=\"text-align: justify;\">MALATYA-D\u00dcZCE- Tunceli Jandarma Alay Komutanl\u0131\u011f\u0131 g\u00f6revini y\u00fcr\u00fctt\u00fc\u011f\u00fc s\u0131rada 1994 y\u0131l\u0131nda lojman\u0131nda intihar etti\u011fi iddia edilen Albay Kaz\u0131m \u00c7illio\u011flu\u2019na ait silahlar\u0131n \u00f6l\u00fcm\u00fcnden \u00fc\u00e7 y\u0131l sonra Jandarma Kriminal Daire Ba\u015fkanl\u0131\u011f\u0131 ad\u0131na d\u00fczenlenen sahte belgelerle aileden al\u0131nd\u0131\u011f\u0131 ortaya \u00e7\u0131kt\u0131. O\u011ful G\u00f6khan \u00c7illio\u011flu, \u201cO tarihte bu i\u015flemin hangi sebepten yap\u0131ld\u0131\u011f\u0131n\u0131 sordu\u011fumuzda \u2018rutin bir kontrol\u2019 cevab\u0131n\u0131 s\u00f6zl\u00fc olarak vermi\u015flerdi. Biz teslim al\u0131nan silah\u0131n namlusunun ve i\u011fnesinin daha sonra de\u011fi\u015ftirilmi\u015f olabilece\u011fi \u015f\u00fcphesindeyiz\u201d dedi.<!--more--><\/p>\n<div id=\"attachment_49298\" style=\"width: 290px\" class=\"wp-caption alignleft\"><a href=\"http:\/\/www.korhanyilmaz.com\/wp-content\/uploads\/2012\/03\/9097.jpg\"  class=\"lightview\"><img loading=\"lazy\" decoding=\"async\" aria-describedby=\"caption-attachment-49298\" class=\" wp-image-49298\" style=\"margin-left: 10px; margin-right: 10px;\" src=\"http:\/\/www.korhanyilmaz.com\/wp-content\/uploads\/2012\/03\/9097.jpg\" alt=\"\" width=\"280\" height=\"187\" \/><\/a><p id=\"caption-attachment-49298\" class=\"wp-caption-text\">D\u00f6nemin Tunceli Jandarma Alay Komutan\u0131 olan Albay Kaz\u0131m \u00c7illio\u011flu 1994 y\u0131l\u0131nda lojmanda \u00f6l\u00fc bulunmu\u015f, intihar etti\u011fi \u00f6ne s\u00fcr\u00fclm\u00fc\u015ft\u00fc. O\u011ful G\u00f6khan \u00c7illio\u011flu nun ba\u015fvurusuyla soru\u015fturma yeniden a\u00e7\u0131lm\u0131\u015f, 600 den fazla ki\u015finin ifadesi al\u0131nm\u0131\u015ft\u0131.<\/p><\/div>\n<p style=\"text-align: justify;\">1994\u2019te lojman\u0131nda \u00f6l\u00fc bulunduktan sonra d\u0131\u015f otopsisi yap\u0131larak \u2018intihar etti\u011fi\u2019 y\u00f6n\u00fcnde rapor verilen \u00c7illio\u011flu\u2019nun soru\u015fturma dosyas\u0131, o\u011flu G\u00f6khan \u00c7illio\u011flu\u2019nun m\u00fcracaat\u0131 \u00fczerine yeniden a\u00e7\u0131lm\u0131\u015ft\u0131. Malatya \u00d6zel Yetkili Cumhuriyet Savc\u0131l\u0131\u011f\u0131, soru\u015fturma kapsam\u0131nda 600\u2019\u00fcn \u00fczerinde ki\u015finin ifadesini al\u0131rken, \u00c7illio\u011flu\u2019nun mezar\u0131n\u0131n a\u00e7\u0131lmas\u0131na da karar vermi\u015fti. \u2018Ye\u015fil\u2019 kod adl\u0131 Mahmut Y\u0131ld\u0131r\u0131m ile \u2018Bozo\u2019 kod adl\u0131 Yusuf Geyik hakk\u0131nda tutuklama karar\u0131 \u00e7\u0131kar\u0131lmas\u0131n\u0131 sa\u011flayan savc\u0131l\u0131k \u00c7illio\u011flu\u2019nun \u00f6l\u00fcm\u00fcnden \u00fc\u00e7 y\u0131l sonra D\u00fczce\u2019deki evine giden iki askerin \u00c7illio\u011flu\u2019na TSK taraf\u0131ndan verilen iki silaha hangi maksatla el konuldu\u011funu, bu silahlarla ilgili ne gibi incelemeler yap\u0131ld\u0131\u011f\u0131n\u0131 Jandarma Kriminal Daire Ba\u015fkanl\u0131\u011f\u0131\u2019na sordu. Jandarmadan gelen yan\u0131tta, hi\u00e7bir tarihte s\u00f6z konusu silahlar\u0131n kendilerince istenmedi\u011fi belirtilerek, \u201cBuna ili\u015fkin belge bize ait de\u011fil, imzas\u0131 bulunan ki\u015finin kurumla ba\u011f\u0131 yok\u201d denildi. Soru\u015fturmay\u0131 geni\u015fleten \u00d6zel Yetkili Cumhuriyet Savc\u0131l\u0131\u011f\u0131, silahlar\u0131 teslim alan iki askerin \u015f\u00fcpheli s\u0131fat\u0131yla ifadesine ba\u015fvurdu. S\u00f6z konusu askerlerin, ifadelerinde kendilerine verilen emirleri yerine getirdiklerini s\u00f6yledikleri \u00f6\u011frenildi.<\/p>\n<p style=\"text-align: justify;\">\u00a0<strong>O\u011ful \u00c7illio\u011flu: Bu ciddi bir delildir<\/strong><\/p>\n<p style=\"text-align: justify;\">O\u011ful G\u00f6khan \u00c7illio\u011flu, 12 Kas\u0131m 1997\u2019de iki r\u00fctbeli askerin teslim tebell\u00fc\u011f belgesiyle babas\u0131n\u0131n silah\u0131n\u0131 ald\u0131\u011f\u0131n\u0131 ve belirli bir s\u00fcre sonra teslim ettiklerini belirtti ve \u015funlar\u0131 anlatt\u0131: \u201cO tarihte bu i\u015flemin hangi sebepten yap\u0131ld\u0131\u011f\u0131n\u0131 sordu\u011fumuzda \u2018rutin bir kontrol\u2019 cevab\u0131n\u0131 s\u00f6zl\u00fc olarak ifade ettiler. Y\u0131llarca akl\u0131m\u0131zda soru i\u015fareti olarak kald\u0131. 2010\u2019da soru\u015fturma dosyas\u0131na \u0131slak imzal\u0131 belgeyi (silahlar\u0131n teslim tebell\u00fc\u011f belgesi) sunduk. Bu belge babam\u0131n \u00f6ld\u00fcr\u00fclmesi ile ilgili ciddi bir delildir. Olay yeri tespit raporunda \u00e7antadan 7\/65 \u00e7ap\u0131nda bir merminin al\u0131nd\u0131\u011f\u0131 tespiti var. Mezar a\u00e7\u0131ld\u0131ktan sonra sol k\u00fcrek kemi\u011findeki deli\u011fin 7\/65 \u00e7ap\u0131nda olmas\u0131 bu silah\u0131n cinayet an\u0131nda kullan\u0131lm\u0131\u015f olabilece\u011fi \u015f\u00fcphesini uyand\u0131rd\u0131. Silah\u0131n namlu ve i\u011fnesinin daha sonra de\u011fi\u015ftirilmi\u015f olabilece\u011fi \u015f\u00fcphesindeyiz.\u201d \u00c7illio\u011flu, Ye\u015fil (Mahmut Y\u0131ld\u0131r\u0131m) ile Bozo\u2019nun (Yusuf Geyik) yakalanaca\u011f\u0131 ve bir\u00e7ok dosyan\u0131n ayd\u0131nlanaca\u011f\u0131 d\u00fc\u015f\u00fcncesinde oldu\u011funu s\u00f6yledi.<\/p>\n<p style=\"text-align: justify;\"><a href=\"http:\/\/www.radikal.com.tr\/Radikal.aspx?aType=RadikalDetayV3&amp;ArticleID=1081183&amp;CategoryID=77\" target=\"_blank\">Kaynak : Radikal<\/a><\/p>\n","protected":false},"excerpt":{"rendered":"<p style=\"text-align: justify;\">\n<p style=\"text-align: justify;\">Albay \u00c7illio\u011flu&#8217;nun \u00f6l\u00fcm\u00fc soru\u015fturmas\u0131nda \u00e7arp\u0131c\u0131 geli\u015fme: Albaya TSK&#8217;dan verilen 2 silah \u00f6l\u00fcm\u00fcnden 3 y\u0131l sonra sahte belgeli iki askerce al\u0131nm\u0131\u015f.<\/p>\n<p style=\"text-align: justify;\">MALATYA-D\u00dcZCE- Tunceli Jandarma Alay Komutanl\u0131\u011f\u0131 g\u00f6revini y\u00fcr\u00fctt\u00fc\u011f\u00fc s\u0131rada 1994 y\u0131l\u0131nda lojman\u0131nda intihar etti\u011fi iddia edilen Albay Kaz\u0131m \u00c7illio\u011flu\u2019na ait silahlar\u0131n \u00f6l\u00fcm\u00fcnden \u00fc\u00e7 y\u0131l sonra Jandarma Kriminal Daire Ba\u015fkanl\u0131\u011f\u0131 <\/p>\n","protected":false},"author":1,"featured_media":0,"comment_status":"open","ping_status":"open","sticky":false,"template":"","format":"standard","meta":{"footnotes":""},"categories":[105],"tags":[],"class_list":["post-49296","post","type-post","status-publish","format-standard","hentry","category-gundem","odd"],"_links":{"self":[{"href":"http:\/\/www.korhanyilmaz.com\/index.php?rest_route=\/wp\/v2\/posts\/49296","targetHints":{"allow":["GET"]}}],"collection":[{"href":"http:\/\/www.korhanyilmaz.com\/index.php?rest_route=\/wp\/v2\/posts"}],"about":[{"href":"http:\/\/www.korhanyilmaz.com\/index.php?rest_route=\/wp\/v2\/types\/post"}],"author":[{"embeddable":true,"href":"http:\/\/www.korhanyilmaz.com\/index.php?rest_route=\/wp\/v2\/users\/1"}],"replies":[{"embeddable":true,"href":"http:\/\/www.korhanyilmaz.com\/index.php?rest_route=%2Fwp%2Fv2%2Fcomments&post=49296"}],"version-history":[{"count":0,"href":"http:\/\/www.korhanyilmaz.com\/index.php?rest_route=\/wp\/v2\/posts\/49296\/revisions"}],"wp:attachment":[{"href":"http:\/\/www.korhanyilmaz.com\/index.php?rest_route=%2Fwp%2Fv2%2Fmedia&parent=49296"}],"wp:term":[{"taxonomy":"category","embeddable":true,"href":"http:\/\/www.korhanyilmaz.com\/index.php?rest_route=%2Fwp%2Fv2%2Fcategories&post=49296"},{"taxonomy":"post_tag","embeddable":true,"href":"http:\/\/www.korhanyilmaz.com\/index.php?rest_route=%2Fwp%2Fv2%2Ftags&post=49296"}],"curies":[{"name":"wp","href":"https:\/\/api.w.org\/{rel}","templated":true}]}}