{"id":49293,"date":"2012-03-09T08:06:22","date_gmt":"2012-03-09T06:06:22","guid":{"rendered":"http:\/\/www.korhanyilmaz.com\/?p=49293"},"modified":"2012-03-09T11:28:17","modified_gmt":"2012-03-09T09:28:17","slug":"mitciler-icin-basbakan-erdogandan-sorusturma-izni-istendi","status":"publish","type":"post","link":"http:\/\/www.korhanyilmaz.com\/?p=49293","title":{"rendered":"M\u0130T&#8217;\u00e7iler i\u00e7in Ba\u015fbakan Erdo\u011fan&#8217;dan soru\u015fturma izni istendi"},"content":{"rendered":"<p style=\"text-align: center;\"><a href=\"http:\/\/www.korhanyilmaz.com\/wp-content\/uploads\/2012\/03\/9095.jpg\"  class=\"lightview\"><img loading=\"lazy\" decoding=\"async\" class=\"aligncenter  wp-image-49294\" src=\"http:\/\/www.korhanyilmaz.com\/wp-content\/uploads\/2012\/03\/9095.jpg\" alt=\"\" width=\"320\" height=\"214\" \/><\/a><\/p>\n<p style=\"text-align: justify;\">Savc\u0131l\u0131k, Hakan Fidan&#8217;\u0131n da aralar\u0131nda bulundu\u011fu 5 M\u0130T&#8217;\u00e7i i\u00e7in Ba\u015fbakanl\u0131k&#8217;tan soru\u015fturma izni istedi.<\/p>\n<p style=\"text-align: justify;\">\u0130stanbul Cumhuriyet Savc\u0131l\u0131\u011f\u0131, M\u0130T M\u00fcste\u015far\u0131 Hakan Fidan ve d\u00f6rt M\u0130T mensubunun soru\u015fturulmas\u0131 i\u00e7in Ba\u015fbakanl\u0131k\u2019tan izin talebinde bulundu. Milli \u0130stihbarat Te\u015fkilat\u0131 mensuplar\u0131 veya baz\u0131 kamu g\u00f6revlileri hakk\u0131ndaki ceza soru\u015fturmalar\u0131nda &#8220;Ba\u015fbakan izni&#8221; \u015fart\u0131n\u0131 yeniden d\u00fczenleyen kanunun y\u00fcr\u00fcrl\u00fc\u011fe girmesinin ard\u0131ndan \u0130stanbul \u00d6zel Yetkili Cumhuriyet Savc\u0131l\u0131\u011f\u0131 harekete ge\u00e7ti.<!--more--><\/p>\n<p style=\"text-align: justify;\">M\u0130T M\u00fcste\u015far\u0131 Hakan Fidan, eski m\u00fcste\u015far Emre Taner, eski M\u00fcste\u015far Yard\u0131mc\u0131s\u0131 Afet G\u00fcne\u015f&#8217;in de aralar\u0131nda buludu\u011fu 5 M\u0130T mensubuyla ilgili soru\u015fturmay\u0131 ba\u015flatmak \u00fczere Ba\u015fbakan Tayyip Erdo\u011fan&#8217;dan resmen izin talebinde bulundu.<\/p>\n<p style=\"text-align: justify;\">Ba\u015fbakan Erdo\u011fan talebe olumlu yan\u0131t verirse, bu isimlerin KCK soru\u015fturmas\u0131 kapsam\u0131nda \u015f\u00fcpheli s\u0131fat\u0131yla ifadeleri al\u0131nacak. Yasaya g\u00f6re Ba\u015fbakanl\u0131k\u2019\u0131n 60 g\u00fcn i\u00e7erisinde bu talebe cevap vermesi gerekiyor. Savc\u0131l\u0131k, KCK operasyonlar\u0131nda elde edilen baz\u0131 delilleri gerek\u00e7e g\u00f6stererek, M\u0130T M\u00fcste\u015far\u0131 Hakan Fidan ve 4 M\u0130T mensubunu ifadeye \u00e7a\u011f\u0131rm\u0131\u015ft\u0131. Bu giri\u015fimin ard\u0131ndan \u00d6zel Yetkili Savc\u0131 Sadrettin Sar\u0131kaya M\u0130T soru\u015fturmas\u0131ndan al\u0131nm\u0131\u015f, M\u0130T kanununda da jet h\u0131z\u0131yla bir d\u00fczenleme yap\u0131lm\u0131\u015ft\u0131.<\/p>\n<p style=\"text-align: justify;\"><a href=\"http:\/\/www.radikal.com.tr\/Radikal.aspx?aType=RadikalDetayV3&amp;ArticleID=1081194&amp;CategoryID=77\" target=\"_blank\">Kaynak : Radikal<\/a><\/p>\n","protected":false},"excerpt":{"rendered":"<p style=\"text-align: center;\">\n<p style=\"text-align: justify;\">Savc\u0131l\u0131k, Hakan Fidan&#8217;\u0131n da aralar\u0131nda bulundu\u011fu 5 M\u0130T&#8217;\u00e7i i\u00e7in Ba\u015fbakanl\u0131k&#8217;tan soru\u015fturma izni istedi.<\/p>\n<p style=\"text-align: justify;\">\u0130stanbul Cumhuriyet Savc\u0131l\u0131\u011f\u0131, M\u0130T M\u00fcste\u015far\u0131 Hakan Fidan ve d\u00f6rt M\u0130T mensubunun soru\u015fturulmas\u0131 i\u00e7in Ba\u015fbakanl\u0131k\u2019tan izin talebinde bulundu. Milli \u0130stihbarat Te\u015fkilat\u0131 mensuplar\u0131 veya baz\u0131 kamu g\u00f6revlileri hakk\u0131ndaki ceza soru\u015fturmalar\u0131nda &#8220;Ba\u015fbakan izni&#8221; \u015fart\u0131n\u0131 yeniden d\u00fczenleyen kanunun y\u00fcr\u00fcrl\u00fc\u011fe <\/p>\n","protected":false},"author":1,"featured_media":0,"comment_status":"open","ping_status":"open","sticky":false,"template":"","format":"standard","meta":{"footnotes":""},"categories":[105],"tags":[],"class_list":["post-49293","post","type-post","status-publish","format-standard","hentry","category-gundem","odd"],"_links":{"self":[{"href":"http:\/\/www.korhanyilmaz.com\/index.php?rest_route=\/wp\/v2\/posts\/49293","targetHints":{"allow":["GET"]}}],"collection":[{"href":"http:\/\/www.korhanyilmaz.com\/index.php?rest_route=\/wp\/v2\/posts"}],"about":[{"href":"http:\/\/www.korhanyilmaz.com\/index.php?rest_route=\/wp\/v2\/types\/post"}],"author":[{"embeddable":true,"href":"http:\/\/www.korhanyilmaz.com\/index.php?rest_route=\/wp\/v2\/users\/1"}],"replies":[{"embeddable":true,"href":"http:\/\/www.korhanyilmaz.com\/index.php?rest_route=%2Fwp%2Fv2%2Fcomments&post=49293"}],"version-history":[{"count":0,"href":"http:\/\/www.korhanyilmaz.com\/index.php?rest_route=\/wp\/v2\/posts\/49293\/revisions"}],"wp:attachment":[{"href":"http:\/\/www.korhanyilmaz.com\/index.php?rest_route=%2Fwp%2Fv2%2Fmedia&parent=49293"}],"wp:term":[{"taxonomy":"category","embeddable":true,"href":"http:\/\/www.korhanyilmaz.com\/index.php?rest_route=%2Fwp%2Fv2%2Fcategories&post=49293"},{"taxonomy":"post_tag","embeddable":true,"href":"http:\/\/www.korhanyilmaz.com\/index.php?rest_route=%2Fwp%2Fv2%2Ftags&post=49293"}],"curies":[{"name":"wp","href":"https:\/\/api.w.org\/{rel}","templated":true}]}}