{"id":4929,"date":"2009-03-12T16:13:33","date_gmt":"2009-03-12T14:13:33","guid":{"rendered":"http:\/\/www.korhanyilmaz.com\/?p=4929"},"modified":"2009-03-12T16:13:33","modified_gmt":"2009-03-12T14:13:33","slug":"memur-ve-emekliye-kriz-ikramiyesi","status":"publish","type":"post","link":"http:\/\/www.korhanyilmaz.com\/?p=4929","title":{"rendered":"Memur ve emekliye kriz ikramiyesi"},"content":{"rendered":"<p><img loading=\"lazy\" decoding=\"async\" class=\"aligncenter size-full wp-image-4930\" title=\"Memur ve emekliye kriz ikramiyesi \" src=\"http:\/\/www.korhanyilmaz.com\/wp-content\/uploads\/2009\/03\/120320091608156528949.jpg\" alt=\"Memur ve emekliye kriz ikramiyesi \" width=\"320\" height=\"100\" \/><\/p>\n<p style=\"text-align: justify;\">Sanayi ve Ticaret Bakan\u0131 Zafer \u00c7a\u011flayan, i\u00e7 talebin canlanmas\u0131 i\u00e7in memur ve emekliye verilmesi d\u00fc\u015f\u00fcn\u00fclen ikramiye konusuna olumlu yakla\u015ft\u0131\u011f\u0131n\u0131 belirterek, &#8220;\u00d6n\u00fcm\u00fczdeki g\u00fcnlerde ekonomi koordinasyon kurulunda bunu arkada\u015flar\u0131m\u0131zla g\u00f6r\u00fc\u015fece\u011fiz. Tabi\u00ee ki ben de b\u00f6yle bir \u00f6neriye s\u0131cak bak\u0131yorum. Ticaret hayat\u0131n\u0131n mutlak suretle canl\u0131 ve diri tutulmas\u0131 gerekiyor&#8221; dedi.<!--more--><\/p>\n<p style=\"text-align: justify;\">Sanayi ve Ticaret Bakan\u0131 Zafer \u00c7a\u011flayan, Mu\u015f gezisi kapsam\u0131nda Vali Erdo\u011fan Bekta\u015f&#8217;\u0131 ziyaret ederek, ard\u0131ndan Tekel Depolar\u0131 Yat\u0131r\u0131m Tan\u0131t\u0131m T\u00f6reni ve \u015eeker Lisesi a\u00e7\u0131l\u0131\u015f t\u00f6renine kat\u0131ld\u0131. Bakan \u00c7a\u011flayan burada yapt\u0131\u011f\u0131 a\u00e7\u0131klamada, memur ve emekliye verilmesi d\u00fc\u015f\u00fcn\u00fclen ikramiye konusunda herhangi bir rakam\u0131n belli olmad\u0131\u011f\u0131n\u0131, bu konuyu EKK&#8217;da daha g\u00f6r\u00fc\u015fmediklerini dile getirdi. \u00c7a\u011flayan, &#8220;Son derece dinamik doymam\u0131\u015f bir i\u00e7 pazar\u0131m\u0131z var. Tabi bunun harekete ge\u00e7irilmesi laz\u0131m. Bu konuda ba\u015fka \u00fclkelerin ge\u00e7mi\u015fte yapm\u0131\u015f oldu\u011fu uygulama modelleri var. O modeller bu konuda dikkate al\u0131nabilir ama Amerika&#8217;da ad bu yap\u0131ld\u0131. Orada verilen \u00e7ekler maalesef ekonomiye girmedi. \u0130nsanlar g\u00f6t\u00fcr\u00fcp kendilerini koruma i\u00e7g\u00fcd\u00fcs\u00fcyle beraber bankac\u0131l\u0131k sistemine aktard\u0131&#8221; dedi. \u00c7a\u011flayan, oysaki s\u00f6z konusu paralar\u0131n bankac\u0131l\u0131k sistemine de\u011fil i\u00e7 piyasada ekonomiye girmesi ve t\u00fcketime aktar\u0131lmas\u0131 gerekti\u011fini s\u00f6yledi.<\/p>\n<p style=\"text-align: justify;\">Ticaretin ve sanayinin bu uygulamadan nasiplenmesi gerekti\u011fini dile getiren \u00c7a\u011flayan, &#8220;B\u00f6yle bir \u00e7ek ve ya vatanda\u015fa destek yap\u0131l\u0131rsa bunun mutlak suretle ekonomiye girmesini sa\u011flayacak tedbirlerle olmas\u0131 gerekiyor. Bu konuda \u00fczerinde \u00e7al\u0131\u015ft\u0131\u011f\u0131m modeller var. Daha sonraki aylara kald\u0131k\u00e7a de\u011feri d\u00fc\u015fen bir sistem olu\u015fturabilir. \u00d6n\u00fcm\u00fcze geldi\u011fi zaman bunlarla ilgili oturup de\u011ferlendirme imkan\u0131na sahip olaca\u011f\u0131z&#8221; diye konu\u015ftu.<\/p>\n<p style=\"text-align: justify;\"><strong>&#8220;MEVCUT EKONOM\u0130K KURALLAR RAFA KALKTI&#8221;<\/strong><\/p>\n<p style=\"text-align: justify;\">\u00dclkede b\u00fct\u00e7e a\u00e7\u0131\u011f\u0131 verilmesinin utan\u0131lmamas\u0131 gereken bir durum oldu\u011funu dile getiren \u00c7a\u011flayan, art\u0131k d\u00fcnyada ya\u015fanan son k\u00fcresel krizle birlikte mevcut ekonomik kurallar\u0131n rafa kalkt\u0131\u011f\u0131n\u0131 s\u00f6yledi.<\/p>\n<p style=\"text-align: justify;\">Gazetecilerin sorular\u0131n\u0131 da yan\u0131tlayan \u00c7a\u011flayan, IMF ile soru \u00fczerine, &#8220;IMF uzayda ya\u015fam\u0131yor, neticede d\u00fcnyada ya\u015f\u0131yor. IMF&#8217;in de program yapt\u0131\u011f\u0131 bir\u00e7ok \u00fclke var, \u015fu anda b\u00fct\u00fcn \u00fclkelerdeki problem \u00f6zellikle istihdam konusu ve ticaretin, ekonominin canl\u0131 tutulmas\u0131d\u0131r. Bu \u00e7er\u00e7evede bakt\u0131\u011f\u0131m\u0131z zaman T\u00fcrkiye ayr\u0131cal\u0131kl\u0131 bir konumda de\u011fil. Bug\u00fcn ABD, Avrupa ve di\u011fer \u00fclkelerin yapt\u0131\u011f\u0131n\u0131 T\u00fcrkiye de yapmak mecburiyetinde. Onun i\u00e7in bu konuda, bu \u00e7er\u00e7evede \u00f6nceliklerimizi, yapacaklar\u0131m\u0131z\u0131, d\u00fc\u015f\u00fcnerek yapmam\u0131z gerekiyor&#8221; dedi.<\/p>\n<p style=\"text-align: justify;\">Sanayi \u00fcretimindeki d\u00fc\u015f\u00fc\u015flere y\u00f6nelik ele\u015ftirilere de yan\u0131t veren \u00c7a\u011flayan, \u015funlar\u0131 dedi:<\/p>\n<p style=\"text-align: justify;\">&#8220;\u015eimdi bunlar\u0131 s\u00f6ylemek i\u00e7in baz\u0131 \u015feyleri iyi bilmek laz\u0131m. \u00d6nce sanayici olman\u0131z laz\u0131m, sanayiyi iyi bilmeniz gerekir. Kapasite kullan\u0131m\u0131n ne anlama geldi\u011fini, imalat sanayinin ne oldu\u011funu ve T\u00fcrkiye&#8217;nin genel ekonomik yap\u0131s\u0131n\u0131 iyi g\u00f6rmek laz\u0131m. \u015eu anlamda s\u00f6yl\u00fcyorum bunlar\u0131; T\u00fcrkiye sanayisinde y\u00fczde 21&#8217;lik bir k\u00fc\u00e7\u00fclme var. Bunun yan\u0131nda sanayinin k\u00fc\u00e7\u00fcld\u00fc\u011f\u00fc bir yerde, kapasite kullan\u0131m oran\u0131 zaten d\u00fc\u015fer. T\u00fcrkiye ihracat\u0131n\u0131n y\u00fczde 90&#8217;\u0131 sanayi mamullerinden olu\u015fuyor. Yine T\u00fcrkiye ihracat\u0131n\u0131n y\u00fczde 60&#8217;\u0131 Avrupa pazarlar\u0131na yap\u0131l\u0131yor. Dolay\u0131s\u0131yla Avrupa pazarlar\u0131ndaki \u00fclkeler \u00e7\u00f6km\u00fc\u015f durumda. \u0130hracat yapm\u0131\u015f oldu\u011funuz pazarlarda bir daralma oldu\u011fu zaman, ihracat yapamazsan\u0131z ve ihracat\u0131n\u0131z\u0131n y\u00fczde 90&#8217;\u0131 sanayi ise sanayinin k\u00fc\u00e7\u00fclmesi ka\u00e7\u0131n\u0131lmaz olur.&#8221;<\/p>\n<p style=\"text-align: justify;\">\u00c7a\u011flayan, s\u00f6z konusu durumun d\u00fcnyadaki k\u00fcresel krizin ortaya \u00e7\u0131kard\u0131\u011f\u0131 bir geli\u015fme oldu\u011funu belirterek, T\u00fcrkiye&#8217;nin de k\u00fcresel bir oyuncu oldu\u011funu vurgulad\u0131. \u00c7a\u011flayan d\u00fcnyadaki k\u00fcresel krizden T\u00fcrkiye&#8217;nin etkilenmemesinin s\u00f6z konusu olamayaca\u011f\u0131n\u0131 dile getirdi.<\/p>\n<p style=\"text-align: justify;\"><span style=\"color: #888888;\">Kaynak : ANKA<\/span><\/p>\n","protected":false},"excerpt":{"rendered":"<\/p>\n<p style=\"text-align: justify;\">Sanayi ve Ticaret Bakan\u0131 Zafer \u00c7a\u011flayan, i\u00e7 talebin canlanmas\u0131 i\u00e7in memur ve emekliye verilmesi d\u00fc\u015f\u00fcn\u00fclen ikramiye konusuna olumlu yakla\u015ft\u0131\u011f\u0131n\u0131 belirterek, &#8220;\u00d6n\u00fcm\u00fczdeki g\u00fcnlerde ekonomi koordinasyon kurulunda bunu arkada\u015flar\u0131m\u0131zla g\u00f6r\u00fc\u015fece\u011fiz. Tabi\u00ee ki ben de b\u00f6yle bir \u00f6neriye s\u0131cak bak\u0131yorum. Ticaret hayat\u0131n\u0131n mutlak suretle canl\u0131 ve diri tutulmas\u0131 gerekiyor&#8221; dedi.<\/p>\n","protected":false},"author":1,"featured_media":0,"comment_status":"open","ping_status":"closed","sticky":false,"template":"","format":"standard","meta":{"footnotes":""},"categories":[7],"tags":[],"class_list":["post-4929","post","type-post","status-publish","format-standard","hentry","category-ekonomi","odd"],"_links":{"self":[{"href":"http:\/\/www.korhanyilmaz.com\/index.php?rest_route=\/wp\/v2\/posts\/4929","targetHints":{"allow":["GET"]}}],"collection":[{"href":"http:\/\/www.korhanyilmaz.com\/index.php?rest_route=\/wp\/v2\/posts"}],"about":[{"href":"http:\/\/www.korhanyilmaz.com\/index.php?rest_route=\/wp\/v2\/types\/post"}],"author":[{"embeddable":true,"href":"http:\/\/www.korhanyilmaz.com\/index.php?rest_route=\/wp\/v2\/users\/1"}],"replies":[{"embeddable":true,"href":"http:\/\/www.korhanyilmaz.com\/index.php?rest_route=%2Fwp%2Fv2%2Fcomments&post=4929"}],"version-history":[{"count":0,"href":"http:\/\/www.korhanyilmaz.com\/index.php?rest_route=\/wp\/v2\/posts\/4929\/revisions"}],"wp:attachment":[{"href":"http:\/\/www.korhanyilmaz.com\/index.php?rest_route=%2Fwp%2Fv2%2Fmedia&parent=4929"}],"wp:term":[{"taxonomy":"category","embeddable":true,"href":"http:\/\/www.korhanyilmaz.com\/index.php?rest_route=%2Fwp%2Fv2%2Fcategories&post=4929"},{"taxonomy":"post_tag","embeddable":true,"href":"http:\/\/www.korhanyilmaz.com\/index.php?rest_route=%2Fwp%2Fv2%2Ftags&post=4929"}],"curies":[{"name":"wp","href":"https:\/\/api.w.org\/{rel}","templated":true}]}}