{"id":49288,"date":"2012-03-08T12:58:34","date_gmt":"2012-03-08T10:58:34","guid":{"rendered":"http:\/\/www.korhanyilmaz.com\/?p=49288"},"modified":"2012-03-08T19:47:47","modified_gmt":"2012-03-08T17:47:47","slug":"ciplak-eylem-kisa-surdu","status":"publish","type":"post","link":"http:\/\/www.korhanyilmaz.com\/?p=49288","title":{"rendered":"\u00c7\u0131plak eylem k\u0131sa s\u00fcrd\u00fc"},"content":{"rendered":"<p style=\"text-align: center;\"><a href=\"http:\/\/www.korhanyilmaz.com\/wp-content\/uploads\/2012\/03\/9094.jpg\"  class=\"lightview\"><img loading=\"lazy\" decoding=\"async\" class=\"aligncenter  wp-image-49289\" src=\"http:\/\/www.korhanyilmaz.com\/wp-content\/uploads\/2012\/03\/9094.jpg\" alt=\"\" width=\"328\" height=\"218\" \/><\/a><\/p>\n<p style=\"text-align: justify;\">Ukraynal\u0131 Feminist grup \u2018FEMEN\u2019 \u00fcyesi 4 kad\u0131n, Ayasofya meydan\u0131nda eylem yapt\u0131. \u015eiddeti protesto eden kad\u0131nlar\u0131 polis g\u00f6zalt\u0131na ald\u0131.<\/p>\n<p style=\"text-align: justify;\">8 Mart D\u00fcnya Emek\u00e7i Kad\u0131nlar G\u00fcn\u00fc&#8217;nde, kad\u0131nlara y\u00f6nelik \u015fiddeti protesto eden g\u00f6sterici kad\u0131nlar, geldikleri ara\u00e7tan \u00e7\u0131plak halde inerek sloganlar atmaya ba\u015flad\u0131.<!--more--><\/p>\n<p style=\"text-align: justify;\">V\u00fccut ve y\u00fczlerine \u015fiddeti protesto eden makyajlar yapan kad\u0131nlara polis m\u00fcdahale etti. Eylemciler, kol ve bacaklar\u0131ndan tutularak g\u00f6t\u00fcr\u00fcld\u00fc.<\/p>\n<p style=\"text-align: justify;\">Yakla\u015f\u0131k 2 dakika i\u00e7inde polis arac\u0131na bindirilen g\u00f6stericiler Sirkeci Polis Merkezi&#8217;ndeki i\u015flemlerinin ard\u0131ndan yabanc\u0131lar \u015fube m\u00fcd\u00fcrl\u00fc\u011f\u00fcne yolland\u0131.<\/p>\n<p style=\"text-align: justify;\">Bu arada Ayasofya \u00f6n\u00fcnde eylemi g\u00f6ren baz\u0131 vatanda\u015flar \u00fcsts\u00fcz eylemcilere tepki g\u00f6sterdi.<\/p>\n<p style=\"text-align: justify;\">[flv]http:\/\/ntvmsnbc-video.mncdn.net\/FlvFiles\/0000036740.flv[\/flv]<\/p>\n<p style=\"text-align: justify;\"><a href=\"http:\/\/www.ntvmsnbc.com\/id\/25328667\/\" target=\"_blank\">Kaynak : NTVMSNBC<\/a><\/p>\n","protected":false},"excerpt":{"rendered":"<p style=\"text-align: center;\">\n<p style=\"text-align: justify;\">Ukraynal\u0131 Feminist grup \u2018FEMEN\u2019 \u00fcyesi 4 kad\u0131n, Ayasofya meydan\u0131nda eylem yapt\u0131. \u015eiddeti protesto eden kad\u0131nlar\u0131 polis g\u00f6zalt\u0131na ald\u0131.<\/p>\n<p style=\"text-align: justify;\">8 Mart D\u00fcnya Emek\u00e7i Kad\u0131nlar G\u00fcn\u00fc&#8217;nde, kad\u0131nlara y\u00f6nelik \u015fiddeti protesto eden g\u00f6sterici kad\u0131nlar, geldikleri ara\u00e7tan \u00e7\u0131plak halde inerek sloganlar atmaya ba\u015flad\u0131.<\/p>\n","protected":false},"author":1,"featured_media":0,"comment_status":"open","ping_status":"open","sticky":false,"template":"","format":"standard","meta":{"footnotes":""},"categories":[105],"tags":[],"class_list":["post-49288","post","type-post","status-publish","format-standard","hentry","category-gundem","odd"],"_links":{"self":[{"href":"http:\/\/www.korhanyilmaz.com\/index.php?rest_route=\/wp\/v2\/posts\/49288","targetHints":{"allow":["GET"]}}],"collection":[{"href":"http:\/\/www.korhanyilmaz.com\/index.php?rest_route=\/wp\/v2\/posts"}],"about":[{"href":"http:\/\/www.korhanyilmaz.com\/index.php?rest_route=\/wp\/v2\/types\/post"}],"author":[{"embeddable":true,"href":"http:\/\/www.korhanyilmaz.com\/index.php?rest_route=\/wp\/v2\/users\/1"}],"replies":[{"embeddable":true,"href":"http:\/\/www.korhanyilmaz.com\/index.php?rest_route=%2Fwp%2Fv2%2Fcomments&post=49288"}],"version-history":[{"count":0,"href":"http:\/\/www.korhanyilmaz.com\/index.php?rest_route=\/wp\/v2\/posts\/49288\/revisions"}],"wp:attachment":[{"href":"http:\/\/www.korhanyilmaz.com\/index.php?rest_route=%2Fwp%2Fv2%2Fmedia&parent=49288"}],"wp:term":[{"taxonomy":"category","embeddable":true,"href":"http:\/\/www.korhanyilmaz.com\/index.php?rest_route=%2Fwp%2Fv2%2Fcategories&post=49288"},{"taxonomy":"post_tag","embeddable":true,"href":"http:\/\/www.korhanyilmaz.com\/index.php?rest_route=%2Fwp%2Fv2%2Ftags&post=49288"}],"curies":[{"name":"wp","href":"https:\/\/api.w.org\/{rel}","templated":true}]}}