{"id":49284,"date":"2012-03-08T18:55:03","date_gmt":"2012-03-08T16:55:03","guid":{"rendered":"http:\/\/www.korhanyilmaz.com\/?p=49284"},"modified":"2012-03-08T19:42:42","modified_gmt":"2012-03-08T17:42:42","slug":"444u-engelleyemeyeceksiniz","status":"publish","type":"post","link":"http:\/\/www.korhanyilmaz.com\/?p=49284","title":{"rendered":"&#8216;4+4+4&#8217;\u00fc engelleyemeyeceksiniz&#8217;"},"content":{"rendered":"<p style=\"text-align: center;\"><a href=\"http:\/\/www.korhanyilmaz.com\/wp-content\/uploads\/2012\/03\/9093.jpg\"  class=\"lightview\"><img loading=\"lazy\" decoding=\"async\" class=\"aligncenter  wp-image-49285\" src=\"http:\/\/www.korhanyilmaz.com\/wp-content\/uploads\/2012\/03\/9093.jpg\" alt=\"\" width=\"287\" height=\"191\" \/><\/a><\/p>\n<p style=\"text-align: justify;\">Muhalefeti kademeli e\u011fitim sistemi tasar\u0131s\u0131n\u0131 engellemeye \u00e7al\u0131\u015fmakla su\u00e7layan Erdo\u011fan, tasar\u0131n\u0131n ge\u00e7mesinin engellenemeyece\u011fini s\u00f6yledi. Erdo\u011fan &#8217;28 \u015eubat hesapla\u015fmas\u0131&#8217; iddialar\u0131yla ilgili de &#8220;Biz hesapla\u015fmak i\u00e7in bu yolda de\u011filiz&#8221; diye konu\u015ftu.<\/p>\n<p style=\"text-align: justify;\">Ba\u015fbakan Erdo\u011fan, 12 y\u0131ll\u0131k kademeli e\u011fitim tart\u0131\u015fmalar\u0131yla ilgili sert bir a\u00e7\u0131klama yapt\u0131. 4+4+4 sistemiyle ilgili yasa teklifinin &#8216;m\u00fcjde&#8217; oldu\u011funu s\u00f6yleyen Erdo\u011fan, &#8220;Muhalefet engelleyebilir miyiz, engelleyemeyiz mi&#8217; diye \u00e7al\u0131\u015f\u0131yor. Yahu engelleyemeyeceksiniz&#8221; dedi.\u00a0<!--more--><\/p>\n<p style=\"text-align: justify;\">D\u00fcnya Kad\u0131nlar G\u00fcn\u00fc etkinlikleri kapsam\u0131nda Mardin&#8217;de bulunan Erdo\u011fan, Karayollar\u0131 \u015eefli\u011fi \u00f6n\u00fcnde ger\u00e7ekle\u015ftirilen toplu a\u00e7\u0131l\u0131\u015f t\u00f6reninde bir konu\u015fma yapt\u0131.<\/p>\n<p style=\"text-align: justify;\">Erdo\u011fan&#8217;\u0131n konu\u015fmas\u0131n\u0131n ana maddesi 12 y\u0131ll\u0131k kademeli e\u011fitim sistemiydi.<\/p>\n<p style=\"text-align: justify;\">TBMM&#8217;de d\u00fcn g\u00f6r\u00fc\u015f\u00fclmeye ba\u015flanan yasa teklifiyle ilgili de\u011ferlendirmelerde bulunan Erdo\u011fan, &#8220;Bu kanun tasar\u0131s\u0131 ne yaz\u0131k ki muhalefetin her zamanki oyunlar\u0131yla hep engellenmeye \u00e7al\u0131\u015f\u0131l\u0131yor. Gururlan\u0131yor, neymi\u015f? 4+4+4 i\u00e7in komisyonda 12 saat konu\u015fmu\u015f. Kim? CHP&#8217;nin bir milletvekili. E\u011fitim nedir diye sorsan haberi yok, ama 12 saat konu\u015fma yapm\u0131\u015f ve bununla gururlan\u0131yorlar, &#8216;bunu engelleyebilir miyiz, engelleyemeyiz mi&#8217; diye. Yahu engelleyemeyeceksiniz, engelleyemeyeceksiniz&#8221; diye konu\u015ftu.<\/p>\n<p style=\"text-align: justify;\">Tasar\u0131n\u0131n gerekirse hafta sonu da g\u00f6r\u00fc\u015f\u00fclmeye devam edilece\u011fini dile getiren Erdo\u011fan, \u015funlar\u0131 s\u00f6yledi:<\/p>\n<p style=\"text-align: justify;\">&#8220;Niye? \u00c7\u00fcnk\u00fc bu millet y\u00fczde 50 ile bir yetki verdi. Verdi\u011fi bu yetki i\u015fte bunlar\u0131 \u00e7\u00f6z\u00fcn diye, bunlar \u00e7\u00f6z\u00fclecek. \u015eimdi birileri \u00e7\u0131k\u0131yor diyor ki &#8216;y\u00fczde 50 istedi\u011fimi yapar\u0131m anlam\u0131na gelmez&#8217; Do\u011fru az\u0131nl\u0131klar\u0131n hukukunu da koruruz, ama \u00e7o\u011funlu\u011fu da az\u0131nl\u0131\u011fa mahkum etmeyiz. Zira kusura bakmas\u0131nlar da y\u00fczde 50&#8217;yi biz kalk\u0131p da size de mahkum edecek de\u011filiz.&#8221;<\/p>\n<p style=\"text-align: justify;\"><strong>&#8216;HESAPLA\u015eMA DE\u011e\u0130L&#8217;<\/strong><\/p>\n<p style=\"text-align: justify;\">Erdo\u011fan, konu\u015fmas\u0131nda yasa teklifinin &#8217;28 \u015eubat&#8217;la hesapla\u015fma&#8217; oldu\u011fu y\u00f6n\u00fcndeki ele\u015ftirilere de cevap verdi. &#8220;Biz hesapla\u015fmak i\u00e7in bu yolda de\u011filiz&#8221; diyen Erdo\u011fan, \u015f\u00f6yle devam etti:<\/p>\n<p style=\"text-align: justify;\">Zira, bu d\u00f6rt, d\u00f6rt, d\u00f6rt bug\u00fcn\u00fcn i\u015fi de\u011fil y\u0131llar\u0131n i\u015fi. Efendim, 40 y\u0131l \u00f6ncesinin hesapla\u015fmas\u0131 de\u011fil,al\u0131nan haklar\u0131n geri iade edilmesidir.Bunu farkl\u0131 yerlere \u00e7ekmenin de anlam\u0131 yok. Bunlar\u0131 ge\u00e7en sal\u0131 Meclis&#8217;te de s\u00f6yledik. Tekrar \u00fczerinde durmaya gerek yok. Bunun i\u00e7in ne anneler a\u011flad\u0131, ne k\u0131zlar\u0131m\u0131z kap\u0131lardan geri d\u00f6nd\u00fcr\u00fcld\u00fc, \u015fimdi i\u015fte bu haklar iade ediliyor, yap\u0131lan bu. Ben bunu nerede konu\u015fuyorum, ho\u015fg\u00f6r\u00fcn\u00fcn be\u015fi\u011finde konu\u015fuyorum.&#8221;<\/p>\n<p style=\"text-align: justify;\"><a href=\"http:\/\/www.ntvmsnbc.com\/id\/25328794\/\" target=\"_blank\">Kaynak : NTVMSNBC<\/a><\/p>\n","protected":false},"excerpt":{"rendered":"<p style=\"text-align: center;\">\n<p style=\"text-align: justify;\">Muhalefeti kademeli e\u011fitim sistemi tasar\u0131s\u0131n\u0131 engellemeye \u00e7al\u0131\u015fmakla su\u00e7layan Erdo\u011fan, tasar\u0131n\u0131n ge\u00e7mesinin engellenemeyece\u011fini s\u00f6yledi. Erdo\u011fan &#8217;28 \u015eubat hesapla\u015fmas\u0131&#8217; iddialar\u0131yla ilgili de &#8220;Biz hesapla\u015fmak i\u00e7in bu yolda de\u011filiz&#8221; diye konu\u015ftu.<\/p>\n<p style=\"text-align: justify;\">Ba\u015fbakan Erdo\u011fan, 12 y\u0131ll\u0131k kademeli e\u011fitim tart\u0131\u015fmalar\u0131yla ilgili sert bir a\u00e7\u0131klama yapt\u0131. 4+4+4 sistemiyle ilgili yasa teklifinin &#8216;m\u00fcjde&#8217; oldu\u011funu s\u00f6yleyen <\/p>\n","protected":false},"author":1,"featured_media":0,"comment_status":"open","ping_status":"open","sticky":false,"template":"","format":"standard","meta":{"footnotes":""},"categories":[105],"tags":[],"class_list":["post-49284","post","type-post","status-publish","format-standard","hentry","category-gundem","odd"],"_links":{"self":[{"href":"http:\/\/www.korhanyilmaz.com\/index.php?rest_route=\/wp\/v2\/posts\/49284","targetHints":{"allow":["GET"]}}],"collection":[{"href":"http:\/\/www.korhanyilmaz.com\/index.php?rest_route=\/wp\/v2\/posts"}],"about":[{"href":"http:\/\/www.korhanyilmaz.com\/index.php?rest_route=\/wp\/v2\/types\/post"}],"author":[{"embeddable":true,"href":"http:\/\/www.korhanyilmaz.com\/index.php?rest_route=\/wp\/v2\/users\/1"}],"replies":[{"embeddable":true,"href":"http:\/\/www.korhanyilmaz.com\/index.php?rest_route=%2Fwp%2Fv2%2Fcomments&post=49284"}],"version-history":[{"count":0,"href":"http:\/\/www.korhanyilmaz.com\/index.php?rest_route=\/wp\/v2\/posts\/49284\/revisions"}],"wp:attachment":[{"href":"http:\/\/www.korhanyilmaz.com\/index.php?rest_route=%2Fwp%2Fv2%2Fmedia&parent=49284"}],"wp:term":[{"taxonomy":"category","embeddable":true,"href":"http:\/\/www.korhanyilmaz.com\/index.php?rest_route=%2Fwp%2Fv2%2Fcategories&post=49284"},{"taxonomy":"post_tag","embeddable":true,"href":"http:\/\/www.korhanyilmaz.com\/index.php?rest_route=%2Fwp%2Fv2%2Ftags&post=49284"}],"curies":[{"name":"wp","href":"https:\/\/api.w.org\/{rel}","templated":true}]}}