{"id":49281,"date":"2012-03-08T17:10:22","date_gmt":"2012-03-08T15:10:22","guid":{"rendered":"http:\/\/www.korhanyilmaz.com\/?p=49281"},"modified":"2012-03-08T19:39:37","modified_gmt":"2012-03-08T17:39:37","slug":"oldu-bittiyle-egitim-reformu-yapilmaz","status":"publish","type":"post","link":"http:\/\/www.korhanyilmaz.com\/?p=49281","title":{"rendered":"&#8216;Oldu bittiyle e\u011fitim reformu yap\u0131lmaz&#8217;"},"content":{"rendered":"<p style=\"text-align: center;\"><a href=\"http:\/\/www.korhanyilmaz.com\/wp-content\/uploads\/2012\/03\/9092.jpg\"  class=\"lightview\"><img loading=\"lazy\" decoding=\"async\" class=\"aligncenter  wp-image-49282\" src=\"http:\/\/www.korhanyilmaz.com\/wp-content\/uploads\/2012\/03\/9092.jpg\" alt=\"\" width=\"333\" height=\"191\" \/><\/a><\/p>\n<p style=\"text-align: justify;\">CHP lideri K\u0131l\u0131\u00e7daro\u011flu, &#8221;Siz Bakanlar Kurulu&#8217;ndan ge\u00e7irmeden, olay\u0131 sa\u011fl\u0131kl\u0131 tart\u0131\u015fmadan, hatta bakanlar bile kendi aralar\u0131nda tart\u0131\u015fmadan, bir oldu bittiyle gizli kapakl\u0131 bir e\u011fitim reformu yapabilir misiniz? Bu do\u011fru de\u011fil&#8221; dedi.<\/p>\n<p style=\"text-align: justify;\">\u0130STANBUL &#8211; CHP Genel Ba\u015fkan\u0131 Kemal K\u0131l\u0131\u00e7daro\u011flu, 8 Mart D\u00fcnya Kad\u0131nlar G\u00fcn\u00fc dolay\u0131s\u0131yla \u0130kitelli&#8217;deki Murat \u0130\u015f Han\u0131&#8217;nda faaliyet g\u00f6steren bir tekstil at\u00f6lyesini ziyaret ederek, tezgah ba\u015f\u0131ndaki kad\u0131nlara karanfil sundu. K\u0131l\u0131\u00e7daro\u011flu, daha sonra da \u00e7al\u0131\u015fanlarla birlikte \u00f6\u011fle yeme\u011fi yedi.\u00a0<!--more--><\/p>\n<p style=\"text-align: justify;\">Yemek \u00f6ncesinde gazetecilerin sorular\u0131n\u0131 cevapland\u0131ran K\u0131l\u0131\u00e7daro\u011flu, 8 Mart&#8217;\u0131n tarihine bak\u0131ld\u0131\u011f\u0131nda kad\u0131nlar\u0131n a\u011f\u0131r bedeller \u00f6dediklerini belirterek, art\u0131k kad\u0131nlar\u0131n \u00e7al\u0131\u015fmak, \u00fcretmek, kad\u0131n ve erke\u011fin e\u015fit oldu\u011fu bir d\u00fcnyada ya\u015famak istediklerini, b\u00fct\u00fcn kad\u0131nlar\u0131n \u00e7al\u0131\u015f\u0131rken \u00fcretmesi, sigortal\u0131 olmas\u0131, gelece\u011fe g\u00fcvenle bakmas\u0131 gerekti\u011fini s\u00f6yledi.<\/p>\n<p style=\"text-align: justify;\">K\u0131l\u0131\u00e7da\u011folu, e\u011fitim sisteminde 4+4+4 \u015feklinde de\u011fi\u015fiklik \u00f6nerisine ili\u015fkin olarak ise bu konuda karar\u0131 siyasiler yerine pedagoglar, akademisyenler ve uzmanlar\u0131n vermesi \u00e7a\u011fr\u0131s\u0131nda bulunduklar\u0131n\u0131, bunun i\u00e7in uzmanlar\u0131n \u00e7a\u011fr\u0131laca\u011f\u0131 bir masaya oturmay\u0131 \u00f6nerdiklerini hat\u0131rlatt\u0131.<\/p>\n<p style=\"text-align: justify;\">K\u0131l\u0131\u00e7daro\u011flu, &#8221;Biz illa &#8216;\u015eunu yap\u0131n&#8217; veya &#8216;\u015eundan vazge\u00e7in&#8217; demiyoruz. Bizim s\u00f6yledi\u011fimiz demokrasi gelene\u011fine uygun bir tav\u0131r. Siz e\u011fitim gibi her \u00fclke i\u00e7in stratejik bir alan olan konuda bir kanun teklifi verip sistemi ba\u015ftan a\u015fa\u011f\u0131 de\u011fi\u015ftirirseniz bu do\u011fru olmaz&#8221; diye konu\u015ftu.<\/p>\n<p style=\"text-align: justify;\">Milli E\u011fitim Bakan\u0131 \u00d6mer Din\u00e7er&#8217;in, &#8221;CHP&#8217;nin teklifi yok&#8221; de\u011ferlendirmesine ili\u015fkin yorumu da sorulan K\u0131l\u0131\u00e7daro\u011flu, &#8221;Bundan a\u00e7\u0131k teklif mi olur? &#8216;Gelin, oturup konu\u015fal\u0131m&#8217; diyoruz. Bu dayatma k\u00fclt\u00fcr\u00fcn\u00fcn olmad\u0131\u011f\u0131n\u0131 g\u00f6sterir ama siz tepeden inmeci anlay\u0131\u015fla &#8216;Benim dedi\u011fim do\u011frudur, kanun teklifini verdim ve bu s\u00fcratle ge\u00e7ecek&#8217; derseniz bu demokrasilerde rastlanan bir olay de\u011fildir. Bu ancak postmodern diktat\u00f6rl\u00fcklerde rastlanan bir olayd\u0131r&#8221; dedi.<\/p>\n<p style=\"text-align: justify;\">Sadece bir partinin ya da sadece bir d\u00fcnya g\u00f6r\u00fc\u015f\u00fcne sahip olanlar\u0131n \u00e7ocuklar\u0131 i\u00e7in de\u011fil, b\u00fct\u00fcn \u00e7ocuklar i\u00e7in bir e\u011fitim sistemi kuruldu\u011funu ifade eden K\u0131l\u0131\u00e7daro\u011flu, s\u00f6zlerini \u015f\u00f6yle s\u00fcrd\u00fcrd\u00fc:<\/p>\n<p style=\"text-align: justify;\">&#8221;Siz Bakanlar Kurulu&#8217;ndan ge\u00e7irmeden, olay\u0131 sa\u011fl\u0131kl\u0131 tart\u0131\u015fmadan, hatta bakanlar bile kendi aralar\u0131nda tart\u0131\u015fmadan, bir oldu bittiyle gizli kapakl\u0131 bir e\u011fitim reformu yapabilir misiniz? Bu do\u011fru de\u011fil. Milli E\u011fitim Komisyonunda g\u00f6r\u00fc\u015f\u00fclmeyen, Milli E\u011fitim \u015euras\u0131&#8217;nda g\u00f6r\u00fc\u015f\u00fclmeyen, h\u00fck\u00fcmet program\u0131nda, kalk\u0131nma programlar\u0131nda olmayan bir konuyu birdenbire T\u00fcrkiye&#8217;nin g\u00fcndemine oturttuk. Kimsenin haberi yok. Benim \u00e7ocu\u011fum e\u011fitim alacak, vatanda\u015f olarak benim haberim yok. Siz buna demokrasi diyorsunuz. Demokrasi b\u00f6yle de\u011fil. E\u011fitim konusu, T\u00fcrkiye&#8217;nin en temel konular\u0131ndan birisidir. Anayasadan daha \u00f6nemlidir.&#8221;<\/p>\n<p style=\"text-align: justify;\">K\u0131l\u0131\u00e7daro\u011flu, 8 y\u0131ll\u0131k e\u011fitimin de uzun tart\u0131\u015fmalardan sonra hayata ge\u00e7ti\u011fini belirtti.<\/p>\n<p style=\"text-align: justify;\"><strong>&#8216;NEREDEN \u0130DEOLOJ\u0130K BAKTI\u011eIMIZI \u00d6\u011eREND\u0130N SEN?&#8217;<\/strong><\/p>\n<p style=\"text-align: justify;\">Zengin olanlar\u0131n \u00e7ocuklar\u0131n\u0131 Avrupa ya da Amerika&#8217;ya g\u00f6nderebileceklerini, ancak yoksul insanlar\u0131n \u00e7ocuklar\u0131n\u0131n devlet okullar\u0131na gideceklerini ve onlara iyi bir e\u011fitim sa\u011flanmas\u0131n\u0131n zorunlu oldu\u011funu dile getiren K\u0131l\u0131\u00e7daro\u011flu, &#8221;Neden say\u0131n Ba\u015fbakan&#8217;a uzla\u015fma \u00e7a\u011fr\u0131s\u0131 yap\u0131yorum? \u00c7\u00fcnk\u00fc bu \u00e7ok temel bir sorun. Anayasa konusunda Uzla\u015fma Komisyonu kurduk. Niye burada kurmuyoruz? Ne eksi\u011fimiz var? Samimi olarak \u015funu da s\u00f6yledim. Siz bu teklifi hangi gerek\u00e7eyle getirdiniz? Ben bilmiyorum. Bu teklifin hangi gerek\u00e7eyle parlamentoya getirildi\u011fini bilen bir Allah&#8217;\u0131n kulu bana anlats\u0131n. Nedir ama\u00e7? Amac\u0131 bilen yok. Amac\u0131 bilelim ki tart\u0131\u015fal\u0131m&#8221; dedi.<\/p>\n<p style=\"text-align: justify;\">Bug\u00fcn bir milletvekili dan\u0131\u015fman\u0131n\u0131n, CHP&#8217;den bir milletvekilini iteledi\u011fini belirterek, bu dan\u0131\u015fman\u0131n o komisyonda ne i\u015fi oldu\u011funu soran K\u0131l\u0131\u00e7daro\u011flu, bir uzmanl\u0131k komisyonunda milletvekillerinin d\u00fc\u015f\u00fcncelerini anlatmas\u0131 gerekti\u011fini, bundan s\u0131k\u0131lmamalar\u0131 gerekti\u011fini s\u00f6yledi.<\/p>\n<p style=\"text-align: justify;\">Kemal K\u0131l\u0131\u00e7daro\u011flu, &#8221;Say\u0131n Milli E\u011fitim Bakan\u0131, bu sabah &#8216;efendim CHP olaya ideolojik bak\u0131yormu\u015f&#8217;. Nereden ideolojik bakt\u0131\u011f\u0131m\u0131z\u0131 \u00f6\u011frendin sen? \u0130nsanda biraz ahlak olur. Biz uzla\u015fmadan bahsediyoruz. Uzla\u015fmadan bahsetmek ideolojikse, evet uzla\u015fmadan bahsediyoruz&#8221; diye konu\u015ftu.<\/p>\n<p style=\"text-align: justify;\">K\u0131l\u0131\u00e7daro\u011flu, Milli E\u011fitim Bakan\u0131 \u00d6mer Din\u00e7er&#8217;den, 5 ya\u015f\u0131ndaki \u00e7ocuklar ilk\u00f6\u011fretime ba\u015flad\u0131\u011f\u0131nda bunlarla ilgili derslik ve bunlara e\u011fitim verecek \u00f6\u011fretmen bulunup bulunmad\u0131\u011f\u0131n\u0131 a\u00e7\u0131klamas\u0131n\u0131 istedi.<\/p>\n<p style=\"text-align: justify;\">CHP Genel Ba\u015fkan\u0131 K\u0131l\u0131\u00e7daro\u011flu, kendileri bu konuda konu\u015fmasa, kamuoyunun belki de bu de\u011fi\u015fikli\u011fin hi\u00e7 fark\u0131nda olmayaca\u011f\u0131n\u0131 s\u00f6yledi.<\/p>\n<p style=\"text-align: justify;\">K\u0131l\u0131\u00e7daro\u011flu, CHP olarak bu konuda herhangi bir dayatma i\u00e7inde olmad\u0131klar\u0131n\u0131, sadece uzmanlar\u0131 \u00e7a\u011f\u0131r\u0131p konu\u015fma \u00e7a\u011fr\u0131s\u0131nda bulunduklar\u0131n\u0131 vurgulad\u0131.<\/p>\n<p style=\"text-align: justify;\">K\u0131l\u0131\u00e7daro\u011flu, &#8221;Ben i\u015fin uzman\u0131 de\u011filim. Oturup uzmanlar\u0131 dinlemek zorunday\u0131z. Bir siyaset adam\u0131n\u0131n kalitesi oradan belli olur&#8221; dedi.<\/p>\n<p style=\"text-align: justify;\">Bir soru \u00fczerine, 8 y\u0131ll\u0131k kesintisiz e\u011fitimin en b\u00fcy\u00fck avantajlar\u0131ndan birinin \u00e7ocuk i\u015f\u00e7ilikte ve \u00e7ocuk evliliklerinin say\u0131s\u0131nda b\u00fcy\u00fck \u00f6l\u00e7\u00fcde gerileme oldu\u011funu belirten K\u0131l\u0131\u00e7daro\u011flu, 8 y\u0131ll\u0131k kesintisiz e\u011fitimin herhangi bir olumsuzlu\u011funu g\u00f6steren hi\u00e7bir belge ya da rapor bulunmad\u0131\u011f\u0131n\u0131 s\u00f6yledi.<\/p>\n<p style=\"text-align: justify;\"><strong>&#8216;\u0130\u00c7ER\u0130DE B\u0130R TEK GAZETEC\u0130 OLMAMALI&#8217;<\/strong><\/p>\n<p style=\"text-align: justify;\">K\u0131l\u0131\u00e7daro\u011flu, Ba\u015fbakan Recep Tayyip Erdo\u011fan&#8217;\u0131n CHP&#8217;ye ili\u015fkin &#8221;Cumhuriyet Hayal Partisi&#8221; benzetmesinin hat\u0131rlat\u0131lmas\u0131 \u00fczerine de &#8221;Siz hayallerle kavga eden bir insan g\u00f6rd\u00fcn\u00fcz m\u00fc? Demek ki Cumhuriyet Halk Partisi ger\u00e7ek. S\u00f6yledi\u011fi s\u00f6z\u00fcn ne anlama geldi\u011fini bile bilmiyor&#8221; dedi.<\/p>\n<p style=\"text-align: justify;\">Ba\u015fbakan Erdo\u011fan&#8217;\u0131n, tutuklu gazeteci listesindeki 105 isimden 6&#8217;s\u0131n\u0131n Sar\u0131 Bas\u0131n Kart\u0131 bulundu\u011fu a\u00e7\u0131klamas\u0131na ili\u015fkin de g\u00f6r\u00fc\u015fleri sorulan K\u0131l\u0131\u00e7daro\u011flu, \u015funlar\u0131 kaydetti:<\/p>\n<p style=\"text-align: justify;\">&#8221;Sar\u0131 Bas\u0131n Kart\u0131 sahibi olmak de\u011fil, bas\u0131nda \u00e7al\u0131\u015fmak bas\u0131n mensubu olmak i\u00e7in yeterlidir. &#8216;Sadece Sar\u0131 Bas\u0131n Kart\u0131&#8217;na sahip olanlar\u0131n say\u0131s\u0131 6. Bunlar i\u00e7erdedir&#8217; demek bile olay\u0131 kurtarmaz. \u0130\u00e7eride bir tek gazeteci olmamal\u0131. Siz o gazetecileri &#8216;ter\u00f6rist&#8217; diye su\u00e7luyorsunuz. E\u011fer sizde hukuk, demokrasi k\u00fclt\u00fcr\u00fc olsa, hakk\u0131nda h\u00fck\u00fcm verilmemi\u015f hi\u00e7bir gazeteciyi, hele tutuklu gazeteciyi &#8216;ter\u00f6rist&#8217; diye su\u00e7layamazs\u0131n\u0131z. Siz yarg\u0131\u00e7 m\u0131s\u0131n\u0131z? Siz karar veren makamda m\u0131s\u0131n\u0131z? Bir Ba\u015fbakan&#8217;a yak\u0131\u015fmaz bu.&#8221;<\/p>\n<p style=\"text-align: justify;\">K\u0131l\u0131\u00e7daro\u011flu, yurt d\u0131\u015f\u0131nda &#8221;Gazeteciler tutukland\u0131&#8221; \u015feklinde \u015fikayette bulundu\u011funa ili\u015fkin a\u00e7\u0131klamalar oldu\u011funun s\u00f6ylenmesi \u00fczerine de &#8221;Ba\u015fbakan Erdo\u011fan&#8217;\u0131n teknoloji bilgisinin de yetersiz oldu\u011funu&#8221; savundu.<\/p>\n<p style=\"text-align: justify;\">Nerede konu\u015fursa konu\u015fsun, s\u00f6ylediklerinin 10 dakika sonra Ba\u015fbakan&#8217;\u0131n \u00f6n\u00fcne gidece\u011fini belirten K\u0131l\u0131\u00e7daro\u011flu, yurt d\u0131\u015f\u0131nda ve T\u00fcrkiye&#8217;de farkl\u0131 farkl\u0131 konu\u015fmad\u0131\u011f\u0131n\u0131 ifade etti.<\/p>\n<p style=\"text-align: justify;\">Kemal K\u0131l\u0131\u00e7daro\u011flu, bir yerde insan haklar\u0131 ihlalleri oldu\u011funda bunu yer yerde seslendirmeleri gerekti\u011fini s\u00f6yledi.<\/p>\n<p style=\"text-align: justify;\">K\u0131l\u0131\u00e7daro\u011flu, &#8221;Ba\u015fbakan Erdo\u011fan&#8217;a \u00f6m\u00fcr bi\u00e7ildi 2 y\u0131l. Takip ediyor musunuz tart\u0131\u015fmalar\u0131?&#8221; \u015feklindeki soruya ise cevap vermedi.<\/p>\n<p style=\"text-align: justify;\">&#8221;Sivas davas\u0131&#8221;n\u0131n zaman a\u015f\u0131m\u0131na u\u011framas\u0131n\u0131n demokrasi a\u00e7\u0131s\u0131ndan bir &#8221;kara leke&#8221; oldu\u011funu belirten K\u0131l\u0131\u00e7daro\u011flu, bu t\u00fcr su\u00e7lamalarda zaman a\u015f\u0131m\u0131 olmamas\u0131 i\u00e7in verdikleri kanun teklifinin AK Parti oylar\u0131yla reddedildi\u011fini kaydetti.<\/p>\n<p style=\"text-align: justify;\">K\u0131l\u0131\u00e7daro\u011flu, &#8221;Ad\u0131yaman&#8217;daki olaylar&#8221; konusunda ise &#8221;Bu konuda hem h\u00fck\u00fcmetin, hem bizim duyarl\u0131l\u0131\u011f\u0131m\u0131z devam ediyor. Ad\u0131yaman gibi bug\u00fcne kadar ayr\u0131\u015fma sinyallerinin hi\u00e7 verilmedi\u011fi bir kentte bu t\u00fcr bir olay\u0131n olmas\u0131ndan \u00fcz\u00fcnt\u00fc duyuyoruz&#8221; dedi.<\/p>\n<p style=\"text-align: justify;\">Bu arada, K\u0131l\u0131\u00e7daro\u011flu&#8217;nun ziyaret etti\u011fi tekstil at\u00f6lyesinin d\u0131\u015f\u0131nda ba\u015fka bir tekstil at\u00f6lyesinden 29 g\u00fcn \u00f6nce i\u015ften \u00e7\u0131kart\u0131lan 420 i\u015f\u00e7iden bir grup da g\u00f6steri yapt\u0131.<\/p>\n<p style=\"text-align: justify;\">K\u0131l\u0131\u00e7daro\u011flu gelmeden \u00f6nce sloganlar atan grup, at\u00f6lyeden ayr\u0131lan K\u0131l\u0131\u00e7daro\u011flu ile de k\u0131sa s\u00fcre g\u00f6r\u00fc\u015ft\u00fc. K\u0131l\u0131\u00e7daro\u011flu, TBMM&#8217;de bu konuyu en k\u0131sa s\u00fcrede g\u00fcndeme getirece\u011fini s\u00f6yledi.<\/p>\n<p style=\"text-align: justify;\"><a href=\"http:\/\/www.ntvmsnbc.com\/id\/25328760\/\" target=\"_blank\">Kaynak : NTVMSNBC<\/a><\/p>\n","protected":false},"excerpt":{"rendered":"<p style=\"text-align: center;\">\n<p style=\"text-align: justify;\">CHP lideri K\u0131l\u0131\u00e7daro\u011flu, &#8221;Siz Bakanlar Kurulu&#8217;ndan ge\u00e7irmeden, olay\u0131 sa\u011fl\u0131kl\u0131 tart\u0131\u015fmadan, hatta bakanlar bile kendi aralar\u0131nda tart\u0131\u015fmadan, bir oldu bittiyle gizli kapakl\u0131 bir e\u011fitim reformu yapabilir misiniz? Bu do\u011fru de\u011fil&#8221; dedi.<\/p>\n<p style=\"text-align: justify;\">\u0130STANBUL &#8211; CHP Genel Ba\u015fkan\u0131 Kemal K\u0131l\u0131\u00e7daro\u011flu, 8 Mart D\u00fcnya Kad\u0131nlar G\u00fcn\u00fc dolay\u0131s\u0131yla \u0130kitelli&#8217;deki Murat \u0130\u015f Han\u0131&#8217;nda faaliyet <\/p>\n","protected":false},"author":1,"featured_media":0,"comment_status":"open","ping_status":"open","sticky":false,"template":"","format":"standard","meta":{"footnotes":""},"categories":[105],"tags":[],"class_list":["post-49281","post","type-post","status-publish","format-standard","hentry","category-gundem","odd"],"_links":{"self":[{"href":"http:\/\/www.korhanyilmaz.com\/index.php?rest_route=\/wp\/v2\/posts\/49281","targetHints":{"allow":["GET"]}}],"collection":[{"href":"http:\/\/www.korhanyilmaz.com\/index.php?rest_route=\/wp\/v2\/posts"}],"about":[{"href":"http:\/\/www.korhanyilmaz.com\/index.php?rest_route=\/wp\/v2\/types\/post"}],"author":[{"embeddable":true,"href":"http:\/\/www.korhanyilmaz.com\/index.php?rest_route=\/wp\/v2\/users\/1"}],"replies":[{"embeddable":true,"href":"http:\/\/www.korhanyilmaz.com\/index.php?rest_route=%2Fwp%2Fv2%2Fcomments&post=49281"}],"version-history":[{"count":0,"href":"http:\/\/www.korhanyilmaz.com\/index.php?rest_route=\/wp\/v2\/posts\/49281\/revisions"}],"wp:attachment":[{"href":"http:\/\/www.korhanyilmaz.com\/index.php?rest_route=%2Fwp%2Fv2%2Fmedia&parent=49281"}],"wp:term":[{"taxonomy":"category","embeddable":true,"href":"http:\/\/www.korhanyilmaz.com\/index.php?rest_route=%2Fwp%2Fv2%2Fcategories&post=49281"},{"taxonomy":"post_tag","embeddable":true,"href":"http:\/\/www.korhanyilmaz.com\/index.php?rest_route=%2Fwp%2Fv2%2Ftags&post=49281"}],"curies":[{"name":"wp","href":"https:\/\/api.w.org\/{rel}","templated":true}]}}