{"id":49277,"date":"2012-03-08T11:08:19","date_gmt":"2012-03-08T09:08:19","guid":{"rendered":"http:\/\/www.korhanyilmaz.com\/?p=49277"},"modified":"2012-03-08T12:51:24","modified_gmt":"2012-03-08T10:51:24","slug":"stratfor-kavgasi","status":"publish","type":"post","link":"http:\/\/www.korhanyilmaz.com\/?p=49277","title":{"rendered":"Stratfor kavgas\u0131"},"content":{"rendered":"<p style=\"text-align: center;\"><a href=\"http:\/\/www.korhanyilmaz.com\/wp-content\/uploads\/2012\/03\/9091.jpg\"  class=\"lightview\"><img loading=\"lazy\" decoding=\"async\" class=\"aligncenter  wp-image-49278\" src=\"http:\/\/www.korhanyilmaz.com\/wp-content\/uploads\/2012\/03\/9091.jpg\" alt=\"\" width=\"396\" height=\"180\" \/><\/a><\/p>\n<p style=\"text-align: justify;\">Ahmet Altan Ba\u015fkan Erdo\u011fan&#8217;\u0131n d\u00fcnk\u00fc a\u00e7\u0131klamalar\u0131na yan\u0131t verirken \u00e7arp\u0131c\u0131 bir iddiay\u0131 da ortaya att\u0131.<\/p>\n<p style=\"text-align: justify;\">\u0130STANBUL &#8211; Taraf yazar\u0131 Ahmet Altan, Ba\u015fbakan Erdo\u011fan&#8217;\u0131n d\u00fcnk\u00fc s\u00f6zlerine k\u00f6\u015fesinden yan\u0131t verirken \u00e7ok \u00e7arp\u0131c\u0131 bir iddiay\u0131 daha ortaya att\u0131. Altan Stratfor&#8217;un en \u00f6nemli bilgi kayna\u011f\u0131n\u0131n Ba\u015fbakan Erdo\u011fan&#8217;\u0131n ba\u015fdan\u0131\u015fman\u0131 oldu\u011funu ileri s\u00fcrd\u00fc.\u00a0<!--more--><\/p>\n<p style=\"text-align: justify;\">Ba\u015fbakan Erdo\u011fan d\u00fcnk\u00fc il ba\u015fkanlar\u0131 toplant\u0131s\u0131nda Taraf Gazetesi&#8217;nin kendisine 2 y\u0131l \u00f6m\u00fcr bi\u00e7en Stratfor&#8217;un raporlar\u0131n\u0131 man\u015fet yapmas\u0131na sert tepki g\u00f6stermi\u015fti. Erdo\u011fan Taraf Gazetesi&#8217;ni parayla \u00e7al\u0131\u015fan bir m\u00fczik kutusuna benzetmi\u015fti. Ard\u0131ndan gazeteyi k\u00fcstahl\u0131kla su\u00e7lam\u0131\u015ft\u0131. Ba\u015fbakan&#8217;\u0131n bu s\u00f6zlerine Taraf Gazetesi&#8217;nden Ahmet Altan cevap verdi.<\/p>\n<p style=\"text-align: justify;\"><span style=\"text-decoration: underline;\">\u0130\u015fte Altan&#8217;\u0131n &#8216;<strong>Alaturkal\u0131k<\/strong>&#8216; ba\u015fl\u0131kl\u0131 o yaz\u0131s\u0131:<\/span><\/p>\n<p style=\"text-align: justify;\">Ba\u015fbakan Erdo\u011fan&#8217;\u0131n, acemi garson \u00e7\u0131ra\u011f\u0131 gibi tablas\u0131ndaki polemik s\u00f6zc\u00fcklerini avu\u00e7lay\u0131p \u00e2daps\u0131z, usuls\u00fcz masaya f\u0131rlatmas\u0131 beni bazen \u00f6fkelendiriyor, bazen de onun ba\u011f\u0131r\u0131\u015f \u00e7a\u011f\u0131r\u0131\u015flar\u0131na bak\u0131nca hiddetle oldu\u011fu yerde tepinen k\u00fc\u00e7\u00fck bir o\u011flan \u00e7ocu\u011funu izliyor duygusuna kap\u0131l\u0131p g\u00fcl\u00fcms\u00fcyorum.<\/p>\n<p style=\"text-align: justify;\">D\u00fcn gene bizim gazeteyle ilgili izandan pek nasibini alamam\u0131\u015f baz\u0131 laflar s\u00f6ylemi\u015f.<\/p>\n<p style=\"text-align: justify;\">Bizim bir g\u00fcn \u00f6nceki man\u015fete ertesi g\u00fcn tepki g\u00f6stermesi gazeteleri pek de iyi izleyemedi\u011fini g\u00f6steriyor, bas\u0131n dan\u0131\u015fmanlar\u0131 daha iyi \u00e7al\u0131\u015f\u0131rlarsa adamca\u011f\u0131z da s\u00f6vmek istedi\u011finde \u00f6yle eski zamandaki kara trenler gibi istasyona r\u00f6tarl\u0131 girmez.<\/p>\n<p style=\"text-align: justify;\">Bir de, Stratfor&#8217;un gizli raporlar\u0131n\u0131 yay\u0131mlad\u0131\u011f\u0131m\u0131z i\u00e7in bizim gazete hakk\u0131nda s\u00f6yledi\u011fi &#8220;m\u00fczik kutusu&#8221; laf\u0131 var.<\/p>\n<p style=\"text-align: justify;\"><strong>ZAVALLI BA\u015eBAKAN<\/strong><\/p>\n<p style=\"text-align: justify;\">Zavall\u0131 Ba\u015fbakan&#8217;\u0131n akl\u0131 iyice kar\u0131\u015fm\u0131\u015f.<\/p>\n<p style=\"text-align: justify;\">O Stratfor&#8217;un T\u00fcrkiye&#8217;deki &#8220;orta\u011f\u0131&#8221; Ba\u015fbakan&#8217;\u0131n yak\u0131n akrabalar\u0131n\u0131n y\u00f6netimindeki gazete, o Stratfor&#8217;un en \u00f6nemli haber kayna\u011f\u0131 Ba\u015fbakan&#8217;\u0131n ba\u015fdan\u0131\u015fman\u0131.<\/p>\n<p style=\"text-align: justify;\">Ba\u015fbakan d\u00f6rt bir koldan sar\u0131lm\u0131\u015f, Stratfor burnunun dibine girmi\u015f.<\/p>\n<p style=\"text-align: justify;\">Ve Stratfor &#8220;m\u00fczik kutusuna&#8221; paray\u0131 at\u0131nca o m\u00fczik ba\u015fka yerde de\u011fil Ba\u015fbakan&#8217;\u0131n odas\u0131nda \u00e7al\u0131yor.<\/p>\n<p style=\"text-align: justify;\">Arada bir, mesela T\u00fcrkiye&#8217;de gazete almak istedi\u011fini s\u00f6yleyen Murdoch&#8217;la konu\u015furken, kula\u011f\u0131na bir m\u00fczik sesi gelir de oturdu\u011fu yerde hafif hafif k\u0131p\u0131rdanmaya koyulursa, anlas\u0131n ki yan\u0131ndaki m\u00fczik kutular\u0131ndan birine yeni bir &#8220;jeton&#8221; at\u0131lm\u0131\u015f, o jetonun ba\u015flatt\u0131\u011f\u0131 m\u00fczikle k\u0131p\u0131rdan\u0131yor.<\/p>\n<p style=\"text-align: justify;\"><strong>GAYR\u0130 RESM\u0130 \u0130ST\u0130HBARAT \u00d6RG\u00dcTLER\u0130YLE G\u0130ZL\u0130 ORTAKLIK<\/strong><\/p>\n<p style=\"text-align: justify;\">Kendi polisine sahip olamayan, y\u00f6netti\u011fi \u00fclkenin ordusunun Uludere&#8217;de yapt\u0131klar\u0131n\u0131 a\u00e7\u0131klayamayan, ba\u015fdan\u0131\u015fmanlar\u0131n\u0131n ili\u015fkilerinden haberi bulunmayan, &#8220;yak\u0131n\u0131&#8221; gazetelerin &#8220;gayr\u0131 resm\u00ee istihbarat \u00f6rg\u00fctleriyle&#8221; gizli ortakl\u0131klar\u0131n\u0131 ba\u015fka gazetelerden \u00f6\u011frenen bi\u00e7are bir ba\u015fbakandan s\u00f6z ediyoruz neticede.<\/p>\n<p style=\"text-align: justify;\">Onun etraf\u0131nda kutu da \u00e7ok, jeton da.<\/p>\n<p style=\"text-align: justify;\">Bence b\u00f6yle polemiklerden uzak dursun, onun alt\u0131ndan kalkabilece\u011fi i\u015fler de\u011fil bunlar, &#8220;sen ona buna laf yeti\u015ftirece\u011fine \u00f6nce etraf\u0131na sahip ol&#8221; derler adama.<\/p>\n<p style=\"text-align: justify;\">Her neyse, k\u0131z\u0131p biraz s\u00f6ylendim ama bu i\u015fi \u00f6yle fazla uzatmayaca\u011f\u0131m.<\/p>\n<p style=\"text-align: justify;\">Umar\u0131m hakk\u0131nda s\u00f6ylenenler t\u00fcm\u00fcyle temelsizdir ve k\u0131sa zamanda sa\u011fl\u0131\u011f\u0131na kavu\u015fur.<\/p>\n<p style=\"text-align: justify;\"><strong>BA\u015eBAKAN&#8217;IN SA\u011eLI\u011eI \u00d6ZEL B\u0130R KONU DE\u011e\u0130L<\/strong><\/p>\n<p style=\"text-align: justify;\">Ama bir devletin ba\u015fbakan\u0131n\u0131n sa\u011fl\u0131\u011f\u0131 ciddi bir meseledir.<\/p>\n<p style=\"text-align: justify;\">Herhangi bir insan\u0131n sa\u011fl\u0131k durumu onun &#8220;\u00f6zel&#8221; hayat\u0131d\u0131r, \u00f6yle pald\u0131r k\u00fcld\u00fcr o konuya giremezsiniz ama bir ba\u015fbakan\u0131n sa\u011fl\u0131\u011f\u0131 &#8220;\u00f6zel bir konu&#8221; de\u011fildir.<\/p>\n<p style=\"text-align: justify;\">D\u00fcn d\u00fcnyadaki bir\u00e7ok gazete Erdo\u011fan&#8217;\u0131n sa\u011fl\u0131\u011f\u0131yla ilgili haberleri ve Stratfor&#8217;un iddialar\u0131n\u0131 sayfalar\u0131na alm\u0131\u015ft\u0131.<\/p>\n<p style=\"text-align: justify;\">Stratfor&#8217;un yazd\u0131klar\u0131ndan \u00e7ok daha ayr\u0131nt\u0131l\u0131 ve kapsaml\u0131 raporlar\u0131n yery\u00fcz\u00fcn\u00fcn b\u00fct\u00fcn devletlerinin dosyas\u0131nda yer ald\u0131\u011f\u0131n\u0131 tahmin etmek de g\u00fc\u00e7 de\u011fil.<\/p>\n<p style=\"text-align: justify;\">Devlet y\u00f6neticilerinin sa\u011fl\u0131\u011f\u0131 b\u00fct\u00fcn toplumu ilgilendirir.<\/p>\n<p style=\"text-align: justify;\"><strong>LAT\u0130N AMER\u0130KA L\u0130DERLER\u0130 HASTALIKLARINI HALKA A\u00c7IKLADILAR<\/strong><\/p>\n<p style=\"text-align: justify;\">Bizim &#8220;muz cumhuriyeti&#8221; diye k\u00fc\u00e7\u00fcmsemeye heveslendi\u011fimiz Latin Amerika&#8217;da devlet y\u00f6neticileri hastal\u0131klar\u0131n\u0131 derhal a\u00e7\u0131klad\u0131lar halklar\u0131na.<\/p>\n<p style=\"text-align: justify;\">Amerika&#8217;da ba\u015fkan\u0131n check-up sonu\u00e7lar\u0131, tansiyonunun ne oldu\u011funa kadar kamuoyuna a\u00e7\u0131klan\u0131r.<\/p>\n<p style=\"text-align: justify;\">Bu i\u015fler bizde oldu\u011fu gibi &#8220;alaturka bir laubalilikle&#8221; ele al\u0131nmaz.<\/p>\n<p style=\"text-align: justify;\">E\u011fer ortada ne hastal\u0131kla, ne hastal\u0131\u011f\u0131n geli\u015fimiyle ilgili ciddi ve resm\u00ee a\u00e7\u0131klamalar olmazsa, \u00e7e\u015fitli s\u00f6ylentiler ka\u00e7\u0131n\u0131lmaz bir bi\u00e7imde ortalara d\u00f6k\u00fcl\u00fcr.<\/p>\n<p style=\"text-align: justify;\">Ne yaz\u0131k ki bu laubalilik bizim b\u00fct\u00fcn y\u00f6netim bi\u00e7imimize yay\u0131lm\u0131\u015f vaziyette.<\/p>\n<p style=\"text-align: justify;\"><strong>DEVLET K\u00d6Y KAHVES\u0130NE D\u00d6ND\u00dc<\/strong><\/p>\n<p style=\"text-align: justify;\">Devlet k\u00f6y kahvesine d\u00f6nd\u00fc.<\/p>\n<p style=\"text-align: justify;\">Olup bitenleri hep birlikte izliyoruz i\u015fte, ya\u015fanan pejm\u00fcrdelikleri bir daha tadat edip can\u0131n\u0131z\u0131 s\u0131kmayaca\u011f\u0131m.<\/p>\n<p style=\"text-align: justify;\">Ama beni \u00e7ok \u00fcz\u00fcp, \u00e7ok \u00f6fkelendiren, insan haysiyetine de, devlet y\u00f6netimine de, vicdana da ayk\u0131r\u0131 bir geli\u015fmeyi, nas\u0131l bir \u00fclkede, nas\u0131l bir y\u00f6netimle, ne t\u00fcr yasalarla ya\u015fad\u0131\u011f\u0131m\u0131z\u0131 daha iyi kavrayabilmemiz i\u00e7in anlatmak istiyorum.<\/p>\n<p style=\"text-align: justify;\">Biliyorsunuz, &#8220;ta\u015f att\u0131\u011f\u0131&#8221; i\u00e7in Pozant\u0131 hapishanesine konulan bir \u00e7ocuk, hapishane m\u00fcd\u00fcr\u00fcn\u00fcn kendisine k\u0131z\u0131p &#8220;\u00d6zg\u00fcr&#8217;\u00fcn ko\u011fu\u015funa&#8221; koydu\u011funu ve \u00d6zg\u00fcr&#8217;\u00fcn de onun \u0131rz\u0131na ge\u00e7ti\u011fini anlatt\u0131.<\/p>\n<p style=\"text-align: justify;\">Adalet Bakanl\u0131\u011f\u0131 da derhal soru\u015fturma a\u00e7t\u0131.<\/p>\n<p style=\"text-align: justify;\">Sonra kendisinin de &#8220;ta\u015f atan&#8221; san\u0131klardan biri oldu\u011fu anla\u015f\u0131lan \u00d6zg\u00fcr, &#8220;tecav\u00fcz&#8221; su\u00e7undan tutukland\u0131.<\/p>\n<p style=\"text-align: justify;\"><strong>POZANTI MA\u011eDURU \u00c7OCU\u011eU DA TUTUKLADILAR<\/strong><\/p>\n<p style=\"text-align: justify;\">Daha sonra ne oldu peki?<\/p>\n<p style=\"text-align: justify;\">Pozant\u0131 ma\u011fduru \u00e7ocu\u011fu da &#8220;korsan g\u00f6steriye&#8221; kat\u0131lmaktan tutuklad\u0131lar.<\/p>\n<p style=\"text-align: justify;\">\u0130\u00e7imden ge\u00e7en daha a\u011f\u0131r s\u00f6zleri sarf etmemek i\u00e7in sadece &#8220;el insaf&#8221; demekle yetinece\u011fim.<\/p>\n<p style=\"text-align: justify;\">O ma\u011fdur \u00e7ocu\u011fun &#8220;ta\u015f atmak&#8221; ya da &#8220;korsan g\u00f6steriye&#8221; kat\u0131lmak gibi sizin yasalar\u0131n\u0131zda &#8220;a\u011f\u0131r su\u00e7&#8221; say\u0131lan bir su\u00e7u olabilir, hakk\u0131nda tutukluluk karar\u0131 da bulunabilir ama biraz ciddiyeti olan bir \u00fclkede bu \u00e7ocu\u011fu hapishaneye mi koyars\u0131n\u0131z yoksa ya\u015fad\u0131\u011f\u0131 travmay\u0131 tedavi edebilmek i\u00e7in bir hastaneye mi?<\/p>\n<p style=\"text-align: justify;\">\u00c7ocu\u011fu hapishaneye atan bu devlet, hapishanede koruyamayan bu devlet, bu geli\u015fmelere hi\u00e7 ald\u0131rmadan onu yeniden hapse koyan da bu devlet.<\/p>\n<p style=\"text-align: justify;\"><strong>BUNA DEVLET M\u0130 D\u0130YORSUNUZ GER\u00c7EKTEN<\/strong><\/p>\n<p style=\"text-align: justify;\">Buna devlet mi diyorsunuz ger\u00e7ekten?<\/p>\n<p style=\"text-align: justify;\">O \u00e7ocu\u011fu &#8220;\u00d6zg\u00fcr&#8217;\u00fcn odas\u0131na g\u00f6nderdi\u011fi&#8221; s\u00f6ylenen m\u00fcd\u00fcrle ilgili ise ne bir ses var, ne bir nefes.<\/p>\n<p style=\"text-align: justify;\">\u015eu \u00e2na kadar Adalet Bakanl\u0131\u011f\u0131&#8217;ndan da hi\u00e7bir resm\u00ee a\u00e7\u0131klama yap\u0131lmad\u0131 bu olaylarla ilgili.<\/p>\n<p style=\"text-align: justify;\">Buras\u0131, vah\u015fi, vicdans\u0131z, insafs\u0131z bir k\u00f6y kahvesi i\u015fte.<\/p>\n<p style=\"text-align: justify;\">Bir \u00e7ocu\u011fu bile koruyamayanlar\u0131n, o \u00e7ocu\u011fun ac\u0131s\u0131n\u0131 kendi vicdan\u0131nda duymayanlar\u0131n iktidar i\u00e7in tepi\u015ftikleri bu kahveyi ha o y\u00f6netmi\u015f ha \u00f6b\u00fcr\u00fc y\u00f6netmi\u015f, ne fark eder?<\/p>\n<p style=\"text-align: justify;\">Hepsi ayn\u0131 sefil &#8220;m\u00fczikle&#8221; oynad\u0131ktan sonra?<\/p>\n<p style=\"text-align: justify;\"><a href=\"http:\/\/www.gazeteport.com.tr\/haber\/83372\/stratfor_kavgasi\" target=\"_blank\">Kaynak : GAZETEPORT<\/a><\/p>\n","protected":false},"excerpt":{"rendered":"<p style=\"text-align: center;\">\n<p style=\"text-align: justify;\">Ahmet Altan Ba\u015fkan Erdo\u011fan&#8217;\u0131n d\u00fcnk\u00fc a\u00e7\u0131klamalar\u0131na yan\u0131t verirken \u00e7arp\u0131c\u0131 bir iddiay\u0131 da ortaya att\u0131.<\/p>\n<p style=\"text-align: justify;\">\u0130STANBUL &#8211; Taraf yazar\u0131 Ahmet Altan, Ba\u015fbakan Erdo\u011fan&#8217;\u0131n d\u00fcnk\u00fc s\u00f6zlerine k\u00f6\u015fesinden yan\u0131t verirken \u00e7ok \u00e7arp\u0131c\u0131 bir iddiay\u0131 daha ortaya att\u0131. Altan Stratfor&#8217;un en \u00f6nemli bilgi kayna\u011f\u0131n\u0131n Ba\u015fbakan Erdo\u011fan&#8217;\u0131n ba\u015fdan\u0131\u015fman\u0131 oldu\u011funu ileri s\u00fcrd\u00fc. <\/p>\n","protected":false},"author":1,"featured_media":0,"comment_status":"open","ping_status":"open","sticky":false,"template":"","format":"standard","meta":{"footnotes":""},"categories":[105,16],"tags":[],"class_list":["post-49277","post","type-post","status-publish","format-standard","hentry","category-gundem","category-kose-yazilari","odd"],"_links":{"self":[{"href":"http:\/\/www.korhanyilmaz.com\/index.php?rest_route=\/wp\/v2\/posts\/49277","targetHints":{"allow":["GET"]}}],"collection":[{"href":"http:\/\/www.korhanyilmaz.com\/index.php?rest_route=\/wp\/v2\/posts"}],"about":[{"href":"http:\/\/www.korhanyilmaz.com\/index.php?rest_route=\/wp\/v2\/types\/post"}],"author":[{"embeddable":true,"href":"http:\/\/www.korhanyilmaz.com\/index.php?rest_route=\/wp\/v2\/users\/1"}],"replies":[{"embeddable":true,"href":"http:\/\/www.korhanyilmaz.com\/index.php?rest_route=%2Fwp%2Fv2%2Fcomments&post=49277"}],"version-history":[{"count":0,"href":"http:\/\/www.korhanyilmaz.com\/index.php?rest_route=\/wp\/v2\/posts\/49277\/revisions"}],"wp:attachment":[{"href":"http:\/\/www.korhanyilmaz.com\/index.php?rest_route=%2Fwp%2Fv2%2Fmedia&parent=49277"}],"wp:term":[{"taxonomy":"category","embeddable":true,"href":"http:\/\/www.korhanyilmaz.com\/index.php?rest_route=%2Fwp%2Fv2%2Fcategories&post=49277"},{"taxonomy":"post_tag","embeddable":true,"href":"http:\/\/www.korhanyilmaz.com\/index.php?rest_route=%2Fwp%2Fv2%2Ftags&post=49277"}],"curies":[{"name":"wp","href":"https:\/\/api.w.org\/{rel}","templated":true}]}}