{"id":49273,"date":"2012-03-08T08:06:35","date_gmt":"2012-03-08T06:06:35","guid":{"rendered":"http:\/\/www.korhanyilmaz.com\/?p=49273"},"modified":"2012-03-08T11:24:51","modified_gmt":"2012-03-08T09:24:51","slug":"gulen-iddialar-asilsiz","status":"publish","type":"post","link":"http:\/\/www.korhanyilmaz.com\/?p=49273","title":{"rendered":"G\u00fclen: \u0130ddialar as\u0131ls\u0131z"},"content":{"rendered":"<p style=\"text-align: center;\"><a href=\"http:\/\/www.korhanyilmaz.com\/wp-content\/uploads\/2012\/03\/9090.jpg\"  class=\"lightview\"><img loading=\"lazy\" decoding=\"async\" class=\"aligncenter  wp-image-49274\" src=\"http:\/\/www.korhanyilmaz.com\/wp-content\/uploads\/2012\/03\/9090.jpg\" alt=\"\" width=\"396\" height=\"180\" \/><\/a><\/p>\n<p style=\"text-align: justify;\">G\u00fclen&#8217;in avukatlar\u0131, Taraf&#8217;ta \u00e7\u0131kan &#8220;Stratfor belgelerinde AKP-G\u00fclen M\u00fccadelesi&#8221; haberindeki iddialar\u0131 yalanlad\u0131.<\/p>\n<p style=\"text-align: justify;\">\u0130STANBUL &#8211; Fethullah G\u00fclen&#8217;in avukatlar\u0131 Taraf Gazetesi&#8217;nde, &#8220;Stratfor Belgelerinde AKP-G\u00fclen M\u00fccadelesi&#8221; ba\u015fl\u0131\u011f\u0131yla yay\u0131nlanan iddialar\u0131n tamamen as\u0131ls\u0131z ve hayal mahsul\u00fc oldu\u011funu a\u00e7\u0131klad\u0131.\u00a0<!--more--><\/p>\n<p style=\"text-align: justify;\"><strong>\u0130DD\u0130AYI YALANLADI<\/strong><\/p>\n<p style=\"text-align: justify;\">Konuyla ilgili bir bas\u0131n a\u00e7\u0131klamas\u0131 yay\u0131nlayan Fethullah G\u00fclen&#8217;in avukat\u0131 Orhan Erdemli, haberde ileri s\u00fcr\u00fclen &#8220;G\u00fclen&#8217;in AKP&#8217;yi ele ge\u00e7irmeye \u00e7al\u0131\u015ft\u0131\u011f\u0131, AKP&#8217;den 150 vekil istedi\u011fi&#8221; \u015feklindeki iddialar\u0131n hi\u00e7bir dayana\u011f\u0131n\u0131n bulunmad\u0131\u011f\u0131n\u0131 belirterek, &#8220;\u0130ddia sahipleri bu konuda hangi delillere sahiplerse, derhal ortaya koymal\u0131d\u0131rlar. Aksi halde kamuoyu \u00f6n\u00fcnde m\u00fcfteri addedileceklerdir.&#8221; dedi.<\/p>\n<p style=\"text-align: justify;\"><strong>&#8220;AKIL VE MANTI\u011eA AYKIRI&#8221;<\/strong><\/p>\n<p style=\"text-align: justify;\">A\u00e7\u0131klamada daha sonra \u015f\u00f6yle denildi: &#8220;G\u00fclen hareketinin Ba\u015fbakan Erdo\u011fan \u00fczerinde bask\u0131 kurmak i\u00e7in gazetecileri tutuklad\u0131\u011f\u0131&#8217; iddias\u0131n\u0131n da ak\u0131l ve mant\u0131kla ba\u011fda\u015f\u0131r hi\u00e7bir y\u00f6n\u00fc bulunmamaktad\u0131r.<\/p>\n<p style=\"text-align: justify;\">&#8216;G\u00fclen&#8217;in k\u00fc\u00e7\u00fck bir grupla \u00f6rg\u00fct\u00fc y\u00f6netti\u011fi&#8217;, &#8216;T\u00fcrkiye&#8217;nin b\u00fct\u00fcn g\u00fc\u00e7 merkezlerinde mevcudiyete sahip oldu\u011fu&#8217; vs s\u00f6ylemlerin tamamen ger\u00e7ek d\u0131\u015f\u0131 oldu\u011fu ise kesinle\u015fmi\u015f yarg\u0131 kararlar\u0131yla sabit bulunmaktad\u0131r.<\/p>\n<p style=\"text-align: justify;\"><strong>HABER HUKUKA AYKIRI<\/strong><\/p>\n<p style=\"text-align: justify;\">Yaz\u0131 i\u00e7eri\u011finde, iddialar\u0131n &#8216;istihbarat dedikodular\u0131&#8217; oldu\u011funa yer verilmi\u015ftir. Ancak bir iki ki\u015finin kendi aralar\u0131nda yapt\u0131\u011f\u0131 dedikodu mahiyetindeki yaz\u0131\u015fmalar, b\u00fcy\u00fck punto harflerle man\u015fetlerden kesin ger\u00e7eklermi\u015f gibi sunulmu\u015ftur. Bu durumu gazetecilik ilkeleriyle ba\u011fda\u015ft\u0131rmak m\u00fcmk\u00fcn olmad\u0131\u011f\u0131 gibi, haber a\u00e7\u0131k\u00e7a hukuka ayk\u0131r\u0131 bulunmaktad\u0131r.<\/p>\n<p style=\"text-align: justify;\">Daha \u00f6nce de bir\u00e7ok kez a\u00e7\u0131klad\u0131\u011f\u0131m\u0131z \u00fczere, Say\u0131n G\u00fclen \u00f6mr\u00fc boyunca, insan\u0131 merkeze alan, hukukun \u00fcst\u00fcnl\u00fc\u011f\u00fc, insan haklar\u0131, demokrasi ve diyalog gibi evrensel esaslara dayal\u0131 fikri faaliyetlerde bulunmu\u015ftur. Bu \u00e7al\u0131\u015fmalar\u0131n siyasi bir y\u00f6n\u00fc bulunmamaktad\u0131r. Tamamen me\u015fru zeminlerde ger\u00e7ekle\u015fen bu faaliyetler yasalara da ayk\u0131r\u0131 de\u011fildir. Kamuoyuna sayg\u0131lar\u0131m\u0131zla arzederiz.&#8221;<\/p>\n<p style=\"text-align: justify;\"><a href=\"http:\/\/www.gazeteport.com.tr\/haber\/83311\/gulen_iddialar_asilsiz\" target=\"_blank\">Kaynak : GAZETEPORT<\/a><\/p>\n","protected":false},"excerpt":{"rendered":"<p style=\"text-align: center;\">\n<p style=\"text-align: justify;\">G\u00fclen&#8217;in avukatlar\u0131, Taraf&#8217;ta \u00e7\u0131kan &#8220;Stratfor belgelerinde AKP-G\u00fclen M\u00fccadelesi&#8221; haberindeki iddialar\u0131 yalanlad\u0131.<\/p>\n<p style=\"text-align: justify;\">\u0130STANBUL &#8211; Fethullah G\u00fclen&#8217;in avukatlar\u0131 Taraf Gazetesi&#8217;nde, &#8220;Stratfor Belgelerinde AKP-G\u00fclen M\u00fccadelesi&#8221; ba\u015fl\u0131\u011f\u0131yla yay\u0131nlanan iddialar\u0131n tamamen as\u0131ls\u0131z ve hayal mahsul\u00fc oldu\u011funu a\u00e7\u0131klad\u0131. <\/p>\n","protected":false},"author":1,"featured_media":0,"comment_status":"open","ping_status":"open","sticky":false,"template":"","format":"standard","meta":{"footnotes":""},"categories":[105],"tags":[],"class_list":["post-49273","post","type-post","status-publish","format-standard","hentry","category-gundem","odd"],"_links":{"self":[{"href":"http:\/\/www.korhanyilmaz.com\/index.php?rest_route=\/wp\/v2\/posts\/49273","targetHints":{"allow":["GET"]}}],"collection":[{"href":"http:\/\/www.korhanyilmaz.com\/index.php?rest_route=\/wp\/v2\/posts"}],"about":[{"href":"http:\/\/www.korhanyilmaz.com\/index.php?rest_route=\/wp\/v2\/types\/post"}],"author":[{"embeddable":true,"href":"http:\/\/www.korhanyilmaz.com\/index.php?rest_route=\/wp\/v2\/users\/1"}],"replies":[{"embeddable":true,"href":"http:\/\/www.korhanyilmaz.com\/index.php?rest_route=%2Fwp%2Fv2%2Fcomments&post=49273"}],"version-history":[{"count":0,"href":"http:\/\/www.korhanyilmaz.com\/index.php?rest_route=\/wp\/v2\/posts\/49273\/revisions"}],"wp:attachment":[{"href":"http:\/\/www.korhanyilmaz.com\/index.php?rest_route=%2Fwp%2Fv2%2Fmedia&parent=49273"}],"wp:term":[{"taxonomy":"category","embeddable":true,"href":"http:\/\/www.korhanyilmaz.com\/index.php?rest_route=%2Fwp%2Fv2%2Fcategories&post=49273"},{"taxonomy":"post_tag","embeddable":true,"href":"http:\/\/www.korhanyilmaz.com\/index.php?rest_route=%2Fwp%2Fv2%2Ftags&post=49273"}],"curies":[{"name":"wp","href":"https:\/\/api.w.org\/{rel}","templated":true}]}}