{"id":49264,"date":"2012-03-08T08:05:22","date_gmt":"2012-03-08T06:05:22","guid":{"rendered":"http:\/\/www.korhanyilmaz.com\/?p=49264"},"modified":"2012-03-08T10:51:21","modified_gmt":"2012-03-08T08:51:21","slug":"gul-28-subat-rovansina-karsi","status":"publish","type":"post","link":"http:\/\/www.korhanyilmaz.com\/?p=49264","title":{"rendered":"G\u00fcl &#8217;28 \u015eubat r\u00f6van\u015f\u0131&#8217;na kar\u015f\u0131"},"content":{"rendered":"<p style=\"text-align: center;\"><a href=\"http:\/\/www.korhanyilmaz.com\/wp-content\/uploads\/2012\/03\/9088.jpg\"  class=\"lightview\"><img loading=\"lazy\" decoding=\"async\" class=\"aligncenter  wp-image-49265\" src=\"http:\/\/www.korhanyilmaz.com\/wp-content\/uploads\/2012\/03\/9088.jpg\" alt=\"\" width=\"396\" height=\"180\" \/><\/a><\/p>\n<p style=\"text-align: justify;\">Cumhurba\u015fkan\u0131 G\u00fcl&#8217;den, 15. y\u0131ld\u00f6n\u00fcm\u00fcn\u00fcn \u00fczerinden say\u0131l\u0131 g\u00fcnler ge\u00e7en ve e\u011fitime yeni model tart\u0131\u015fmalar\u0131n\u0131n da merkezinde yer alan 28 \u015eubat&#8217;la ilgili bir de\u011ferlendirme geldi.<\/p>\n<p style=\"text-align: justify;\">\u0130STANBUL &#8211; AK Parti&#8217;nin e\u011fitime 4+4+4 modeline tepki g\u00f6steren ana muhalefet partisisi CHP&#8217;nin arg\u00fcmanlar\u0131ndan biri de &#8217;28 \u015eubat&#8217;\u0131n r\u00f6van\u015f\u0131&#8217; de\u011ferlendirmesiydi.\u00a0<!--more--><\/p>\n<p style=\"text-align: justify;\">15. y\u0131ld\u00f6n\u00fcm\u00fc nedeniyle bas\u0131nda geni\u015f yer bulan s\u00fcre\u00e7le ilgili, Cumhurba\u015fkan\u0131 Abdullah G\u00fcl, Tunus yolunda u\u00e7akta a\u00e7\u0131klamalarda bulundu.<\/p>\n<p style=\"text-align: justify;\">G\u00fcl, 28 \u015eubat s\u00fcreciyle hesapla\u015f\u0131l\u0131rken &#8216;r\u00f6van\u015fizm&#8217;e kap\u0131l\u0131nmamas\u0131 gerekti\u011fini vurgulad\u0131.<\/p>\n<p style=\"text-align: justify;\">Bir\u00e7ok k\u00f6\u015fe yazar\u0131n\u0131n s\u00fct\u00fcnlar\u0131na ta\u015f\u0131d\u0131\u011f\u0131 G\u00fcl&#8217;\u00fcn de\u011ferlendirmesi \u015f\u00f6yle:<\/p>\n<p style=\"text-align: justify;\">&#8220;Bu konunun birinci dereceden \u015fahidiyim ama art\u0131k makam\u0131m gere\u011fi mesafeli olmak durumunday\u0131m. Dikkat edilmesi gereken konular\u0131n ba\u015f\u0131nda bir daha bu t\u00fcr \u015feylerin olmamas\u0131n\u0131n sa\u011flanmas\u0131 geliyor&#8230; \u0130kinci boyut ise haklar\u0131 yenmi\u015f, ma\u011fdur edilmi\u015f \u00e7ok say\u0131da insan\u0131n ma\u011fduriyetlerinin giderilmesi i\u00e7in bir \u00e7al\u0131\u015fma yap\u0131lmas\u0131 gerekiyor.<\/p>\n<p style=\"text-align: justify;\">\u00dc\u00e7\u00fcnc\u00fc konu yarg\u0131yla ilgilidir. Bu konuda da dikkat edilmesi gereken \u015fey r\u00f6van\u015fist bir duruma d\u00fc\u015fmemektir. R\u00f6van\u015fizm her zaman k\u00f6t\u00fcd\u00fcr. R\u00f6van\u015fist bir d\u00fczeyde meseleleri ele al\u0131rsan\u0131z olay\u0131 bitmez t\u00fckenmez bir s\u0131ra meselesi haline getirmi\u015f olursunuz. S\u0131ra size geldi\u011finde r\u00f6van\u015f\u0131 al\u0131rs\u0131n\u0131z ama bir sonraki sefere de di\u011ferlerine bir sebep yaratm\u0131\u015f olursunuz, bu da yakalanm\u0131\u015f olan demokrasi standard\u0131ndan geri d\u00fc\u015fmenin bir yoludur. Oysa ya\u015famakta oldu\u011fumuz demokratikle\u015fme, normalle\u015fme, iyile\u015ftirmeler veya ne derseniz ne deyin, bu s\u00fcre\u00e7ten geriye gitmememiz \u00e7ok \u00f6nemlidir.&#8221;<\/p>\n<p style=\"text-align: justify;\"><a href=\"http:\/\/www.gazeteport.com.tr\/haber\/83313\/gul_28_subat_rovansina_karsi\" target=\"_blank\">Kaynak : GAZETEPORT<\/a><\/p>\n","protected":false},"excerpt":{"rendered":"<p style=\"text-align: center;\">\n<p style=\"text-align: justify;\">Cumhurba\u015fkan\u0131 G\u00fcl&#8217;den, 15. y\u0131ld\u00f6n\u00fcm\u00fcn\u00fcn \u00fczerinden say\u0131l\u0131 g\u00fcnler ge\u00e7en ve e\u011fitime yeni model tart\u0131\u015fmalar\u0131n\u0131n da merkezinde yer alan 28 \u015eubat&#8217;la ilgili bir de\u011ferlendirme geldi.<\/p>\n<p style=\"text-align: justify;\">\u0130STANBUL &#8211; AK Parti&#8217;nin e\u011fitime 4+4+4 modeline tepki g\u00f6steren ana muhalefet partisisi CHP&#8217;nin arg\u00fcmanlar\u0131ndan biri de &#8217;28 \u015eubat&#8217;\u0131n r\u00f6van\u015f\u0131&#8217; de\u011ferlendirmesiydi. <\/p>\n","protected":false},"author":1,"featured_media":0,"comment_status":"open","ping_status":"open","sticky":false,"template":"","format":"standard","meta":{"footnotes":""},"categories":[105],"tags":[],"class_list":["post-49264","post","type-post","status-publish","format-standard","hentry","category-gundem","odd"],"_links":{"self":[{"href":"http:\/\/www.korhanyilmaz.com\/index.php?rest_route=\/wp\/v2\/posts\/49264","targetHints":{"allow":["GET"]}}],"collection":[{"href":"http:\/\/www.korhanyilmaz.com\/index.php?rest_route=\/wp\/v2\/posts"}],"about":[{"href":"http:\/\/www.korhanyilmaz.com\/index.php?rest_route=\/wp\/v2\/types\/post"}],"author":[{"embeddable":true,"href":"http:\/\/www.korhanyilmaz.com\/index.php?rest_route=\/wp\/v2\/users\/1"}],"replies":[{"embeddable":true,"href":"http:\/\/www.korhanyilmaz.com\/index.php?rest_route=%2Fwp%2Fv2%2Fcomments&post=49264"}],"version-history":[{"count":0,"href":"http:\/\/www.korhanyilmaz.com\/index.php?rest_route=\/wp\/v2\/posts\/49264\/revisions"}],"wp:attachment":[{"href":"http:\/\/www.korhanyilmaz.com\/index.php?rest_route=%2Fwp%2Fv2%2Fmedia&parent=49264"}],"wp:term":[{"taxonomy":"category","embeddable":true,"href":"http:\/\/www.korhanyilmaz.com\/index.php?rest_route=%2Fwp%2Fv2%2Fcategories&post=49264"},{"taxonomy":"post_tag","embeddable":true,"href":"http:\/\/www.korhanyilmaz.com\/index.php?rest_route=%2Fwp%2Fv2%2Ftags&post=49264"}],"curies":[{"name":"wp","href":"https:\/\/api.w.org\/{rel}","templated":true}]}}