{"id":49252,"date":"2012-03-06T13:47:50","date_gmt":"2012-03-06T11:47:50","guid":{"rendered":"http:\/\/www.korhanyilmaz.com\/?p=49252"},"modified":"2012-03-07T20:49:15","modified_gmt":"2012-03-07T18:49:15","slug":"gul-gazoz-satamadim-beni-okula-gonderdiler","status":"publish","type":"post","link":"http:\/\/www.korhanyilmaz.com\/?p=49252","title":{"rendered":"G\u00fcl: Gazoz satamad\u0131m beni okula g\u00f6nderdiler"},"content":{"rendered":"<p style=\"text-align: center;\"><a href=\"http:\/\/www.korhanyilmaz.com\/wp-content\/uploads\/2012\/03\/9085.jpg\"  class=\"lightview\"><img loading=\"lazy\" decoding=\"async\" class=\"aligncenter  wp-image-49253\" src=\"http:\/\/www.korhanyilmaz.com\/wp-content\/uploads\/2012\/03\/9085.jpg\" alt=\"\" width=\"333\" height=\"191\" \/><\/a><\/p>\n<p style=\"text-align: justify;\">Suudi Arabistan dergisi Arrajol&#8217;a konu\u015fan Cumhurba\u015fkan\u0131 Abdullah G\u00fcl, &#8221;Kayseri&#8217;de ticaretle ilgili olanlar mesleklere y\u00f6nlendirilir, olmayanlar okula g\u00f6nderilirdi. Gazoz satacakt\u0131m, ancak anla\u015f\u0131lan pek ba\u015far\u0131l\u0131 olamad\u0131m ki beni tekrar okula g\u00f6nderdiler&#8221; dedi.<\/p>\n<p style=\"text-align: justify;\">ANKARA &#8211; Cumhurba\u015fkan\u0131 Abdullah G\u00fcl, Londra merkezli Suudi Arabistan dergisi Arrajol&#8217;a (Erkekler), \u00e7ocuklu\u011fundan siyasi kariyerine, \u00fcniversite ve i\u015f tecr\u00fcbesinden aile ya\u015fam\u0131na kadar \u00e7e\u015fitli konularda a\u00e7\u0131klamalar\u0131n\u0131 i\u00e7eren m\u00fclakat verdi.\u00a0<!--more--><\/p>\n<p style=\"text-align: justify;\">Cumhurba\u015fkanl\u0131\u011f\u0131&#8217;n\u0131n internet sitesinde de yer verilen m\u00fclakatta G\u00fcl, \u0130slami \u00f6rf ve adetlerle Do\u011fu geleneklerine ba\u011fl\u0131 bir \u015fehir olan Kayseri&#8217;de do\u011fdu\u011funu, kentin Sel\u00e7uklular zaman\u0131nda da \u00fcn yapm\u0131\u015f olan \u0130slam k\u00fclt\u00fcr\u00fc merkezlerinden biri oldu\u011funu ifade etti. Babas\u0131, annesi ve karde\u015flerinin hala Kayseri&#8217;de ya\u015fad\u0131\u011f\u0131n\u0131 belirten G\u00fcl, yeti\u015fme tarz\u0131n\u0131 \u015f\u00f6yle anlatt\u0131:<\/p>\n<p style=\"text-align: justify;\">&#8221;Kayseri esasen bir sanayi ve ticaret merkezidir. Orada insanlar bu \u015fekilde yeti\u015firler. Oralarda bir adet vard\u0131r. Aileler \u00e7ocuklar\u0131 b\u00fcy\u00fcy\u00fcnce onlar\u0131 s\u0131nava tabi tutarlar. Ticaretle ilgili olanlar mesleklere y\u00f6nlendirilir, olmayanlar okula g\u00f6nderilirdi. Hat\u0131rl\u0131yorum, dedemin bir i\u015f yeri vard\u0131. Bir yaz tatilinde babam beni oraya g\u00f6nderdi. Gazoz satacakt\u0131m, ancak anla\u015f\u0131lan pek ba\u015far\u0131l\u0131 olamad\u0131m ki beni tekrar okula g\u00f6nderdiler. Ortaokulu ve liseyi Kayseri&#8217;de okudum. Sonra \u00fcniversite tahsili i\u00e7in \u0130stanbul&#8217;a gittim. \u0130lgin\u00e7 olan tesad\u00fcflerden biri, benim do\u011fum g\u00fcn\u00fcm T\u00fcrkiye&#8217;nin milli g\u00fcn\u00fc olan 29 Ekim&#8217;e tesad\u00fcf eder. Arkada\u015flar\u0131mla, &#8216;baz\u0131 insanlar do\u011fum g\u00fcnlerini saklayabilirler. Ben ise yapam\u0131yorum, t\u00fcm T\u00fcrkiye benimle kutluyor&#8217; diye \u015fakala\u015f\u0131rd\u0131m.&#8221;<\/p>\n<p style=\"text-align: justify;\">Ailesini &#8221;orta s\u0131n\u0131f&#8221; ve &#8221;dinine, adet ve de\u011ferlerine ba\u011fl\u0131&#8221; olarak tan\u0131mlayan G\u00fcl, ailesinde bu \u015fekilde yeti\u015fen ve okuyan \u00e7ok insan oldu\u011funu s\u00f6yledi.<\/p>\n<p style=\"text-align: justify;\">Duydu\u011fu kadar\u0131yla, babas\u0131 Ahmet Hamdi G\u00fcl&#8217;\u00fcn 7 ya\u015f\u0131nda \u00e7al\u0131\u015fmaya ba\u015flad\u0131\u011f\u0131n\u0131 ifade eden G\u00fcl, &#8221;U\u00e7ak par\u00e7alar\u0131 imal eden bir fabrikada \u00e7al\u0131\u015f\u0131rd\u0131. Oradan emekli olunca kendi at\u00f6lyesini a\u00e7t\u0131. \u015eimdi 85 ya\u015f\u0131ndad\u0131r, ancak hala her g\u00fcn i\u015f yerine gider. Karde\u015fim de orada \u00e7al\u0131\u015f\u0131yor ve fabrikay\u0131 geli\u015ftirmeye \u00e7al\u0131\u015f\u0131yor&#8221; dedi.<\/p>\n<p style=\"text-align: justify;\">B\u00fcy\u00fck bir ailesi oldu\u011funu ve \u00e7ok mutlu bir \u00e7ocukluk ge\u00e7irdi\u011fini vurgulayan G\u00fcl, &#8221;\u00c7ocuklu\u011fumdaki en \u00f6nemli durak, gazoz sat\u0131\u015f\u0131 konusundaki tecr\u00fcbem olmu\u015ftur. \u0130yice hat\u0131rl\u0131yorum, ah\u015fap bir kutu i\u00e7inde gazozlar vard\u0131, bunlar\u0131 y\u00fcksek sesle ba\u011f\u0131rarak satmam gerekiyordu. Ancak anla\u015f\u0131lan bunda ba\u015far\u0131l\u0131 olamad\u0131m&#8221; diye konu\u015ftu.<\/p>\n<p style=\"text-align: justify;\"><strong>&#8216;\u00dcLKE MESELELER\u0130NE \u0130LG\u0130M L\u0130SEDE BA\u015eLADI&#8217;<\/strong><\/p>\n<p style=\"text-align: justify;\">\u00dclke meseleleriyle lise \u00e7a\u011f\u0131nda ilgilenmeye ba\u015flad\u0131\u011f\u0131n\u0131 dile getiren G\u00fcl, \u00fcniversitede bu u\u011fra\u015f\u0131n daha da derinle\u015fti\u011fini, \u0130stanbul \u00dcniversitesi \u0130ktisat Fak\u00fcltesi&#8217;nde okurken Talebe Birli\u011fi Ba\u015fkanl\u0131\u011f\u0131&#8217;na kadar ula\u015ft\u0131\u011f\u0131n\u0131 s\u00f6yledi.<\/p>\n<p style=\"text-align: justify;\">Cumhurba\u015fkan\u0131 G\u00fcl, o d\u00f6nemin \u00e7ok \u00e7alkant\u0131l\u0131 ge\u00e7ti\u011fini de anlat\u0131rken, &#8221;Sol ak\u0131m gen\u00e7lerin dikkatini \u00e7ekiyordu. Ancak kar\u015f\u0131 g\u00f6r\u00fc\u015fler de vard\u0131. Ben genellikle hem dindar hem de a\u00e7\u0131k g\u00f6r\u00fc\u015fl\u00fc ak\u0131mlar i\u00e7inde idim. Milli de\u011ferlere de \u00f6nem veriyorduk. Solcular daha enternasyonal fikirleri savunurken, biz memleket de\u011ferlerine \u00f6nem veriyorduk. \u0130slami geleneklere ba\u011fl\u0131 kalmak istiyorduk. Tarih derslerine ilgi duyuyorduk. Marksist ak\u0131mlar da vard\u0131. O zaman \u00e7at\u0131\u015fma zemini de do\u011fuyordu. Bazen de bu, \u015fiddetli ayr\u0131\u015fmalara sebep oluyordu&#8221; diye konu\u015ftu.<\/p>\n<p style=\"text-align: justify;\">\u00dcniversite y\u0131llar\u0131nda bug\u00fcnk\u00fc konumuna gelece\u011fini tahmin etmedi\u011fini belirten G\u00fcl, &#8221;\u015eahsi hayat\u0131m i\u00e7in fazla beklentilerim yoktu. \u015eahsi beklentilerden fazla prensiplerimize hizmet etmek istiyordum&#8221; dedi.<\/p>\n<p style=\"text-align: justify;\">Siyasete girmesinde \u00fcniversite y\u0131llar\u0131nda edindi\u011fi tecr\u00fcbenin faydal\u0131 oldu\u011funu da ifade eden G\u00fcl, siyasete \u00e7ok gen\u00e7 ya\u015fta ba\u015flamas\u0131n\u0131n kendisine \u0131\u015f\u0131k tuttu\u011funu kaydetti. G\u00fcl, \u015fahsi beklentiler yerine \u00fclkeye hizmet d\u00fcrt\u00fcs\u00fcn\u00fcn kendisi i\u00e7in \u00f6nemli oldu\u011funu vurgulad\u0131.<\/p>\n<p style=\"text-align: justify;\"><strong>&#8216;DARBEDEN B\u0130R HAFTA \u00d6NCE EVLEND\u0130M&#8217;<\/strong><\/p>\n<p style=\"text-align: justify;\">Cumhurba\u015fkan\u0131 G\u00fcl, doktoraya ba\u015flad\u0131\u011f\u0131nda hem dil hem de ekonomik bilimler i\u00e7in Londra&#8217;ya gitti\u011fini belirtti. Londra&#8217;da M\u00fcsl\u00fcman \u00f6\u011frenciler yurdunda kald\u0131\u011f\u0131n\u0131 ve bir\u00e7ok insanla tan\u0131\u015fma f\u0131rsat\u0131 yakalad\u0131\u011f\u0131n\u0131 anlatan G\u00fcl, ilk Arap arkada\u015flar\u0131na da o d\u00f6nemde sahip oldu\u011funu s\u00f6yledi.<\/p>\n<p style=\"text-align: justify;\">T\u00fcrkiye&#8217;ye d\u00f6nd\u00fckten sonra akademik hayata ba\u015flad\u0131\u011f\u0131n\u0131, 1983 y\u0131l\u0131na kadar bu meslekte kald\u0131\u011f\u0131n\u0131 dile getiren G\u00fcl, &#8221;Ancak 1980 y\u0131l\u0131nda T\u00fcrkiye&#8217;de askeri darbe oldu. Tutuklananlar aras\u0131nda ben de vard\u0131m. Bana bir su\u00e7 isnat edilmedi ve sal\u0131verildim. Ancak olan bitenlerden anlad\u0131m ki \u00f6\u011fretim \u00fcyeli\u011fi konusunda da fazla imkan\u0131m olmayacak. T\u00fcrl\u00fc zorluklar belirmekte idi. O arada Ekonomist dergisinde bir ilan g\u00f6rd\u00fcm. \u0130slam Kalk\u0131nma Bankas\u0131&#8217;nda ekonomi uzmanlar\u0131 isteniyordu. Ben de ba\u015fvurdum ve talebim kabul edildi. Orada \u00e7al\u0131\u015fmaya ba\u015flad\u0131m&#8221; dedi.<\/p>\n<p style=\"text-align: justify;\">12 Eyl\u00fcl&#8217;deki askeri darbeden bir hafta \u00f6nce evlendi\u011fini, darbenin hemen ard\u0131ndan tutukland\u0131\u011f\u0131n\u0131 dile getiren G\u00fcl, o d\u00f6nemdeki \u015fartlar\u0131n a\u011f\u0131r oldu\u011funu s\u00f6yledi. G\u00fcl, &#8221;Tutuklama olunca zor g\u00fcnler ge\u00e7irdik. E\u015fim nereye g\u00f6t\u00fcr\u00fcld\u00fc\u011f\u00fcm\u00fc bilmiyordu. Suudi Arabistan&#8217;da yeni bir aile hayat\u0131 ba\u015flad\u0131. Orada \u00e7ok mutlu bir aile hayat\u0131m\u0131z vard\u0131. Ailem i\u00e7in \u015fof\u00f6rl\u00fck yap\u0131yordum, \u00e7ar\u015f\u0131lara gidiyorduk. \u0130\u015fim dolay\u0131s\u0131yla \u0130slam d\u00fcnyas\u0131n\u0131 tan\u0131ma f\u0131rsat\u0131n\u0131 buldum. Zengin ve yoksul \u00fclkeleri tan\u0131d\u0131m. Sonradan siyasi hayat\u0131mda bu bana \u0131\u015f\u0131k tuttu&#8221; diye konu\u015ftu.<\/p>\n<p style=\"text-align: justify;\"><strong>&#8216;T\u00dcRK\u0130YE&#8217;N\u0130N DE\u011e\u0130\u015e\u0130ME \u0130HT\u0130YACI OLDU\u011eUNU G\u00d6RD\u00dcK&#8217;<\/strong><\/p>\n<p style=\"text-align: justify;\">\u0130slam d\u00fcnyas\u0131ndaki tecr\u00fcbesine ilave olarak, T\u00fcrkiye B\u00fcy\u00fck Millet Meclisi&#8217;ni 10 y\u0131l boyunca Avrupa Parlamentosu Asamblesi&#8217;nde temsil etti\u011fini belirten G\u00fcl, her iki y\u00f6nde de geni\u015f tecr\u00fcbesi oldu\u011funu s\u00f6yledi.<\/p>\n<p style=\"text-align: justify;\">&#8221;Konulara realist bir bak\u0131\u015fla yakla\u015f\u0131yordum&#8221; diyen G\u00fcl, AK Parti&#8217;nin kurulu\u015f s\u00fcreci ve sonras\u0131n\u0131 \u015f\u00f6yle anlatt\u0131:<\/p>\n<p style=\"text-align: justify;\">&#8221;2002 y\u0131l\u0131nda partiyi kurduk. Milli de\u011ferlere ve memleket konular\u0131na konsantre olmu\u015ftuk. \u0130slami de\u011ferler gibi kendi prensiplerimizi \u00f6n planda tutuyorduk. T\u00fcrkiye&#8217;nin bu de\u011fi\u015fime ihtiyac\u0131 oldu\u011funu g\u00f6rd\u00fck. Do\u011fru buldu\u011fumuz reformlara girmeyi tasarl\u0131yorduk. Bunlara ba\u015flad\u0131k ve ger\u00e7ekle\u015ftirdik. Politik, ekonomik ve sosyal de\u011fi\u015fimlere ba\u015flad\u0131k. Ancak baz\u0131 zorluklar da vard\u0131. \u00c7o\u011fulcu bir sistemde ya\u015f\u0131yoruz. Baz\u0131 partiler kendi bildiklerini \u00f6n plana \u00e7\u0131kar\u0131yordu. Bunlar\u0131n bir k\u0131sm\u0131 demokratik normlara uygun oldu\u011fu gibi ba\u015fkalar\u0131 da de\u011fildi. Ancak halk bununla kayna\u015ft\u0131, se\u00e7imleri kazand\u0131k. AK Parti se\u00e7imleri al\u0131nca ben Ba\u015fbakan oldum, sonra D\u0131\u015fi\u015fleri Bakanl\u0131\u011f\u0131n\u0131 \u00fcstlendim. Son olarak da Cumhurba\u015fkanl\u0131\u011f\u0131na se\u00e7ildim.&#8221;<\/p>\n<p style=\"text-align: justify;\">G\u00fcl, aile hayat\u0131na \u00e7ok \u00f6nem verdi\u011fini, ancak siyasetteki me\u015fguliyeti nedeniyle ailesine \u00e7ok vakit ay\u0131ramad\u0131\u011f\u0131n\u0131 da kaydetti. Cumhurba\u015fkan\u0131 G\u00fcl, bu alanda bir bo\u015fluk olunca e\u015fi Hayr\u00fcnnisa G\u00fcl&#8217;e, &#8221;Art\u0131k bu g\u00f6rev senin. Ben vatan evlatlar\u0131yla u\u011fra\u015faca\u011f\u0131m, onlar\u0131n gelece\u011fiyle ilgilenece\u011fim. Bizim \u00e7ocuklar ise sana emanet, bu bo\u015flu\u011fu dolduracaks\u0131n&#8221; dedi\u011fini aktard\u0131 ve e\u015fi G\u00fcl&#8217;\u00fcn bunda ba\u015far\u0131l\u0131 oldu\u011funu s\u00f6yledi.<\/p>\n<p style=\"text-align: justify;\">Ev meselelerinin tamamen e\u015fi Hayr\u00fcnnisa G\u00fcl&#8217;e kald\u0131\u011f\u0131n\u0131 belirten G\u00fcl, &#8221;Tabii kamu i\u015finde olanlar bir bedel \u00f6deyeceklerdir. Ancak \u015fimdi aile ziyaretlerimizde olsun, resmi ziyaretlerde olsun beraber olmaya \u00e7al\u0131\u015f\u0131yoruz. E\u015fim de tabii ki &#8216;First Lady&#8217; olarak baz\u0131 genel hizmetlerle me\u015fgul. Toplum ve \u00e7ocuklarla u\u011fra\u015f verdi\u011fi \u00e7al\u0131\u015fmalar var&#8221; diye konu\u015ftu.<\/p>\n<p style=\"text-align: justify;\">Cumhurba\u015fkan\u0131 G\u00fcl, ender olsa da hafta sonlar\u0131nda e\u015fiyle birlikte mutfa\u011fa girmeye \u00e7al\u0131\u015ft\u0131\u011f\u0131n\u0131, \u00e7ok iyi bir a\u015f\u00e7\u0131 olmamakla birlikte menemeni iyi yapt\u0131\u011f\u0131n\u0131 s\u00f6yledi.<\/p>\n<p style=\"text-align: justify;\"><strong>&#8216;BA\u015eBAKAN FENERBAH\u00c7EL\u0130 BEN BE\u015e\u0130KTA\u015eLIYIM&#8217;<\/strong><\/p>\n<p style=\"text-align: justify;\">Arkada\u015flar\u0131na da \u00e7ok \u00f6nem verdi\u011finin alt\u0131n\u0131 \u00e7izen G\u00fcl, &#8221;Sadece siyasi s\u00fcre\u00e7te tan\u0131\u015ft\u0131klar\u0131m de\u011fil, okul arkada\u015flar\u0131 ile olan ili\u015fkilerime de \u00e7ok \u00f6nem veririm. Bazen toplan\u0131r, makamlardan ar\u0131n\u0131p eski hat\u0131ralar\u0131 canland\u0131r\u0131r\u0131z&#8221; diye konu\u015ftu.<\/p>\n<p style=\"text-align: justify;\">G\u00fcl, futbolu sevdi\u011fini, d\u00fcnyada oldu\u011fu gibi T\u00fcrkiye&#8217;de de futbolun \u00e7ok ilgi g\u00f6rd\u00fc\u011f\u00fcn\u00fc belirterek, kendisinin Be\u015fikta\u015f&#8217;\u0131, Ba\u015fbakan Recep Tayyip Erdo\u011fan&#8217;\u0131n ise Fenerbah\u00e7e&#8217;yi tuttu\u011funu s\u00f6yledi. G\u00fcl, &#8221;Yani aran\u0131zda spor rekabeti var&#8221; s\u00f6z\u00fc \u00fczerine, g\u00fclerek, &#8221;Tabii ki bizde her t\u00fcrl\u00fc rekabet me\u015frudur&#8221; dedi.<\/p>\n<p style=\"text-align: justify;\">\u00c7ok okudu\u011funu ve vakit bulduk\u00e7a y\u00fcr\u00fcd\u00fc\u011f\u00fcn\u00fc anlatan G\u00fcl, &#8221;Da\u011flarda, a\u00e7\u0131k alanlarda y\u00fcr\u00fcmeyi severim. Resmi ziyaretlerim esnas\u0131nda dahi f\u0131rsat bulduk\u00e7a y\u00fcr\u00fcmeye \u00e7\u0131kar\u0131m&#8221; diye konu\u015ftu.<\/p>\n<p style=\"text-align: justify;\">Cumhurba\u015fkan\u0131 G\u00fcl, \u00fcstlendi\u011fi g\u00f6revler dolay\u0131s\u0131yla \u00e7ok dostluklar\u0131 oldu\u011funu, Arap liderleriyle de dostane ili\u015fkileri oldu\u011funu ifade etti.<\/p>\n<p style=\"text-align: justify;\">T\u00fcrkiye&#8217;nin son d\u00f6nemde ba\u015far\u0131l\u0131 olmas\u0131n\u0131n s\u0131rr\u0131n\u0131n do\u011fuya da y\u00f6nelmesinde sakl\u0131 oldu\u011funu vurgulayan G\u00fcl, &#8221;Kendimizle ve tarihimizle bar\u0131\u015f\u0131k durumday\u0131z. Dini ve tarihi de\u011ferlerimizle de \u00f6yle. T\u00fcrkiye&#8217;deki genel ak\u0131mla bar\u0131\u015f\u0131k durumday\u0131z. Halk ve devlet birbirini kucaklad\u0131. Ayr\u0131ca T\u00fcrkiye muhitini, \u00e7evresini de kucaklad\u0131. B\u00f6lgesiyle ilgilenen bir \u00fclke olduk. Tabii ki Arap \u00fclkeleri de, b\u00f6lge \u00fcleleri de bunu alg\u0131lad\u0131; onun i\u00e7in onlarla da kucakla\u015ft\u0131k&#8221; diye konu\u015ftu.<\/p>\n<p style=\"text-align: justify;\"><a href=\"http:\/\/www.ntvmsnbc.com\/id\/25327998\/\" target=\"_blank\">Kaynak : NTVMSNBC<\/a><\/p>\n","protected":false},"excerpt":{"rendered":"<p style=\"text-align: center;\">\n<p style=\"text-align: justify;\">Suudi Arabistan dergisi Arrajol&#8217;a konu\u015fan Cumhurba\u015fkan\u0131 Abdullah G\u00fcl, &#8221;Kayseri&#8217;de ticaretle ilgili olanlar mesleklere y\u00f6nlendirilir, olmayanlar okula g\u00f6nderilirdi. Gazoz satacakt\u0131m, ancak anla\u015f\u0131lan pek ba\u015far\u0131l\u0131 olamad\u0131m ki beni tekrar okula g\u00f6nderdiler&#8221; dedi.<\/p>\n<p style=\"text-align: justify;\">ANKARA &#8211; Cumhurba\u015fkan\u0131 Abdullah G\u00fcl, Londra merkezli Suudi Arabistan dergisi Arrajol&#8217;a (Erkekler), \u00e7ocuklu\u011fundan siyasi kariyerine, \u00fcniversite ve i\u015f <\/p>\n","protected":false},"author":1,"featured_media":0,"comment_status":"open","ping_status":"open","sticky":false,"template":"","format":"standard","meta":{"footnotes":""},"categories":[105],"tags":[],"class_list":["post-49252","post","type-post","status-publish","format-standard","hentry","category-gundem","odd"],"_links":{"self":[{"href":"http:\/\/www.korhanyilmaz.com\/index.php?rest_route=\/wp\/v2\/posts\/49252","targetHints":{"allow":["GET"]}}],"collection":[{"href":"http:\/\/www.korhanyilmaz.com\/index.php?rest_route=\/wp\/v2\/posts"}],"about":[{"href":"http:\/\/www.korhanyilmaz.com\/index.php?rest_route=\/wp\/v2\/types\/post"}],"author":[{"embeddable":true,"href":"http:\/\/www.korhanyilmaz.com\/index.php?rest_route=\/wp\/v2\/users\/1"}],"replies":[{"embeddable":true,"href":"http:\/\/www.korhanyilmaz.com\/index.php?rest_route=%2Fwp%2Fv2%2Fcomments&post=49252"}],"version-history":[{"count":0,"href":"http:\/\/www.korhanyilmaz.com\/index.php?rest_route=\/wp\/v2\/posts\/49252\/revisions"}],"wp:attachment":[{"href":"http:\/\/www.korhanyilmaz.com\/index.php?rest_route=%2Fwp%2Fv2%2Fmedia&parent=49252"}],"wp:term":[{"taxonomy":"category","embeddable":true,"href":"http:\/\/www.korhanyilmaz.com\/index.php?rest_route=%2Fwp%2Fv2%2Fcategories&post=49252"},{"taxonomy":"post_tag","embeddable":true,"href":"http:\/\/www.korhanyilmaz.com\/index.php?rest_route=%2Fwp%2Fv2%2Ftags&post=49252"}],"curies":[{"name":"wp","href":"https:\/\/api.w.org\/{rel}","templated":true}]}}