{"id":49248,"date":"2012-03-07T11:38:38","date_gmt":"2012-03-07T09:38:38","guid":{"rendered":"http:\/\/www.korhanyilmaz.com\/?p=49248"},"modified":"2012-03-07T18:29:22","modified_gmt":"2012-03-07T16:29:22","slug":"erdogan-bize-omur-bicenler-kustahlik-icinde","status":"publish","type":"post","link":"http:\/\/www.korhanyilmaz.com\/?p=49248","title":{"rendered":"Erdo\u011fan: Bize \u00f6m\u00fcr bi\u00e7enler k\u00fcstahl\u0131k i\u00e7inde"},"content":{"rendered":"<p style=\"text-align: center;\"><a href=\"http:\/\/www.korhanyilmaz.com\/wp-content\/uploads\/2012\/03\/9084.jpg\"  class=\"lightview\"><img loading=\"lazy\" decoding=\"async\" class=\"aligncenter  wp-image-49249\" src=\"http:\/\/www.korhanyilmaz.com\/wp-content\/uploads\/2012\/03\/9084.jpg\" alt=\"\" width=\"338\" height=\"195\" \/><\/a><\/p>\n<p style=\"text-align: justify;\">Ameliyat olmas\u0131n\u0131n ard\u0131ndan yap\u0131lan spek\u00fclasyonlara tepki g\u00f6steren Ba\u015fbakan Erdo\u011fan, \u201cBize \u00f6m\u00fcr bi\u00e7enler k\u00fcstahl\u0131k i\u00e7indedir\u201d dedi.<\/p>\n<p style=\"text-align: justify;\">ANKARA &#8211; Ba\u015fbakan Recep Tayyip Erdo\u011fan, AK Parti \u0130l Ba\u015fkanlar\u0131 Toplant\u0131s\u0131\u2019nda bir konu\u015fma yapt\u0131.<\/p>\n<p style=\"text-align: justify;\">Konu\u015fmas\u0131n\u0131n b\u00fcy\u00fck bir b\u00f6l\u00fcm\u00fcn\u00fc K\u00fcrt sorununa ay\u0131ran Ba\u015fbakan Erdo\u011fan, CHP, MHP ve BDP&#8217;ye y\u00f6nelik ele\u015ftirilerde bulundu.\u00a0<!--more--><\/p>\n<p style=\"text-align: justify;\">Erdo\u011fan, sa\u011fl\u0131k durumu hakk\u0131nda yorum yaparak, kendisine \u00f6m\u00fcr bi\u00e7enleri &#8220;k\u00fcstahl\u0131k&#8221;la su\u00e7lad\u0131.<\/p>\n<p style=\"text-align: justify;\">Erdo\u011fan\u2019\u0131n konu\u015fmas\u0131ndan sat\u0131r ba\u015flar\u0131 \u015f\u00f6yle:<\/p>\n<p style=\"text-align: justify;\">\u201cK\u00fcrt meselesiyle ilgili ter\u00f6r konusuna bak\u0131\u015f\u0131m\u0131z en ba\u015f\u0131ndan beri bellidir. G\u00fcneydo\u011fu, K\u00fcrt sorunu, ad\u0131na ne derseniz deyin&#8230;<\/p>\n<p style=\"text-align: justify;\">2005 A\u011fustos\u2019unda Diyarbak\u0131r\u2019da yapt\u0131\u011f\u0131m konu\u015fmayla ivme kazanm\u0131\u015ft\u0131r. Meselenin \u00e7\u00f6z\u00fcm\u00fcne y\u00f6nelik ad\u0131mlar att\u0131k. 2010 y\u0131l\u0131nda &#8216;Milli Birlik ve Karde\u015flik Projesi&#8217; ad\u0131 alt\u0131nda s\u00fcre\u00e7 ba\u015flatt\u0131k. Sorunu \u00e7\u00f6zmek i\u00e7in yeni ve kararl\u0131 bir ad\u0131m ba\u015flatt\u0131k.<\/p>\n<p style=\"text-align: justify;\">Bu s\u00fcre\u00e7 milletimizden iki kez onay ald\u0131. Bu i\u015fin onay\u0131n\u0131 muhalefette bulunan partilerden de\u011fil, milletten alaca\u011f\u0131z. Bize verilen deste\u011fi heba etmek niyetinde de\u011filiz.<\/p>\n<p style=\"text-align: justify;\">K\u00fcrt meselesi, ter\u00f6r meselesi, G\u00fcneydo\u011fu meselesi&#8230; Bir sorunlar k\u00fcmesidir. Mesele eli silahl\u0131 bir ter\u00f6r \u00f6rg\u00fct\u00fcyle m\u00fccadele de\u011fildir. Siyasi, ekonomik, k\u00fclt\u00fcrel boyutu var. Bir de istismar, \u00e7\u0131kar ve uluslararas\u0131 siyasi boyutu var. \u0130nsan ka\u00e7ak\u00e7\u0131l\u0131\u011f\u0131, esrar-eroin ka\u00e7ak\u00e7\u0131l\u0131\u011f\u0131 m\u0131 arars\u0131n&#8230; Silah ka\u00e7ak\u00e7\u0131l\u0131\u011f\u0131 da bu i\u015fin i\u00e7inde. Ter\u00f6r, yurti\u00e7i ve yurtd\u0131\u015f\u0131nda siyaseti dizayn etmek i\u00e7in kullan\u0131l\u0131yor. Kar\u015f\u0131m\u0131zda ta\u015feron olarak kullan\u0131lan bir \u00f6rg\u00fct var. Biz sadece da\u011fdaki ter\u00f6ristle de\u011fil, onun arkas\u0131ndaki kirli ellerle de m\u00fccadele ediyoruz.<\/p>\n<p style=\"text-align: justify;\">Silah t\u00fcccarlar\u0131, uyu\u015fturucu kartelleri bu meselenin \u00e7\u00f6z\u00fclmesini istemiyor. \u00d6ld\u00fcr\u00fclen ter\u00f6ristleri ve \u015fehitlerimizin kan\u0131n\u0131 istismar edenler meselenin \u00e7\u00f6z\u00fclmesini istemiyor.<\/p>\n<p style=\"text-align: justify;\"><strong>&#8216;MUHALEFET DESTEK VERMED\u0130&#8217;<\/strong><\/p>\n<p style=\"text-align: justify;\">MHP bu s\u00fcre\u00e7te bize destek vermedi. CHP de ad\u0131mlar\u0131m\u0131z\u0131n kar\u015f\u0131s\u0131nda oldu. BDP de kar\u015f\u0131s\u0131nda oldu. Bu \u00fc\u00e7 parti, 12 Eyl\u00fcl ve 12 Haziran&#8217;da ortak hareket ettiler.<\/p>\n<p style=\"text-align: justify;\"><strong>&#8216;K\u00dcRT SORUNUNU \u00c7\u00d6ZECE\u011e\u0130Z&#8217;<\/strong><\/p>\n<p style=\"text-align: justify;\">Meselenin \u00e7\u00f6z\u00fclmemesi i\u00e7in, &#8216;Milli Birlik ve Karde\u015flik Projesi&#8217;nin ba\u015far\u0131s\u0131z olmas\u0131 i\u00e7in \u00fc\u00e7 koldan AK Parti&#8217;ye sald\u0131r\u0131ya ge\u00e7tiler. Ama bunlar\u0131n hi\u00e7biri bizim i\u00e7in bahane de\u011fil. Biz CHP, MHP ve BDP&#8217;yle de\u011fil, milletimizle y\u00fcr\u00fcyoruz. Biz milletimizin deste\u011fi ve hay\u0131r duas\u0131yla bu meseleyi \u00e7\u00f6zece\u011fiz, son nefesimize kadar bunun m\u00fccadelesini verece\u011fiz. Bu bir karde\u015flik meselesidir. Bizim karde\u015fli\u011fimiz, bir kavmiyet, bir \u0131rk\u00e7\u0131l\u0131k karde\u015fli\u011fi de\u011fildir. Bizim bir inan\u00e7 karde\u015fli\u011fimiz var.<\/p>\n<p style=\"text-align: justify;\">Biz Uludere\u2019nin ac\u0131s\u0131n\u0131 y\u00fcre\u011fimizde ta\u015f\u0131yoruz. Uludere olay\u0131n\u0131n ayd\u0131nl\u0131\u011fa kavu\u015fturulmas\u0131 i\u00e7in ilgili kurumlar her t\u00fcrl\u00fc \u00e7al\u0131\u015fmay\u0131 s\u00fcrd\u00fcrmektedir. Biz vicdani olan bir partiyiz. B\u00fct\u00fcn provokasyonlara k\u0131\u015fk\u0131rmartlara ra\u011fmen olay\u0131n \u00fczerine gidiyoruz.<\/p>\n<p style=\"text-align: justify;\">Uludere&#8217;de ya\u015fanan ac\u0131, g\u00f6n\u00fcl g\u00f6z\u00fcyle bakanlarla g\u00f6z\u00fcn\u00fc h\u0131rs b\u00fcr\u00fcyenleri \u00e7ok net olarak birbirinden ay\u0131rm\u0131\u015ft\u0131r. Biz orada ya\u015fanan hadisenin ac\u0131s\u0131n\u0131, s\u0131z\u0131s\u0131n\u0131 y\u00fcre\u011fimizde duyarken birileri ac\u0131y\u0131 f\u0131rsata d\u00f6n\u00fc\u015ft\u00fcrmek gibi insanl\u0131k d\u0131\u015f\u0131, vicdanl\u0131k d\u0131\u015f\u0131 bir gayretin i\u00e7ine girmi\u015ftir. BDP ve CHP kol kola girerek, cenaze evini, ac\u0131lar i\u00e7indeki o k\u00f6yleri birer siyaset arenas\u0131na, birer f\u0131rsat zeminine \u00e7evirmenin k\u00f6rl\u00fc\u011f\u00fc, duyars\u0131zl\u0131\u011f\u0131, vicdans\u0131zl\u0131\u011f\u0131 i\u00e7inde olmu\u015ftur.<\/p>\n<p style=\"text-align: justify;\"><strong>&#8216;\u00d6M\u00dcR B\u0130\u00c7ENLER K\u00dcSTAHLIK \u0130\u00c7\u0130NDE&#8217;<\/strong><\/p>\n<p style=\"text-align: justify;\">Biz kadere inanm\u0131\u015f bir partiyiz. Biz millete hizmet yolunda elini ta\u015f\u0131n alt\u0131na koymu\u015f bir partiyiz.<\/p>\n<p style=\"text-align: justify;\">Bu can\u0131n sahibi Allah&#8217;t\u0131r. Emanetini geri alacak olan da sadece ve sadece Allah&#8217;t\u0131r. Biz tehditlere boyun e\u011fmedik, boyun e\u011fmeyiz. Bize \u00f6m\u00fcr bi\u00e7ecek olan da sadece ve sadece Allah&#8217;t\u0131r. Biz Allah&#8217;\u0131n \u015fu h\u00fckm\u00fcne y\u00fcrekten inand\u0131k ve inan\u0131yoruz; ecel geldi\u011finde ne bir saat ileri al\u0131n\u0131r ne bir saat geri.<\/p>\n<p style=\"text-align: justify;\">S\u00f6ylentilere kan\u0131p bize \u00f6m\u00fcr bi\u00e7enler, c\u00fcretkar olduklar\u0131 kadar b\u00fcy\u00fck de bir k\u00fcstahl\u0131k i\u00e7indedir. Bu s\u00f6ylentileri man\u015fetlerine ta\u015f\u0131yanlar da, bu mihraklar\u0131n ta\u015feronlu\u011funu yapanlar da ayn\u0131 \u015fekilde b\u00fcy\u00fck bir k\u00fcstahl\u0131\u011f\u0131n i\u00e7indedir.<\/p>\n<p style=\"text-align: justify;\"><strong>&#8216;TEHD\u0130TLERE PAPU\u00c7 BIRAKMAYIZ&#8217;<\/strong><\/p>\n<p style=\"text-align: justify;\">Millet bunlar\u0131n nas\u0131l mikser g\u00f6revi yapt\u0131\u011f\u0131n\u0131 \u00e7ok iyi biliyor. Bu tehditlere de pabu\u00e7 b\u0131rakmayaca\u011f\u0131z. Azimle sorunlar\u0131n \u00fczerine gitmeye devam edece\u011fiz. Bu man\u015fetleri atanlar \u015funu iyi bilsinler, Allah&#8217;\u0131n takdir etti\u011fi \u00f6mr\u00fc hi\u00e7biriniz ne bir an geri, ne bir an ileri g\u00f6t\u00fcremezsiniz. Plan ona aittir ve o plan i\u015fleyecektir.<\/p>\n<p style=\"text-align: justify;\"><strong>&#8216;BU OYUNU HEP BERABER BOZACA\u011eIZ&#8217;<\/strong><\/p>\n<p style=\"text-align: justify;\">Buradan K\u00fcrt k\u00f6kenli karde\u015flerime bir kez daha sesleniyorum. K\u00fcrt k\u00f6kenli annelere sesleniyorum. Samimiyetimizi g\u00f6r\u00fcn. Nas\u0131l engellenmek istendi\u011fimizi g\u00f6r\u00fcn.<\/p>\n<p style=\"text-align: justify;\">Ter\u00f6r \u00f6rg\u00fct\u00fcnde \u00e7ocuklar\u0131n nas\u0131l istismar edildi\u011fini g\u00f6r\u00fcn. El ele verece\u011fiz ve bu oyunu hep beraber bozaca\u011f\u0131z. Ter\u00f6r \u00f6rg\u00fct\u00fc i\u00e7inde nas\u0131l infazlar ya\u015fand\u0131\u011f\u0131n\u0131 g\u00f6r\u00fcn, bilin.<\/p>\n<p style=\"text-align: justify;\">Ter\u00f6r \u00f6rg\u00fct\u00fc uzant\u0131s\u0131 siyaset\u00e7iler de sizin ac\u0131n\u0131z\u0131 istismar ediyor, bunu g\u00f6r\u00fcn. &#8216;Biz bunlara oyumuzu veriyoruz, peki bunlar ne verdi?&#8217; diye sorun. Anac\u0131\u011f\u0131m, bac\u0131m siz buna lay\u0131k m\u0131s\u0131n\u0131z? Y\u00fcksekova&#8217;ya havaalan\u0131 yap\u0131laca\u011f\u0131 zaman kar\u015f\u0131s\u0131na dikilen kim? Bunlar. Bu milleti seven bunlar m\u0131? Ama siz halden memnunsan\u0131z s\u00f6yleyecek bir \u015feyim yok. Onlara ra\u011fmen g\u00f6revimizi yapmaya devam edece\u011fiz.<\/p>\n<p style=\"text-align: justify;\">Biz milletimizden bug\u00fcn bir tek \u015fey istiyoruz. Bu hareket, sizin gayretlerinizle buralara geldi. Bu deste\u011finizi vermeye devam edin. Ya\u015fl\u0131 ninelerin hay\u0131r dualar\u0131n\u0131 \u00e7ok iyi biliyoruz. Bu hareket onlarla ayr\u0131 bir g\u00fc\u00e7 kazan\u0131yor. Biz engelleri a\u015facak, ter\u00f6r\u00fc in\u015fallah minimize edece\u011fiz.<\/p>\n<p style=\"text-align: justify;\"><strong>&#8216;BA\u015eKA \u00dcLKELERE YA\u011eCILIK YAPAN S\u0130YASET\u00c7\u0130&#8217;<\/strong><\/p>\n<p style=\"text-align: justify;\">Bir sendika gazetecilerin keyfi olarak tutukland\u0131\u011f\u0131 imaj\u0131n\u0131 vererek karalamaya \u00e7al\u0131\u015f\u0131yor. K\u0131l\u0131\u00e7daro\u011flu, T\u00fcrkiye&#8217;de y\u00fczden fazla gazetecinin tutuklu oldu\u011funu s\u00f6yl\u00fcyor. Ge\u00e7ti\u011fimiz hafta Ramallah&#8217;ta iki Filistin televizyonunun kapat\u0131ld\u0131\u011f\u0131n\u0131 da kendisine hat\u0131rlatm\u0131\u015f olal\u0131m. T\u00fcrkiye, kendi \u00fclkesini ba\u015fka \u00fclkelere \u015fikayet eden, ba\u015fka \u00fclkelere ya\u011fc\u0131l\u0131k yapan bir siyaset\u00e7i g\u00f6rmedi.<\/p>\n<p style=\"text-align: justify;\">Biz sendikan\u0131n listesindeki isimleri tek tek \u00e7\u0131kard\u0131k. Bu gazeteci oldu\u011fu iddia edilen 105 ki\u015filik isim listesindeki 25 ki\u015fi h\u00fck\u00fcml\u00fc, 70 ki\u015fi tutuklu, 6 ki\u015finin cezaevinde kayd\u0131 yok, 4 ki\u015fi tahliye edilmi\u015f. Bu isimlerden sadece 6 tanesinin sar\u0131 bas\u0131n kart\u0131 var. Burada kimler var, muhasebeciler, ofis elemanlar\u0131 var. Bunlar gazeteci gibi g\u00f6steriliyor. 69 ki\u015fi PKK Kongra-Gel, KCK \u00f6rg\u00fct\u00fcyle ili\u015fkilendiriliyor. PKK \u00fcyelerine bilerek ve isteyerek yard\u0131m etmek ruhsats\u0131z ate\u015fli silahlarla mermileri ta\u015f\u0131mak, ter\u00f6r eylemi s\u0131ras\u0131nda sahte polis kimli\u011fi kullanmak, polis arac\u0131na silahl\u0131 sald\u0131r\u0131da bulunmak, ter\u00f6r \u00f6rg\u00fct\u00fcne \u00fcye toplamak&#8230;<\/p>\n<p style=\"text-align: justify;\"><strong>\u0130NG\u0130LTERE \u00d6RNE\u011e\u0130<\/strong><\/p>\n<p style=\"text-align: justify;\">CHP Genel Ba\u015fkan\u0131 bu ger\u00e7eklere ra\u011fmen bu isimler \u00fczerinden kendi \u00fclkesini karalayan bir genel ba\u015fkand\u0131r. Gazetecileri Koruma Komitesi, tutuklu ve h\u00fck\u00fcml\u00fc say\u0131s\u0131n\u0131 8 olarak verdi. Medyada g\u00f6remeyece\u011fimiz \u0130ngiltere&#8217;deki bir olay\u0131 da hat\u0131rlatay\u0131m. Son iki haftada polise r\u00fc\u015fvet iddias\u0131yla 10 gazeteci tutukland\u0131. Ben \u0130ngiltere&#8217;de muhalefet partilerinin \u00fclkelerini \u015fikayet ettiklerini duymad\u0131m. CHP Genel Ba\u015fkan\u0131 taraf\u0131ndan yap\u0131lan kara propaganda bile T\u00fcrkiye&#8217;ye yap\u0131lm\u0131\u015f b\u00fcy\u00fck haks\u0131zl\u0131kt\u0131r. CHP se\u00e7meni ise hi\u00e7 hak etmiyor. CHP&#8217;nin taban\u0131na sesleniyorum, y\u00f6netime \u015funu sorun; Bu CHP nereye g\u00f6t\u00fcr\u00fclmek isteniyor, bunu bir sorun.<\/p>\n<p style=\"text-align: justify;\"><strong>&#8216;\u0130SRA\u0130L&#8217;\u0130N K\u0130RL\u0130 \u00c7AMA\u015eIRLARINI YIKIYOR&#8217;<\/strong><\/p>\n<p style=\"text-align: justify;\">Gazetecilerle ilgili listeyi isterse beyefendi o listeyi de kendisine g\u00f6ndeririz. Kim kimdir, kim neredendir, hakk\u0131ndaki durum nedir, ne de\u011fildir onu da g\u00f6steririz. Ama onu bile ald\u0131\u011f\u0131 g\u00fcn, biliyorsunuz yeni bir ambalaj icat oldu, yalan ambalaj\u0131 i\u00e7inde takdim eder. \u00c7\u0131ks\u0131n, CHP se\u00e7menine o listeyi savunsun. Bakal\u0131m orada ne diyecek? \u00c7\u0131ks\u0131n, polise silahl\u0131 sald\u0131r\u0131da bulunmaktan yarg\u0131lanan o isimleri gazeteci diye savunsun. Sen, &#8216;tutuklu gazeteci yok&#8217; diyerek, adeta \u0130srail&#8217;in kirli \u00e7ama\u015f\u0131rlar\u0131n\u0131 y\u0131kayacaks\u0131n, ard\u0131ndan da \u00e7\u0131k\u0131p ter\u00f6r iddias\u0131yla yarg\u0131lanan gazeteci olmayan ki\u015filerden dolay\u0131 \u00fclkeni d\u00fcnyaya \u015fikayet edeceksin. Bu, acziyettir, gaflettir hatta dalalettir.<\/p>\n<p style=\"text-align: justify;\"><strong>&#8217;12 SAAT KONU\u015eTUN DA NE S\u00d6YLED\u0130N?&#8217;<\/strong><\/p>\n<p style=\"text-align: justify;\">Anamuhalefet demokrasinin olmazsa olmaz\u0131d\u0131r. Sa\u011fl\u0131kl\u0131 muhalefet bizim de yarar\u0131m\u0131zad\u0131r. CHP Genel Ba\u015fkan\u0131 zul\u00fcmle dolu ge\u00e7mi\u015fine sahip \u00e7\u0131kabilir ama o karanl\u0131k ge\u00e7mi\u015fe T\u00fcrkiye&#8217;yi g\u00f6t\u00fcrmeye g\u00fcc\u00fc yetmez. 12 saat konu\u015fmu\u015f olmakla \u00f6v\u00fcn\u00fcyorlar. \u0130\u015fte CHP bu. Ne konu\u015ftu diye sor, onu soran yok. 12 saat konu\u015ftun da ne s\u00f6yledin. CHP muhalefette 9 y\u0131ld\u0131r konu\u015fuyor, 79 bin saattir konu\u015fuyor. Peki bug\u00fcne kadar ne dedi, ne s\u00f6yledi? Onlar konu\u015facak, biz yapaca\u011f\u0131z.<\/p>\n<p style=\"text-align: justify;\">Y\u00fczde 50&#8217;yi almak size her \u015feyi alma yetkisini vermez diyor. K\u00f6\u015fe yazar\u0131. Biz hi\u00e7bir zaman az\u0131nl\u0131klara zulmetme yetkisini kendimizde g\u00f6rm\u00fcyoruz. Ge\u00e7mi\u015fteki gibi az\u0131nl\u0131klar\u0131n \u00e7o\u011funlu\u011fa h\u00fckmetme yetkisini de kimseye vermeyece\u011fiz.&#8221;<\/p>\n<p style=\"text-align: justify;\"><a href=\"http:\/\/www.ntvmsnbc.com\/id\/25328265\/\" target=\"_blank\">Kaynak : NTVMSNBC<\/a><\/p>\n","protected":false},"excerpt":{"rendered":"<p style=\"text-align: center;\">\n<p style=\"text-align: justify;\">Ameliyat olmas\u0131n\u0131n ard\u0131ndan yap\u0131lan spek\u00fclasyonlara tepki g\u00f6steren Ba\u015fbakan Erdo\u011fan, \u201cBize \u00f6m\u00fcr bi\u00e7enler k\u00fcstahl\u0131k i\u00e7indedir\u201d dedi.<\/p>\n<p style=\"text-align: justify;\">ANKARA &#8211; Ba\u015fbakan Recep Tayyip Erdo\u011fan, AK Parti \u0130l Ba\u015fkanlar\u0131 Toplant\u0131s\u0131\u2019nda bir konu\u015fma yapt\u0131.<\/p>\n<p style=\"text-align: justify;\">Konu\u015fmas\u0131n\u0131n b\u00fcy\u00fck bir b\u00f6l\u00fcm\u00fcn\u00fc K\u00fcrt sorununa ay\u0131ran Ba\u015fbakan Erdo\u011fan, CHP, MHP ve BDP&#8217;ye y\u00f6nelik ele\u015ftirilerde bulundu. <\/p>\n","protected":false},"author":1,"featured_media":0,"comment_status":"open","ping_status":"open","sticky":false,"template":"","format":"standard","meta":{"footnotes":""},"categories":[105],"tags":[],"class_list":["post-49248","post","type-post","status-publish","format-standard","hentry","category-gundem","odd"],"_links":{"self":[{"href":"http:\/\/www.korhanyilmaz.com\/index.php?rest_route=\/wp\/v2\/posts\/49248","targetHints":{"allow":["GET"]}}],"collection":[{"href":"http:\/\/www.korhanyilmaz.com\/index.php?rest_route=\/wp\/v2\/posts"}],"about":[{"href":"http:\/\/www.korhanyilmaz.com\/index.php?rest_route=\/wp\/v2\/types\/post"}],"author":[{"embeddable":true,"href":"http:\/\/www.korhanyilmaz.com\/index.php?rest_route=\/wp\/v2\/users\/1"}],"replies":[{"embeddable":true,"href":"http:\/\/www.korhanyilmaz.com\/index.php?rest_route=%2Fwp%2Fv2%2Fcomments&post=49248"}],"version-history":[{"count":0,"href":"http:\/\/www.korhanyilmaz.com\/index.php?rest_route=\/wp\/v2\/posts\/49248\/revisions"}],"wp:attachment":[{"href":"http:\/\/www.korhanyilmaz.com\/index.php?rest_route=%2Fwp%2Fv2%2Fmedia&parent=49248"}],"wp:term":[{"taxonomy":"category","embeddable":true,"href":"http:\/\/www.korhanyilmaz.com\/index.php?rest_route=%2Fwp%2Fv2%2Fcategories&post=49248"},{"taxonomy":"post_tag","embeddable":true,"href":"http:\/\/www.korhanyilmaz.com\/index.php?rest_route=%2Fwp%2Fv2%2Ftags&post=49248"}],"curies":[{"name":"wp","href":"https:\/\/api.w.org\/{rel}","templated":true}]}}