{"id":49244,"date":"2012-03-07T15:05:40","date_gmt":"2012-03-07T13:05:40","guid":{"rendered":"http:\/\/www.korhanyilmaz.com\/?p=49244"},"modified":"2012-03-07T18:24:09","modified_gmt":"2012-03-07T16:24:09","slug":"mufettisler-askerler-icin-sorusturma-izni-istedi","status":"publish","type":"post","link":"http:\/\/www.korhanyilmaz.com\/?p=49244","title":{"rendered":"M\u00fcfetti\u015fler askerler i\u00e7in soru\u015fturma izni istedi"},"content":{"rendered":"<p style=\"text-align: center;\"><a href=\"http:\/\/www.korhanyilmaz.com\/wp-content\/uploads\/2012\/03\/9083.jpg\"  class=\"lightview\"><img loading=\"lazy\" decoding=\"async\" class=\"aligncenter  wp-image-49245\" src=\"http:\/\/www.korhanyilmaz.com\/wp-content\/uploads\/2012\/03\/9083.jpg\" alt=\"\" width=\"380\" height=\"218\" \/><\/a><\/p>\n<p style=\"text-align: justify;\">\u015e\u0131rnak&#8217;\u0131n Uludere il\u00e7esinde 34 ki\u015finin ya\u015fam\u0131n\u0131 yitirdi\u011fi olayla ilgili raporlar\u0131n\u0131 tamamlayan m\u00fclkiye m\u00fcfetti\u015fleri, baz\u0131 askeri g\u00f6revliler i\u00e7in soru\u015fturma izni istedi. Bu arada heron g\u00f6r\u00fcnt\u00fclerinin \u015e\u0131rnak&#8217;ta iki ayr\u0131 merkezden izlenebildi\u011fi \u00f6\u011frenildi.<\/p>\n<p style=\"text-align: justify;\">D\u0130YARBAKIR &#8211; Uludere&#8217;deki olay\u0131 idari y\u00f6nden ara\u015ft\u0131ran biri asker \u00fc\u00e7 m\u00fcfetti\u015f, \u00f6n raporlar\u0131ndan sonra inceleme ve ara\u015ft\u0131rma raporlar\u0131n\u0131 da tamamlayarak, \u0130\u00e7i\u015fleri Bakanl\u0131\u011f\u0131&#8217;na sundu.\u00a0<!--more--><\/p>\n<p style=\"text-align: justify;\">\u015e\u0131rnak&#8217;ta yakla\u015f\u0131k 12 g\u00fcn kalan ve 60 ki\u015finin ifadesine ba\u015fvuran m\u00fcfetti\u015fler, heron g\u00f6r\u00fcnt\u00fclerini de Genelkurmay Ba\u015fkan\u0131\u2019n\u0131n \u00f6zel izniyle, uzmanlar e\u015fli\u011finde izlemi\u015fti.<\/p>\n<p style=\"text-align: justify;\">Konuyla ilgili ayr\u0131nt\u0131l\u0131 bir rapor haz\u0131rlayan m\u00fcfetti\u015fler baz\u0131 askeri g\u00f6revliler hakk\u0131nda soru\u015fturma izni istedi.<\/p>\n<p style=\"text-align: justify;\">Soru\u015fturma izninin verilip verilmeyece\u011fine, su\u00e7un askeri su\u00e7lar kapsam\u0131nda m\u0131 yoksa, sivil su\u00e7lar kapsam\u0131nda m\u0131 de\u011ferlendirilece\u011fine bakanl\u0131\u011f\u0131n incelemesi sonunda karar verilecek.<\/p>\n<p style=\"text-align: justify;\">Soru\u015fturmay\u0131 y\u00fcr\u00fcten Diyarbak\u0131r \u00d6zel Yetkili Savc\u0131l\u0131\u011f\u0131 ise, hem m\u00fclkiye m\u00fcfetti\u015fleri hem de TBMM \u0130nsan Haklar\u0131 \u0130nceleme Komisyonu\u2019nun raporlar\u0131n\u0131 soru\u015fturma dosyas\u0131na dahil etmek i\u00e7in isteyecek.<\/p>\n<p style=\"text-align: justify;\">Bu arada b\u00f6lgede ke\u015fif u\u00e7u\u015fu yapan heronlar\u0131n g\u00f6r\u00fcnt\u00fclerinin Ankara ve Malatya d\u0131\u015f\u0131nda \u015e\u0131rnak T\u00fcmen Komutanl\u0131\u011f\u0131, \u015eenoba Tugay Komutanl\u0131\u011f\u0131, Batman, Van ve Diyarbak\u0131r&#8217;da da izlenebildi\u011fi \u00f6\u011frenildi.<\/p>\n<p style=\"text-align: justify;\"><a href=\"http:\/\/www.ntvmsnbc.com\/id\/25328374\/\" target=\"_blank\">Kaynak : NTVMSNBC<\/a><\/p>\n","protected":false},"excerpt":{"rendered":"<p style=\"text-align: center;\">\n<p style=\"text-align: justify;\">\u015e\u0131rnak&#8217;\u0131n Uludere il\u00e7esinde 34 ki\u015finin ya\u015fam\u0131n\u0131 yitirdi\u011fi olayla ilgili raporlar\u0131n\u0131 tamamlayan m\u00fclkiye m\u00fcfetti\u015fleri, baz\u0131 askeri g\u00f6revliler i\u00e7in soru\u015fturma izni istedi. Bu arada heron g\u00f6r\u00fcnt\u00fclerinin \u015e\u0131rnak&#8217;ta iki ayr\u0131 merkezden izlenebildi\u011fi \u00f6\u011frenildi.<\/p>\n<p style=\"text-align: justify;\">D\u0130YARBAKIR &#8211; Uludere&#8217;deki olay\u0131 idari y\u00f6nden ara\u015ft\u0131ran biri asker \u00fc\u00e7 m\u00fcfetti\u015f, \u00f6n raporlar\u0131ndan sonra inceleme ve ara\u015ft\u0131rma raporlar\u0131n\u0131 <\/p>\n","protected":false},"author":1,"featured_media":0,"comment_status":"open","ping_status":"open","sticky":false,"template":"","format":"standard","meta":{"footnotes":""},"categories":[105],"tags":[],"class_list":["post-49244","post","type-post","status-publish","format-standard","hentry","category-gundem","odd"],"_links":{"self":[{"href":"http:\/\/www.korhanyilmaz.com\/index.php?rest_route=\/wp\/v2\/posts\/49244","targetHints":{"allow":["GET"]}}],"collection":[{"href":"http:\/\/www.korhanyilmaz.com\/index.php?rest_route=\/wp\/v2\/posts"}],"about":[{"href":"http:\/\/www.korhanyilmaz.com\/index.php?rest_route=\/wp\/v2\/types\/post"}],"author":[{"embeddable":true,"href":"http:\/\/www.korhanyilmaz.com\/index.php?rest_route=\/wp\/v2\/users\/1"}],"replies":[{"embeddable":true,"href":"http:\/\/www.korhanyilmaz.com\/index.php?rest_route=%2Fwp%2Fv2%2Fcomments&post=49244"}],"version-history":[{"count":0,"href":"http:\/\/www.korhanyilmaz.com\/index.php?rest_route=\/wp\/v2\/posts\/49244\/revisions"}],"wp:attachment":[{"href":"http:\/\/www.korhanyilmaz.com\/index.php?rest_route=%2Fwp%2Fv2%2Fmedia&parent=49244"}],"wp:term":[{"taxonomy":"category","embeddable":true,"href":"http:\/\/www.korhanyilmaz.com\/index.php?rest_route=%2Fwp%2Fv2%2Fcategories&post=49244"},{"taxonomy":"post_tag","embeddable":true,"href":"http:\/\/www.korhanyilmaz.com\/index.php?rest_route=%2Fwp%2Fv2%2Ftags&post=49244"}],"curies":[{"name":"wp","href":"https:\/\/api.w.org\/{rel}","templated":true}]}}