{"id":49240,"date":"2012-03-07T08:55:49","date_gmt":"2012-03-07T06:55:49","guid":{"rendered":"http:\/\/www.korhanyilmaz.com\/?p=49240"},"modified":"2012-03-07T18:20:19","modified_gmt":"2012-03-07T16:20:19","slug":"akp-cemaat-kavgasinin-kurbani-oldular","status":"publish","type":"post","link":"http:\/\/www.korhanyilmaz.com\/?p=49240","title":{"rendered":"AKP-Cemaat kavgas\u0131n\u0131n kurban\u0131 oldular"},"content":{"rendered":"<p style=\"text-align: center;\"><a href=\"http:\/\/www.korhanyilmaz.com\/wp-content\/uploads\/2012\/03\/9082.jpg\"  class=\"lightview\"><img loading=\"lazy\" decoding=\"async\" class=\"aligncenter  wp-image-49241\" src=\"http:\/\/www.korhanyilmaz.com\/wp-content\/uploads\/2012\/03\/9082.jpg\" alt=\"\" width=\"396\" height=\"180\" \/><\/a><\/p>\n<p style=\"text-align: justify;\">Stratfor: G\u00fclen hareketi 12 Haziran se\u00e7imleri \u00f6ncesinde Erdo\u011fan\u2019a bask\u0131 yapmak i\u00e7in gazetecileri tutuklam\u0131\u015f olabilir.<\/p>\n<p style=\"text-align: justify;\">Taraf gazetesinin haberine g\u00f6re, Amerikan \u00f6zel istihbarat kurulu\u015fu Stratfor\u2019un 2011 y\u0131l\u0131 boyunca yapt\u0131\u011f\u0131 T\u00fcrkiye analizlerinde AKP h\u00fck\u00fcmetiyle Fethullah G\u00fclen hareketi aras\u0131ndaki ili\u015fkiler \u00f6nemli bir yer tutuyor. Bu kapsamdaki yaz\u0131\u015fmalarda, \u201cM\u0130T krizi\u201d nedeniyle ge\u00e7en aydan itibaren medyada ilk kez a\u00e7\u0131k\u00e7a tart\u0131\u015f\u0131lmaya ba\u015flayan h\u00fck\u00fcmet-cemaat gerginli\u011finin, Amerikan isihbarat dedikodular\u0131na \u00e7ok \u00f6nceden yans\u0131d\u0131\u011f\u0131n\u0131 g\u00f6rmek m\u00fcmk\u00fcn. Stratfor, 12 Haziran genel se\u00e7imlerini de bu gerginli\u011fi hesaba katarak de\u011ferlendirmi\u015f.\u00a0<!--more--><\/p>\n<p style=\"text-align: justify;\"><strong>\u015eENER VE \u015eIK TUTUKLANDI \u00c7\u00dcNK\u00dc&#8230;<\/strong><\/p>\n<p style=\"text-align: justify;\">Gazeteciler Nedim \u015eener ve Ahmet \u015e\u0131k\u2019\u0131n tam bir y\u0131l \u00f6nce, 5 Mart 2011\u2019de tutuklanmalar\u0131, ertesi g\u00fcn Reuters\u2019\u0131n konuyu, yakla\u015fan se\u00e7imler ba\u011flam\u0131nda de\u011ferlendiren bir haberiyle Stratfor yaz\u0131\u015fma sirk\u00fclasyonuna giriyor. Kurulu\u015fun ba\u015fkan\u0131 George Friedman ayn\u0131 g\u00fcn, T\u00fcrkiye\u2019de tutuklamalara g\u00f6sterilen tepkiden yola \u00e7\u0131karak, kurulu\u015ftaki analistlere sormu\u015f: \u201cAKP\u2019nin bu ad\u0131m\u0131 niye att\u0131\u011f\u0131n\u0131 bana a\u00e7\u0131klay\u0131n. Bu ad\u0131m AKP\u2019yi g\u00fc\u00e7lendirmekten ziyade, muhalefete enerji katm\u0131\u015f gibi g\u00f6r\u00fcn\u00fcyor. Kafalar\u0131nda ne var?\u201d<\/p>\n<p style=\"text-align: justify;\">Stratfor T\u00fcrkiye uzman\u0131 (bug\u00fcnk\u00fc T\u00dcS\u0130AD Washington Temsilcisi) Emre Do\u011fru\u2019nun Friedman\u2019a yan\u0131t\u0131 \u015f\u00f6yle: \u201cBence bu ad\u0131m\u0131 atan AKP de\u011fil, G\u00fclen hareketi. \u0130ki hafta \u00f6nce generaller ve baz\u0131 di\u011fer gazeteciler g\u00f6zalt\u0131na al\u0131nd\u0131klar\u0131nda AKP, muhalefetin ve ABD\u2019nin ele\u015ftirisine maruz kald\u0131. Dolay\u0131s\u0131yla iki gazeteciyi (ki \u00e7o\u011fu ki\u015fi bunlar\u0131n AKP kar\u015f\u0131t\u0131 komplolardan hi\u00e7biriyle alakal\u0131 olmad\u0131klar\u0131na inan\u0131yor) daha g\u00f6zalt\u0131na alarak, se\u00e7imler \u00f6ncesinde yeni bir tart\u0131\u015fma yaratmak AKP a\u00e7\u0131s\u0131ndan hi\u00e7 ak\u0131ll\u0131ca de\u011fil. Erdo\u011fan pragmatik bir adamd\u0131r, se\u00e7imler \u00f6ncesinde halk\u0131n AKP\u2019den korkusunu artt\u0131racak ek bir bask\u0131 istemez. Dolay\u0131s\u0131yla, G\u00fclen hareketi bu g\u00f6zalt\u0131lar\u0131 ger\u00e7ekle\u015ftirerek AKP\u2019ye bask\u0131 yap\u0131yor. Sorulmas\u0131 gereken soru: Niye? Bunu yak\u0131n bir zaman \u00f6nce Austin\u2019e gelen T\u00fcrk arkada\u015f\u0131m\u0131zla tart\u0131\u015ft\u0131m. O, Erdo\u011fan e\u011fer \u00fczerindeki bask\u0131n\u0131n azalmas\u0131n\u0131 istiyorsa, G\u00fclencilerin buna kar\u015f\u0131l\u0131k AKP\u2019den 150 vekillik talep etti\u011fini s\u00f6yl\u00fcyor. Bu esasen se\u00e7im sonras\u0131na y\u00f6nelik bir pazarl\u0131k.\u201d<\/p>\n<p style=\"text-align: justify;\">Bunun \u00fczerine bir ba\u015fka Stratfor \u00e7al\u0131\u015fan\u0131 Kamran Bokhari, 12 Haziran se\u00e7imleri \u00f6ncesindeki TBMM\u2019yi kastederek, \u201c\u015eu andaki parlamentoda ka\u00e7 G\u00fclenci var\u201d diye sormu\u015f. Emre Do\u011fru yan\u0131tl\u0131yor: \u201cGer\u00e7ekten bilmiyorum, bunun tam olarak bulunabilece\u011fini de d\u00fc\u015f\u00fcnm\u00fcyorum. En iyi ihtimalle bunu bakanlar d\u00fczeyinde bilebiliriz. Cumhurba\u015fkan\u0131 G\u00fcl ve D\u0131\u015fi\u015fleri Bakan\u0131 Davuto\u011flu mesela G\u00fclen\u2019e yak\u0131nlar.\u201d Bokhari, \u201c150(vekil) \u00e7ok b\u00fcy\u00fck bir rakam. Ben bunu G\u00fclen\u2019in AKP\u2019yi devirmesinin bir yolu olarak g\u00f6r\u00fcr\u00fcm\u201d deyince, Do\u011fru bu kez \u015f\u00f6yle yazm\u0131\u015f: \u201cKat\u0131l\u0131yorum ama \u015funu unutmay\u0131n ki bu se\u00e7imler G\u00fclen\u2019in AKP\u2019yi ele ge\u00e7irmesi i\u00e7in son b\u00fcy\u00fck f\u0131rsat. Erdo\u011fan yeniden ba\u015fbakanl\u0131\u011fa aday olmayacak, cumhurba\u015fkan\u0131 olacak. AKP\u2019nin oylar\u0131 (Erdo\u011fan\u2019\u0131n liderli\u011fi olmaks\u0131z\u0131n) bu se\u00e7imlerden sonraki se\u00e7imlerde d\u00fc\u015fme e\u011filimine girebilir. Ayr\u0131ca, G\u00fclen\u2019in bu vekilleri yok yere istediklerini de d\u00fc\u015f\u00fcnmeyin. G\u00fclen hareketi de AKP\u2019nin oylar\u0131n\u0131 artt\u0131racakt\u0131r, dolay\u0131s\u0131yla kendi pay\u0131n\u0131 ve belki biraz daha da fazlas\u0131n\u0131 talep ediyor.\u201d Erdo\u011fan da, Ali Fuat Y\u0131lmazer\u2019i g\u00f6revden alarak cemaati vurdu Bu yaz\u0131\u015fmadan be\u015f g\u00fcn sonra, Emre Do\u011fru, T\u00fcrkiye\u2019deki bir ba\u015fka geli\u015fme \u00fczerine daha \u00f6nceki analizinin do\u011fru oldu\u011funu savunan bir e-postay\u0131 George Friedman ve di\u011fer Stratfor y\u00f6neticilerine g\u00f6ndermi\u015f. Do\u011fru\u2019nun 11 Mart 2011 tarihli mesaj\u0131 \u015f\u00f6yle:<\/p>\n<p style=\"text-align: justify;\">\u201c\u0130stanbul\u2019da Emniyet \u0130stihbarat\u2019\u0131n ba\u015f\u0131 olan Ali Fuat Y\u0131lmazer d\u00fcn g\u00f6revinden al\u0131nd\u0131. Eskiden Erdo\u011fan\u2019a \u00e7ok yak\u0131nd\u0131. Y\u0131lmazer, AKP\u2019nin rakiplerinin hareketlerini s\u0131n\u0131rlamak i\u00e7in kulland\u0131\u011f\u0131 Ergenekon, Balyoz vs. davalarda b\u00fct\u00fcn gazetecilerin, akademisyenlerin ve askerlerin g\u00f6zalt\u0131na al\u0131nmas\u0131n\u0131 y\u00f6neten ki\u015fiydi. Ancak, daha \u00f6nce tart\u0131\u015ft\u0131\u011f\u0131m\u0131z \u00fczere, son g\u00f6zalt\u0131lar AKP\u2019nin otoriterli\u011finden duyulan korkuyu artt\u0131rd\u0131 \u00e7\u00fcnk\u00fc herkes son g\u00f6zalt\u0131lar\u0131n bu komplo planlar\u0131yla bir ili\u015fkisi olmad\u0131\u011f\u0131n\u0131 biliyor.<\/p>\n<p style=\"text-align: justify;\">Pazar g\u00fcn\u00fc sordu\u011funuz \u015fu soruya cevaben (G\u00f6zalt\u0131lar muhalefete enerji kat\u0131yorsa, AKP buna niye izin veriyor), bunu yapan\u0131n AKP de\u011fil, Erdo\u011fan\u2019a bask\u0131 yapmak ve parlamentoda daha fazla vekillik almak isteyen G\u00fclen hareketi (Emniyet \u0130stihbarat \u00fczerinden) oldu\u011funu, G\u00fclen hareketinin bu ama\u00e7la daha fazla gazeteci g\u00f6zalt\u0131na alarak s\u0131n\u0131rlar\u0131n\u0131 a\u015ft\u0131\u011f\u0131n\u0131 savunmu\u015ftum. Ba\u015fbakan Erdo\u011fan\u2019\u0131n \u0130stanbul Emniyet \u0130stihbarat\u2019\u0131n ba\u015f\u0131ndaki Y\u0131lmazer\u2019i g\u00f6revden almas\u0131 teorimi kan\u0131tl\u0131yor. Bu hareket, Erdo\u011fan\u2019\u0131n se\u00e7imler \u00f6ncesinde G\u00fclen\u2019e bir kar\u015f\u0131 darbe vurmas\u0131 ve bask\u0131 alt\u0131na al\u0131namayaca\u011f\u0131n\u0131 s\u00f6ylemesi anlam\u0131na geliyor. \u0130ki taraf da birbirini test etti. \u015eimdi ortam pazarl\u0131\u011fa m\u00fcsait.\u201d<\/p>\n<p style=\"text-align: justify;\"><strong>G\u00dcLENC\u0130LER DEVLETE SIZIYOR<\/strong><\/p>\n<p style=\"text-align: justify;\">\u015eimdi biraz geriye gidelim. Stratfor\u2019un 23 A\u011fustos 2010\u2019da yay\u0131mlad\u0131\u011f\u0131 \u201c\u0130slam, Laiklik ve T\u00fcrkiye\u2019nin Gelece\u011fi i\u00e7in M\u00fccadele\u201d ba\u015fl\u0131kl\u0131 rapor, istihbarat kurulu\u015funun T\u00fcrkiye\u2019nin siyasi g\u00f6r\u00fcn\u00fcm\u00fcn\u00fc nas\u0131l okudu\u011funu ve m\u00fc\u015fterileri aras\u0131nda yer alan uluslararas\u0131 b\u00fcrokrasi ve i\u015f d\u00fcnyas\u0131 temsilcilerine nas\u0131l yans\u0131tt\u0131\u011f\u0131n\u0131 g\u00f6stermesi bak\u0131m\u0131ndan ilgin\u00e7.<\/p>\n<p style=\"text-align: justify;\">\u201cT\u00fcrkiye Cumhuriyeti\u2019nde derin bir iktidar m\u00fccadelesi devam ediyor. Bir\u00e7ok d\u0131\u015f g\u00f6zlemci bunu \u0130slamc\u0131l\u0131k ile Kemalist laiklik aras\u0131nda on y\u0131llard\u0131r s\u00fcren \u00e7at\u0131\u015fman\u0131n son a\u015famas\u0131 olarak g\u00f6r\u00fcyor.<\/p>\n<p style=\"text-align: justify;\"><a href=\"http:\/\/www.gazeteport.com.tr\/haber\/83168\/akp-cemaat_kavgasinin_kurbani_oldular\" target=\"_blank\">Kaynak : GAZETEPORT<\/a><\/p>\n","protected":false},"excerpt":{"rendered":"<p style=\"text-align: center;\">\n<p style=\"text-align: justify;\">Stratfor: G\u00fclen hareketi 12 Haziran se\u00e7imleri \u00f6ncesinde Erdo\u011fan\u2019a bask\u0131 yapmak i\u00e7in gazetecileri tutuklam\u0131\u015f olabilir.<\/p>\n<p style=\"text-align: justify;\">Taraf gazetesinin haberine g\u00f6re, Amerikan \u00f6zel istihbarat kurulu\u015fu Stratfor\u2019un 2011 y\u0131l\u0131 boyunca yapt\u0131\u011f\u0131 T\u00fcrkiye analizlerinde AKP h\u00fck\u00fcmetiyle Fethullah G\u00fclen hareketi aras\u0131ndaki ili\u015fkiler \u00f6nemli bir yer tutuyor. Bu kapsamdaki yaz\u0131\u015fmalarda, \u201cM\u0130T krizi\u201d nedeniyle ge\u00e7en aydan <\/p>\n","protected":false},"author":1,"featured_media":0,"comment_status":"open","ping_status":"open","sticky":false,"template":"","format":"standard","meta":{"footnotes":""},"categories":[105],"tags":[],"class_list":["post-49240","post","type-post","status-publish","format-standard","hentry","category-gundem","odd"],"_links":{"self":[{"href":"http:\/\/www.korhanyilmaz.com\/index.php?rest_route=\/wp\/v2\/posts\/49240","targetHints":{"allow":["GET"]}}],"collection":[{"href":"http:\/\/www.korhanyilmaz.com\/index.php?rest_route=\/wp\/v2\/posts"}],"about":[{"href":"http:\/\/www.korhanyilmaz.com\/index.php?rest_route=\/wp\/v2\/types\/post"}],"author":[{"embeddable":true,"href":"http:\/\/www.korhanyilmaz.com\/index.php?rest_route=\/wp\/v2\/users\/1"}],"replies":[{"embeddable":true,"href":"http:\/\/www.korhanyilmaz.com\/index.php?rest_route=%2Fwp%2Fv2%2Fcomments&post=49240"}],"version-history":[{"count":0,"href":"http:\/\/www.korhanyilmaz.com\/index.php?rest_route=\/wp\/v2\/posts\/49240\/revisions"}],"wp:attachment":[{"href":"http:\/\/www.korhanyilmaz.com\/index.php?rest_route=%2Fwp%2Fv2%2Fmedia&parent=49240"}],"wp:term":[{"taxonomy":"category","embeddable":true,"href":"http:\/\/www.korhanyilmaz.com\/index.php?rest_route=%2Fwp%2Fv2%2Fcategories&post=49240"},{"taxonomy":"post_tag","embeddable":true,"href":"http:\/\/www.korhanyilmaz.com\/index.php?rest_route=%2Fwp%2Fv2%2Ftags&post=49240"}],"curies":[{"name":"wp","href":"https:\/\/api.w.org\/{rel}","templated":true}]}}