{"id":49233,"date":"2012-03-06T13:59:13","date_gmt":"2012-03-06T11:59:13","guid":{"rendered":"http:\/\/www.korhanyilmaz.com\/?p=49233"},"modified":"2012-03-06T15:52:12","modified_gmt":"2012-03-06T13:52:12","slug":"baba-katilinden-miras-sahibi-olunmaz","status":"publish","type":"post","link":"http:\/\/www.korhanyilmaz.com\/?p=49233","title":{"rendered":"&#8216;Baba katilinden miras sahibi olunmaz&#8217;"},"content":{"rendered":"<p style=\"text-align: center;\"><a href=\"http:\/\/www.korhanyilmaz.com\/wp-content\/uploads\/2012\/03\/9081.jpg\"  class=\"lightview\"><img loading=\"lazy\" decoding=\"async\" class=\"aligncenter  wp-image-49234\" src=\"http:\/\/www.korhanyilmaz.com\/wp-content\/uploads\/2012\/03\/9081.jpg\" alt=\"\" width=\"333\" height=\"191\" \/><\/a><\/p>\n<p style=\"text-align: justify;\">28 \u015eubat tart\u0131\u015fmalar\u0131n\u0131 ve Ba\u015fbakan Erdo\u011fan\u2019a y\u00f6neltti\u011fi &#8220;Erbakan\u2019la helalle\u015ftin mi?&#8221; sorusunu hat\u0131rlatan K\u0131l\u0131\u00e7daro\u011flu, \u201cSen Erbakan\u2019\u0131 arkadan han\u00e7erleyen adams\u0131n. \u015eimdi kalkm\u0131\u015f 28 \u015eubat\u2019\u0131n parsas\u0131n\u0131 topluyor. Baba katilinden miras sahibi olunmaz\u201d dedi.<\/p>\n<p style=\"text-align: justify;\">ANKARA &#8211; Partisinin grup toplant\u0131s\u0131n\u0131n \u00f6nemli bir b\u00f6l\u00fcm\u00fcn\u00fc e\u011fitim sistemine ay\u0131ran CHP Genel Ba\u015fkan\u0131 Kemal K\u0131l\u0131\u00e7daro\u011flu, h\u00fck\u00fcmete seslenerek, &#8220;Cumhuriyet Halk Partisi grubunda, t\u00fcm T\u00fcrkiye\u2019nin \u00f6n\u00fcnde elimi uzat\u0131yorum, gelin bar\u0131\u015f i\u00e7inde yeni bir yasa yapal\u0131m&#8221; dedi.\u00a0<!--more--><\/p>\n<p style=\"text-align: justify;\">28 \u015eubat tart\u0131\u015fmalar\u0131n\u0131 ve Ba\u015fbakan Erdo\u011fan\u2019a y\u00f6neltti\u011fi &#8220;Erbakan\u2019la helalle\u015ftin mi?&#8221; sorusunu hat\u0131rlatan K\u0131l\u0131\u00e7daro\u011flu, \u201cHelallik istemeye senin y\u00fcz\u00fcn yok. Sen Erbakan\u2019\u0131 arkadan han\u00e7erleyen adams\u0131n. \u015eimdi kalkm\u0131\u015f 28 \u015eubat\u2019\u0131n parsas\u0131n\u0131 topluyor. Sana sesleniyorum Recep Tayyip Erdo\u011fan, baba katilinden miras sahibi olunmaz\u201d \u015feklinde konu\u015ftu.<\/p>\n<p style=\"text-align: justify;\">K\u0131l\u0131\u00e7daro\u011flu&#8217;nun konu\u015fmas\u0131ndan sat\u0131r ba\u015flar\u0131 \u015f\u00f6yle:<\/p>\n<p style=\"text-align: justify;\">-E\u011fitim yasas\u0131 anayasa\u2019dan \u00e7ok daha \u00f6nemlidir. E\u011fitimle insan\u0131 \u015fekillendiriyorsunuz. Onun i\u00e7in e\u011fitim yasalar\u0131 anayasalardan \u00f6nemlidir.<\/p>\n<p style=\"text-align: justify;\">-Anayasa\u2019ya bak\u0131n, toplumsal uzla\u015fma ar\u0131yoruz ortak anayasa i\u00e7in. Bir uzla\u015fma komisyonu kurduk. Say\u0131n Meclis Ba\u015fkan\u0131 b\u00f6lge b\u00f6lge geziyor. Halk\u0131 dinliyor, STK\u2019lar\u0131 dinliyoruz. \u00c7aba harc\u0131yor. Bizim milletvekillerimiz de ellerinden gelen katk\u0131y\u0131 yapmaya \u00e7al\u0131\u015f\u0131yorlar. \u0130stiyorlar ki daha \u00e7a\u011fda\u015f bir Anayasa\u2019ya sahip olal\u0131m.Peki e\u011fitim yasalar\u0131 anayasadan \u00f6nemliyse ni\u00e7in bir uzla\u015fma aram\u0131yoruz. \u00c7ocuklar hepimizin \u00e7ocu\u011fu.<\/p>\n<p style=\"text-align: justify;\"><strong>&#8216;E\u011e\u0130T\u0130M POL\u0130T\u0130KACININ AT OYNATTI\u011eI ALAN DE\u011e\u0130LD\u0130R&#8217;<\/strong><\/p>\n<p style=\"text-align: justify;\">-E\u011fitim farkl\u0131 bir \u015feydir. E\u011fitim politikac\u0131n\u0131n rahatl\u0131kla at oynatt\u0131\u011f\u0131 alan de\u011fildir. Gece yar\u0131s\u0131 parlamentoya bir kanun teklifi veriliyor. Kanun teklifiyle olur mu arkada\u015flar? Hangi demokrasiler de var? Tart\u0131\u015f\u0131ld\u0131 m\u0131 bu? Halk\u0131n ne kadar haberi var, halk ne istiyor biliyor muyuz? Hay\u0131r.<\/p>\n<p style=\"text-align: justify;\">-\u00c7a\u011fda\u015f demokrasilerde e\u011fitim bunun i\u00e7in \u00e7ok \u00f6nemlidir. Temel e\u011fitim \u00e7ok \u00f6nemlidir. B\u00fct\u00fcn \u00e7ocuklar\u0131n ortak ders ald\u0131klar\u0131 bir e\u011fitimdir. \u0130yi yurtta\u015f olma \u00f6\u011fretilir. \u0130yi yurtta\u015f olmas\u0131 \u00f6\u011fretir ki berberi de bilecek esnaf\u0131 da bilecek, h\u00e2kimi de bilecek savc\u0131s\u0131 da bunu bilecek. Ortak paydam\u0131z temel e\u011fitim olmal\u0131d\u0131r. Temel e\u011fitimi uzatmal\u0131y\u0131z, g\u00fc\u00e7l\u00fc k\u0131lmal\u0131y\u0131z ki \u00e7ocuklar\u0131m\u0131z, \u00f6zg\u00fcveni olan \u00e7ocuklar olarak yeti\u015fmeliler.<\/p>\n<p style=\"text-align: justify;\"><strong>\u2018E\u011e\u0130T\u0130M D\u00dcNYANIN STRATEJ\u0130 ALANI\u2019<\/strong><\/p>\n<p style=\"text-align: justify;\">-Demokrasiyi \u00f6\u011frenmeli, toplumsal olarak ya\u015famay\u0131 \u00f6\u011frenmeli, birbirine sayg\u0131y\u0131 \u00f6\u011frenmeli. Temel e\u011fitimin \u00f6z\u00fc budur. Bunu kesip, k\u0131salt\u0131rsan\u0131z \u00e7ocuklar\u0131n gelece\u011fini mahvedersiniz. Onun i\u00e7in temel e\u011fitim, e\u011fitim b\u00fct\u00fcn d\u00fcnyan\u0131n ortak strateji alan\u0131d\u0131r.<\/p>\n<p style=\"text-align: justify;\">-Bir olay d\u00fc\u015f\u00fcn\u00fcn, e\u011fitim konusunda kanun teklifi veriliyor. H\u00fck\u00fcmet program\u0131nda var m\u0131? Yok. Kalk\u0131nma planlar\u0131nda var m\u0131? Orada da yok. Milli E\u011fitim Bakanl\u0131\u011f\u0131 stratejik plan\u0131nda var m\u0131? Orda da yok. Bakanlar kurulu da imza atm\u0131yor. Kanun teklifi olarak veriliyor. T\u00fcrkiye\u2019nin bu kadar temel meselesi kanun teklifi olarak verilebilir mi?<\/p>\n<p style=\"text-align: justify;\">-Temel e\u011fitimi uzatmal\u0131 ve g\u00fc\u00e7l\u00fc k\u0131lmal\u0131y\u0131z. \u00c7ocuklar\u0131m\u0131z \u00e7evresini d\u00fcnyay\u0131 sorgulamal\u0131. Tart\u0131\u015fmay\u0131 \u00f6\u011frenmeli, birbirine sayg\u0131y\u0131 \u00f6\u011frenmeli. Temel e\u011fitim ne kadar g\u00fc\u00e7l\u00fc olursa yeti\u015ftirdi\u011fimiz insan\u0131n ahlak\u0131, karakteri de o kadar g\u00fc\u00e7l\u00fc olur.<\/p>\n<p style=\"text-align: justify;\"><strong>UZLA\u015eI \u00c7A\u011eRISI<\/strong><\/p>\n<p style=\"text-align: justify;\">-Uzla\u015fma \u00e7a\u011fr\u0131s\u0131 yap\u0131yorum. Gelin bar\u0131\u015f ve huzur i\u00e7inde yeni bir yasa yapal\u0131m. E\u011fitim konusu iki partinin \u00e7at\u0131\u015fma alan\u0131 de\u011fildir. \u00c7at\u0131\u015fma ortam\u0131 yaratmak istemiyoruz.<\/p>\n<p style=\"text-align: justify;\">-Bizim \u00f6nyarg\u0131m\u0131z yok. Bu teklif parlamentoya verildi\u011finde arkada\u015flar\u0131ma e\u011fitim uzmanlar\u0131n\u0131 davet etme talimat\u0131 verdim. Bu teklifi sorduk, saatlerce dinledik. Vard\u0131klar\u0131 sonu\u00e7lar ger\u00e7ekten vahim. Uzmanlar bu tasar\u0131 yasala\u015f\u0131rsa e\u011fitimde Afrika\u2019n\u0131n bile gerisine d\u00fc\u015feriz\u2019 dedi.<\/p>\n<p style=\"text-align: justify;\">-Bak\u0131n biz uzmanl\u0131\u011fa ve bilime sayg\u0131 duyuyoruz. Ba\u015fbakan da bunu yaps\u0131n, kendi atad\u0131\u011f\u0131 Y\u00d6K ba\u015fkan\u0131na sorsun. Sorarsan\u0131z b\u00fcy\u00fcrs\u00fcn\u00fcz. \u2018Her \u015feyi ben biliyorum\u2019 dersiniz, hi\u00e7bir \u015feyi bilmeyen adam durumuna d\u00fc\u015fersiniz.<\/p>\n<p style=\"text-align: justify;\"><strong>\u2018\u00c7OCUKLARIMIZ SONDAN \u0130K\u0130NC\u0130\u2019<\/strong><\/p>\n<p style=\"text-align: justify;\">-Milli E\u011fitim\u2019in kendisine \u015fu soruyu sormas\u0131 laz\u0131m. Benim \u00e7ocuklar\u0131m neden sondan ikinci de Finlandiya neden birinci? Siz acaba oradaki e\u011fitimi incelediniz mi? \u00c7ocuk her yerde \u00e7ocuktur. \u00c7ocu\u011fa sa\u011fl\u0131kl\u0131 bilgi verirseniz, iyi yeti\u015ftirirseniz T\u00fcrkiye \u00f6nemli bir ivme kazanacakt\u0131r. 21. y\u00fczy\u0131l T\u00fcrkiye\u2019si, e\u011fitim cumhuriyeti olmal\u0131d\u0131r.<\/p>\n<p style=\"text-align: justify;\">-\u00c7ocuklara iPAD da\u011f\u0131taca\u011f\u0131z, \u00f6v\u00fcn\u00fcyoruz bununla. As\u0131l \u00f6v\u00fcnmemiz gereken, son bu iPAD\u2019\u0131 T\u00fcrkiye\u2019de yapabiliyor musun yapam\u0131yor musun? Bilgisayar\u0131 T\u00fcrkiye\u2019de \u00fcretiyorsan\u0131z zaten siz \u00e7a\u011f atlar noktaya gelirsiniz.<\/p>\n<p style=\"text-align: justify;\"><strong>\u2018D\u0130N E\u011e\u0130T\u0130M\u0130 \u0130\u00c7\u0130N M\u0130?\u2019<\/strong><\/p>\n<p style=\"text-align: justify;\">-\u015eu s\u00f6ylenebilir. Biz bu kanun teklifini \u00e7ocuklar din e\u011fitimi als\u0131nlar diye verdik diyebilir. Gizli kapakl\u0131 yapmaya gerek yok ki? T\u00fcrkiye tart\u0131\u015fmay\u0131 seven bir toplum olmak zorundad\u0131r. T\u00fcrkiye e\u011fer bask\u0131c\u0131 bir toplum olursa, bir \u015fey \u00fcretemeyiz.<\/p>\n<p style=\"text-align: justify;\"><strong>\u20198 YILLIK E\u011e\u0130T\u0130M TARTI\u015eMASI 28 \u015eUBAT\u2019TA BA\u015eLAMADI\u2018<\/strong><\/p>\n<p style=\"text-align: justify;\">-\u201828 \u015eubat\u2019tan intikam almak i\u00e7in bunu getiriyoruz\u2019 diyorlar. O da yanl\u0131\u015f, 8 y\u0131ll\u0131k temel e\u011fitim 70\u2019lerden beri tart\u0131\u015f\u0131l\u0131yor. Milli E\u011fitim \u015eura\u2019lar\u0131nda tart\u0131\u015f\u0131lm\u0131\u015f, daha sonra s\u00fcrekli hale getirilmi\u015f. Olmas\u0131 gereken budur. Yani bu 28 \u015eubat\u2019ta oldu, biz bunu ters d\u00fcz edelim. B\u00f6yle bir \u015fey yok.<\/p>\n<p style=\"text-align: justify;\">-\u00c7ocuklar bizim \u00e7ocuklar\u0131m\u0131zd\u0131r diyoruz. Biz de bir atas\u00f6z\u00fc var. A\u011fa\u00e7 ya\u015f iken e\u011filirmi\u015f. Ama \u00e7ocuklar a\u011fa\u00e7 de\u011fil, onlar\u0131n \u00fczerine titremeliyiz. O y\u00fczden 12 saat konu\u015ftu arkada\u015f\u0131m\u0131z.<\/p>\n<p style=\"text-align: justify;\"><strong>\u2018TABLET VERD\u0130\u011e\u0130N \u0130\u00c7\u0130N KUTLUYORUZ\u2019<\/strong><\/p>\n<p style=\"text-align: justify;\">-Bu teklifin i\u00e7ine bir \u015fey koymu\u015flar. Tablet da\u011f\u0131tacaklar ya. Yani k\u00fc\u00e7\u00fck bilgisayarlar da\u011f\u0131tacaklar. 8-10 milyar civar\u0131ndaki bir tablet da\u011f\u0131t\u0131m\u0131n\u0131, ihalesiz alacaklar. \u0130nsanda biraz utanma olur. Hi\u00e7 de\u011filse bunu e\u011fitim yasas\u0131n\u0131n i\u00e7ine koymay\u0131n. \u0130haleden neden korkar bu insanlar? 8-10 milyar dolarl\u0131k bir i\u015f bu. Kimse sana bu tabletleri verme demiyor, verdi\u011fin i\u00e7in de kutluyoruz. Ama bunu yasalarla yap. Optimum kar diye bir kavram var. Efendim ihalesiz verece\u011fiz, bunlar do\u011fru de\u011fil, yanl\u0131\u015f \u015feyler. Kaybeden T\u00fcrkiye olur, bizim \u00e7ocuklar\u0131m\u0131z olur.<\/p>\n<p style=\"text-align: justify;\"><strong>\u2018POZANTI YEN\u0130 B\u0130R SAYFA A\u00c7TI\u2019<\/strong><\/p>\n<p style=\"text-align: justify;\">-Ge\u00e7en hafta \u00e7ok ac\u0131 bir olay\u0131n perdesi daha araland\u0131. Perdeyi aralayanlar bas\u0131nd\u0131. Ben \u00f6zellikle medyaya y\u00fcrekten te\u015fekk\u00fcr ediyorum. Adana Pozant\u0131\u2019daki olay medyada i\u015flendi \u00f6nce. Arkas\u0131ndan CHP olarak milletvekillerini g\u00f6revlendirdik.<\/p>\n<p style=\"text-align: justify;\">-Pozant\u0131 olay\u0131 insan haklar\u0131n\u0131n yerlerde s\u00fcr\u00fcklendi\u011fi T\u00fcrkiye\u2019de yeni bir sayfa a\u00e7m\u0131\u015ft\u0131r. Su\u00e7lu adam gibi muamele g\u00f6rmek zorundad\u0131r. O da bir insand\u0131r. Ona \u015fiddet, bask\u0131 tecav\u00fcz uygulayamazs\u0131n\u0131z. O \u00e7ocu\u011fun ruhundaki f\u0131rt\u0131nalar\u0131 \u00f6mr\u00fc boyunca dindiremezsiniz. O bir insan. Ona da sayg\u0131 duyacaks\u0131n\u0131z.<\/p>\n<p style=\"text-align: justify;\">-Bu dram 21. y\u00fczy\u0131l\u0131n T\u00fcrkiye\u2019sine yak\u0131\u015fm\u0131yor. B\u00fct\u00fcn \u00e7evrelerle g\u00f6r\u00fc\u015f\u00fcp bir rapor verdiler. O raporun ayr\u0131nt\u0131lar\u0131n\u0131 burada anlatmaya benim vicdan\u0131m el vermiyor. Bu raporda yaz\u0131lanlar\u0131n 10\u2019da biri bile ger\u00e7ekse AKP bakanlar\u0131n\u0131n vicdanlar\u0131n\u0131 sorgulamas\u0131 laz\u0131m.<\/p>\n<p style=\"text-align: justify;\">-Olay 12 Temmuz 2011\u2019de. Bakanl\u0131k bu tarihten beri biliyor. \u00dczerinden 8 ay ge\u00e7mi\u015f, t\u0131k yok. Medya yaz\u0131yor, arkadan CHP bir heyet g\u00f6nderiyor oraya. Bakan apar topar bir m\u00fcfetti\u015f g\u00f6nderiyor oraya. Sekiz ay sonra \u00fc\u00e7 maymunu oynamaktan vazge\u00e7iyor. Diyor ki, d\u00f6rt ki\u015finin g\u00f6revden uzakla\u015ft\u0131r\u0131lmas\u0131na, 200 \u00e7ocu\u011fun nakledilmesine karar verildi. Sekiz ayd\u0131r neden yapmad\u0131n? Sekiz ayda anla\u015f\u0131lmayan bir konu 72 saatte anla\u015f\u0131ld\u0131.<\/p>\n<p style=\"text-align: justify;\">-Ama arkas\u0131n\u0131 b\u0131rakmayaca\u011f\u0131z, sonuna kadar takip edece\u011fiz. \u00d6zg\u00fcr bas\u0131n diyoruz. Neden diyoruz i\u015fte bunun i\u00e7in diyoruz. \u00d6zg\u00fcr bas\u0131n\u0131n olmad\u0131\u011f\u0131 bir yerde, bu t\u00fcr insan hakk\u0131 ihlaller medyada yer almaz.<\/p>\n<p style=\"text-align: justify;\"><strong>\u2018YEN\u0130 CEZAEV\u0130N\u0130Z HAYIRLI OLSUN\u2019<\/strong><\/p>\n<p style=\"text-align: justify;\">-Bu olay\u0131 \u00fc\u00e7 be\u015f ki\u015finin s\u0131rt\u0131na y\u00fckleyerek bundan kurtulmakta yok. Bak\u0131n\u0131z de\u011ferli arkada\u015flar bu olaylar\u0131n oldu\u011fu s\u00fcre i\u00e7inde, bakan\u0131n bir a\u00e7\u0131klamas\u0131 oldu. Diyor ki \u201cCezaevleri y\u00fczde 110 dolu.\u201d Tabi bunu da CHP\u2019nin s\u0131rt\u0131na y\u0131kacaklar ama son 10 y\u0131lda CHP\u2019nin iktidar\u0131 yok. Kime atacaklar, geriye bak\u0131yorlar CHP yok. Ama bir itirafta bulunuyorlar y\u00fczde 110 dolu.<\/p>\n<p style=\"text-align: justify;\">-Sevgili Diyarbak\u0131rl\u0131lar, Ba\u015fbakan geldi Diyarbak\u0131r\u2019lara, size m\u00fcjde verdi, modern bir cezaevi yapacakt\u0131. Siz de AKP\u2019ye oy verdiniz. Hay\u0131rl\u0131 olsun yeni cezaeviniz size. Tabi diyorum ama daha yap\u0131lmad\u0131. Diyarbak\u0131r\u2019a fabrika yapmaya gerek yok ki. B\u00fct\u00fcn Diyarbak\u0131rl\u0131lara sesleniyorum. Hepsine sesleniyorum. AKP\u2019ye oy verdiniz size hapishane vaat ediyor. \u00c7ocuklar\u0131n\u0131z\u0131n gelece\u011fini de e\u011fitim yasas\u0131yla al\u0131yor. Art\u0131k ger\u00e7e\u011fi g\u00f6r\u00fcn, art\u0131k uyan\u0131n.<\/p>\n<p style=\"text-align: justify;\"><strong>\u2018ERBAKAN&#8217;LA HELALLE\u015eT\u0130N M\u0130?\u2019<\/strong><\/p>\n<p style=\"text-align: justify;\">-Ben 28 \u015eubat\u2019\u0131n y\u0131l d\u00f6n\u00fcm\u00fcnde ge\u00e7en hafta \u015f\u00f6yle demi\u015ftim. &#8216;Say\u0131n Ba\u015fbakan, sen de Erbakan\u2019\u0131 arkas\u0131ndan han\u00e7erleyen birisisin&#8217; demi\u015ftim. &#8216;Sen ma\u011fdur edebiyat\u0131 yapt\u0131n, d\u00f6nd\u00fcn Erbakan\u2019\u0131 arkadan han\u00e7erledin&#8217; dedim. Beyefendiyi \u00e7ok rahats\u0131z etmi\u015f, \u00e7ok rahats\u0131z olmu\u015f. Ben sana bir soru daha sordum. Sen rahmetli Erbakan\u2019la helalle\u015ftin mi? T\u0131k yok.<\/p>\n<p style=\"text-align: justify;\"><strong>\u2018ERBAKAN&#8217;I ARKADAN HAN\u00c7ERLEYEN ADAMSIN\u2019<\/strong><\/p>\n<p style=\"text-align: justify;\">-E\u011fer Erbakan\u2019dan helallik almad\u0131ysan, \u015eevket Kazan\u2019a git, Recai Kutan var, Ahmet Tektan var git ondan helallik iste, ama senin y\u00fcz\u00fcn yok. Sen Erbakan\u2019\u0131 arkadan han\u00e7erleyen adams\u0131n.<\/p>\n<p style=\"text-align: justify;\">-\u015eimdi kalkm\u0131\u015f 28 \u015eubat\u2019\u0131n parsas\u0131n\u0131 topluyor. Sana sesleniyorum Recep Tayyip Erdo\u011fan, baba katilinden miras sahibi olunmaz.<\/p>\n<p style=\"text-align: justify;\"><strong>&#8216;S\u0130L\u0130VR\u0130 TOPLAMA KAMPI&#8217;<\/strong><\/p>\n<p style=\"text-align: justify;\">-Ben hat\u0131rlarsan\u0131z post modern diktat\u00f6rl\u00fck demi\u015ftim ve Balbay ve Haberal\u2019\u0131 ziyaret ettikten sonra, oran\u0131n bir sivil toplama kamp\u0131 oldu\u011funu s\u00f6ylemi\u015ftim, adaletin olmad\u0131\u011f\u0131n\u0131 s\u00f6ylemi\u015ftim, oradaki yarg\u0131\u00e7lar\u0131n vicdanlar\u0131yla karar veremeyeceklerini s\u00f6ylemi\u015ftim. Ben s\u00f6yledim, hakk\u0131mda fezleke d\u00fczenlendi.<\/p>\n<p style=\"text-align: justify;\">-Neden ben oraya Silivri toplama kamp\u0131 diyorum, adalet yok orada, insan haklar\u0131 yok orada. Kalkacaks\u0131n\u0131z, se\u00e7ilmi\u015fleri atanm\u0131\u015flara yedirmeyece\u011fiz. Sen b\u0131rak o palavralar\u0131. Bu milletin oyuyla se\u00e7ilen insanlar hapiste mi de\u011fil mi? Sen onun cevab\u0131n\u0131 ver bana.<\/p>\n<p style=\"text-align: justify;\"><a href=\"http:\/\/www.ntvmsnbc.com\/id\/25327965\/\" target=\"_blank\">Kaynak : NTVMSNBC<\/a><\/p>\n","protected":false},"excerpt":{"rendered":"<p style=\"text-align: center;\">\n<p style=\"text-align: justify;\">28 \u015eubat tart\u0131\u015fmalar\u0131n\u0131 ve Ba\u015fbakan Erdo\u011fan\u2019a y\u00f6neltti\u011fi &#8220;Erbakan\u2019la helalle\u015ftin mi?&#8221; sorusunu hat\u0131rlatan K\u0131l\u0131\u00e7daro\u011flu, \u201cSen Erbakan\u2019\u0131 arkadan han\u00e7erleyen adams\u0131n. \u015eimdi kalkm\u0131\u015f 28 \u015eubat\u2019\u0131n parsas\u0131n\u0131 topluyor. Baba katilinden miras sahibi olunmaz\u201d dedi.<\/p>\n<p style=\"text-align: justify;\">ANKARA &#8211; Partisinin grup toplant\u0131s\u0131n\u0131n \u00f6nemli bir b\u00f6l\u00fcm\u00fcn\u00fc e\u011fitim sistemine ay\u0131ran CHP Genel Ba\u015fkan\u0131 Kemal K\u0131l\u0131\u00e7daro\u011flu, h\u00fck\u00fcmete seslenerek, <\/p>\n","protected":false},"author":1,"featured_media":0,"comment_status":"open","ping_status":"open","sticky":false,"template":"","format":"standard","meta":{"footnotes":""},"categories":[105],"tags":[],"class_list":["post-49233","post","type-post","status-publish","format-standard","hentry","category-gundem","odd"],"_links":{"self":[{"href":"http:\/\/www.korhanyilmaz.com\/index.php?rest_route=\/wp\/v2\/posts\/49233","targetHints":{"allow":["GET"]}}],"collection":[{"href":"http:\/\/www.korhanyilmaz.com\/index.php?rest_route=\/wp\/v2\/posts"}],"about":[{"href":"http:\/\/www.korhanyilmaz.com\/index.php?rest_route=\/wp\/v2\/types\/post"}],"author":[{"embeddable":true,"href":"http:\/\/www.korhanyilmaz.com\/index.php?rest_route=\/wp\/v2\/users\/1"}],"replies":[{"embeddable":true,"href":"http:\/\/www.korhanyilmaz.com\/index.php?rest_route=%2Fwp%2Fv2%2Fcomments&post=49233"}],"version-history":[{"count":0,"href":"http:\/\/www.korhanyilmaz.com\/index.php?rest_route=\/wp\/v2\/posts\/49233\/revisions"}],"wp:attachment":[{"href":"http:\/\/www.korhanyilmaz.com\/index.php?rest_route=%2Fwp%2Fv2%2Fmedia&parent=49233"}],"wp:term":[{"taxonomy":"category","embeddable":true,"href":"http:\/\/www.korhanyilmaz.com\/index.php?rest_route=%2Fwp%2Fv2%2Fcategories&post=49233"},{"taxonomy":"post_tag","embeddable":true,"href":"http:\/\/www.korhanyilmaz.com\/index.php?rest_route=%2Fwp%2Fv2%2Ftags&post=49233"}],"curies":[{"name":"wp","href":"https:\/\/api.w.org\/{rel}","templated":true}]}}