{"id":4923,"date":"2009-03-12T15:09:57","date_gmt":"2009-03-12T13:09:57","guid":{"rendered":"http:\/\/www.korhanyilmaz.com\/?p=4923"},"modified":"2009-03-12T15:09:57","modified_gmt":"2009-03-12T13:09:57","slug":"o-zaman-gerekeni-yapariz-erken-secime-gideriz","status":"publish","type":"post","link":"http:\/\/www.korhanyilmaz.com\/?p=4923","title":{"rendered":"&#039;O zaman gerekeni yapar\u0131z erken se\u00e7ime gideriz&#039;"},"content":{"rendered":"<p><img loading=\"lazy\" decoding=\"async\" class=\"aligncenter size-full wp-image-4924\" title=\"'O zaman gerekeni yapar\u0131z erken se\u00e7ime gideriz' \" src=\"http:\/\/www.korhanyilmaz.com\/wp-content\/uploads\/2009\/03\/120320091501467811424.jpg\" alt=\"'O zaman gerekeni yapar\u0131z erken se\u00e7ime gideriz' \" width=\"320\" height=\"100\" \/><\/p>\n<p style=\"text-align: justify;\"><strong>AKP Grup Ba\u015fkanvekili Nihat Erg\u00fcn, yerel se\u00e7imlerde 2&#8217;nci parti olmalar\u0131 durumunda erken se\u00e7ime gideceklerini bildirdi. <\/strong><\/p>\n<p style=\"text-align: justify;\">Erg\u00fcn &#8220;2&#8217;nci parti oldu\u011fumuz g\u00fcn tavr\u0131m\u0131z bellidir, erken se\u00e7ime gideriz, kadrolar\u0131m\u0131z\u0131 de\u011fi\u015ftiririz, buna lider de dahil&#8221; diye konu\u015ftu. Erg\u00fcn, 29 Mart&#8217;ta oylar\u0131n\u0131n y\u00fczde 37&#8217;ye d\u00fc\u015fmesini vatanda\u015f\u0131n sert uyar\u0131s\u0131 olarak alg\u0131layacaklar\u0131n\u0131 belirterek bu durumda da kadrolar\u0131n\u0131 ve politikalar\u0131n\u0131 g\u00f6zden ge\u00e7ireceklerini s\u00f6yledi.<\/p>\n<p style=\"text-align: justify;\">Erg\u00fcn Baykal&#8217;\u0131n AKP&#8217;nin oylar\u0131n\u0131 y\u00fczde 52&#8217;ye y\u00fckseltmesi gerekti\u011fiyle ilgili s\u00f6zlerine ise &#8220;E\u011fer, 5 se\u00e7im \u00fcst \u00fcste y\u00fczde 45 oy almak bizim i\u00e7in ba\u015far\u0131s\u0131zl\u0131ksa, biz bu ba\u015far\u0131s\u0131zl\u0131\u011fa raz\u0131y\u0131z karde\u015fim. 5 se\u00e7im \u00fcst \u00fcste y\u00fczde 20 al\u0131p muhalefette kalmak ba\u015far\u0131ysa, bu ba\u015far\u0131 da sana hay\u0131rl\u0131 olsun.&#8221;kar\u015f\u0131l\u0131\u011f\u0131n\u0131 verdi.<!--more--><\/p>\n<p style=\"text-align: justify;\">Erg\u00fcn Meclis&#8217;te d\u00fczenledi\u011fi bas\u0131nla sohbet toplant\u0131s\u0131nda, CHP Genel Ba\u015fkan\u0131 Deniz Baykal&#8217;\u0131n, AKP&#8217;nin yerel se\u00e7imlerde y\u00fczde 52 almas\u0131 halinde ba\u015far\u0131l\u0131 say\u0131labilece\u011fine ili\u015fkin s\u00f6zlerine yan\u0131t verdi. Siyasi partilerin oy kaybetmesi durumunda kabahati kendilerinde aramas\u0131 gerekti\u011fini belirten Erg\u00fcn AKP&#8217;nin oy kaybetmesi halinde ise &#8220;Nerede yanl\u0131\u015f yapt\u0131k, niye kaybettik?&#8221; diye d\u00fc\u015f\u00fcn\u00fcp muhasebe yapacaklar\u0131n\u0131 ve bunu vatanda\u015f\u0131n uyar\u0131s\u0131 olarak g\u00f6receklerini kaydetti. CHP&#8217;nin oylar\u0131n\u0131 art\u0131ramad\u0131\u011f\u0131nda vatanda\u015fa &#8216;nank\u00f6r millet&#8217; diye yakla\u015ft\u0131\u011f\u0131n\u0131 savunan Erg\u00fcn \u015f\u00f6yle konu\u015ftu:<\/p>\n<p style=\"text-align: justify;\">&#8220;Y\u00fczde 47 oy alm\u0131\u015fs\u0131n\u0131z. 10 puanl\u0131k bir dalgalanma oldu. Y\u00fczde 37. Bu sert bir uyar\u0131 olur. Bu sert uyar\u0131 sonras\u0131nda politikalar\u0131, kadrolar\u0131 \u00e7ok ciddi manada g\u00f6zden ge\u00e7irmeniz gerekir. Ama hala size yakla\u015fan bir parti de yoktur. Biz, toplumun bu sert uyar\u0131s\u0131n\u0131 dikkate al\u0131r\u0131z. &#8216;Toplum bize bu sert uyar\u0131y\u0131 neden yapt\u0131&#8217; deriz? &#8220;<\/p>\n<p style=\"text-align: justify;\"><strong><\/strong><strong>-\u00d6ZAL \u00d6RNE\u011e\u0130-<\/strong><\/p>\n<p style=\"text-align: justify;\">Siyasette oy kayb\u0131yla ilgili \u00d6zal \u00f6rne\u011fini veren Erg\u00fcn, ANAP&#8217;\u0131n 1989&#8217;da ikinci parti durumuna d\u00fc\u015ft\u00fc\u011f\u00fcn\u00fc, elindeki b\u00fct\u00fcn belediyeleri kaybetti\u011fini belirterek, &#8220;Y\u00fczde 36&#8217;dan y\u00fczde 21,75&#8217;e geriledi. \u00d6zal, iktidar\u0131n\u0131 devam ettirdi hatta Cumhurba\u015fkan\u0131 oldu. Cumhurba\u015fkanl\u0131\u011f\u0131nda asla rahat etmedi. \u00c7\u00fcnk\u00fc, arkas\u0131nda halk deste\u011fi kalmam\u0131\u015ft\u0131. SHP, 1&#8217;nci parti haline gelmi\u015fti. \u00d6zal&#8217;\u0131n orada yapmas\u0131 gereken \u015fey, derhal se\u00e7ime gitmekti. Ama yapmad\u0131 ve sonras\u0131nda da Anavatan Partisi gittik\u00e7e k\u00fc\u00e7\u00fcld\u00fc. \u00d6zal, &#8216;benden sonras\u0131 tufan&#8217; dedi ve tufan da oldu zaten.&#8221; dedi.<\/p>\n<p style=\"text-align: justify;\"><strong>-&#8220;2&#8217;NC\u0130 PART\u0130 OLURSAK ERKEN SE\u00c7\u0130ME G\u0130DER\u0130Z&#8221;-<\/strong><\/p>\n<p style=\"text-align: justify;\">Erg\u00fcn, Ba\u015fbakan Erdo\u011fan&#8217;\u0131n &#8216;2&#8217;nci parti olursak b\u0131rak\u0131r\u0131m&#8217; dedi\u011fini hat\u0131rlatarak, AKP olarak ikinci parti olmalar\u0131 halinde, erken se\u00e7ime gideceklerini, kadrolar\u0131n\u0131 de\u011fi\u015ftireceklerini s\u00f6yledi. Erg\u00fcn \u015f\u00f6yle konu\u015ftu:<br \/>\n&#8220;Bunun faturas\u0131n\u0131 birisinin \u00f6demesi, milli iradenin yenilenmesi laz\u0131m. Kadro olarak da bizim her \u015feyi g\u00f6zden ge\u00e7irmemiz laz\u0131m. Parti program\u0131, \u00e7al\u0131\u015fma y\u00f6ntemi, kadrolar, lider&#8230; Hepsini g\u00f6zden ge\u00e7iren bir sonu\u00e7 do\u011furur. Biz, burada a\u00e7\u0131\u011f\u0131z. Kar\u015f\u0131m\u0131za ne \u00e7\u0131karsa, nas\u0131l tav\u0131r tak\u0131n\u0131r\u0131z? 2&#8217;nci konumuna d\u00fc\u015ft\u00fc\u011f\u00fcm\u00fcz g\u00fcn, tak\u0131naca\u011f\u0131m\u0131z tav\u0131r bellidir. Erken se\u00e7ime gideriz, kadrolar\u0131m\u0131z\u0131 de\u011fi\u015ftiririz, buna lider dahil. Tavr\u0131m\u0131z a\u00e7\u0131k.&#8221;\n<\/p>\n<p style=\"text-align: justify;\"><strong>-&#8220;5 SE\u00c7\u0130MDE Y\u00dcZDE 45 BA\u015eARISIZLIKSA B\u0130Z RAZIYIZ&#8221;-<\/strong><\/p>\n<p style=\"text-align: justify;\">Erg\u00fcn, CHP Genel Ba\u015fkan\u0131 Deniz Baykal&#8217;\u0131n &#8216;bilimsel olarak y\u00fczde 52 almal\u0131s\u0131n\u0131z&#8221; dedi\u011fini hat\u0131rlatarak &#8220;B\u00f6yle bir bilim yok. Y\u00fczde 45 al\u0131rsak bizi ba\u015far\u0131s\u0131z sayacak.Biz 5 se\u00e7im \u00fcst \u00fcste, y\u00fczde 45&#8217;ler civar\u0131nda oy alal\u0131m, oyumuz artmas\u0131n. T\u00fcrkiye ve uluslararas\u0131 \u00e7evreler, &#8216;yaz\u0131klar olsun AK Parti&#8217;ye iktidarda oylar\u0131n\u0131 bir puan bile art\u0131ramad\u0131 m\u0131 der?&#8217; 5 se\u00e7im \u00fcst \u00fcste y\u00fczde 45 oy almak, devaml\u0131 iktidar olmak demektir. Muhalefet partisi CHP, 5 se\u00e7im \u00fcst \u00fcste y\u00fczde 20 oy alsa, b\u00fct\u00fcn d\u00fcnya ona, &#8216;helal olsun CHP&#8217;ye, oylar\u0131n\u0131 muhafaza etti&#8217; mi der? E\u011fer, 5 se\u00e7im \u00fcst \u00fcste y\u00fczde 45 oy almak bizim i\u00e7in ba\u015far\u0131s\u0131zl\u0131ksa, biz bu ba\u015far\u0131s\u0131zl\u0131\u011fa raz\u0131y\u0131z karde\u015fim. 5 se\u00e7im \u00fcst \u00fcste y\u00fczde 20 al\u0131p muhalefette kalmak ba\u015far\u0131ysa, bu ba\u015far\u0131 da sana hay\u0131rl\u0131 olsun.&#8221;diye konu\u015ftu.<\/p>\n<p style=\"text-align: justify;\"><span style=\"color: #888888;\">Kaynak : Vatan Gazetesi<\/span><\/p>\n","protected":false},"excerpt":{"rendered":"<\/p>\n<p style=\"text-align: justify;\">AKP Grup Ba\u015fkanvekili Nihat Erg\u00fcn, yerel se\u00e7imlerde 2&#8217;nci parti olmalar\u0131 durumunda erken se\u00e7ime gideceklerini bildirdi. <\/p>\n<p style=\"text-align: justify;\">Erg\u00fcn &#8220;2&#8217;nci parti oldu\u011fumuz g\u00fcn tavr\u0131m\u0131z bellidir, erken se\u00e7ime gideriz, kadrolar\u0131m\u0131z\u0131 de\u011fi\u015ftiririz, buna lider de dahil&#8221; diye konu\u015ftu. Erg\u00fcn, 29 Mart&#8217;ta oylar\u0131n\u0131n y\u00fczde 37&#8217;ye d\u00fc\u015fmesini vatanda\u015f\u0131n sert uyar\u0131s\u0131 olarak alg\u0131layacaklar\u0131n\u0131 belirterek bu durumda da <\/p>\n","protected":false},"author":1,"featured_media":0,"comment_status":"open","ping_status":"closed","sticky":false,"template":"","format":"standard","meta":{"footnotes":""},"categories":[105],"tags":[],"class_list":["post-4923","post","type-post","status-publish","format-standard","hentry","category-gundem","odd"],"_links":{"self":[{"href":"http:\/\/www.korhanyilmaz.com\/index.php?rest_route=\/wp\/v2\/posts\/4923","targetHints":{"allow":["GET"]}}],"collection":[{"href":"http:\/\/www.korhanyilmaz.com\/index.php?rest_route=\/wp\/v2\/posts"}],"about":[{"href":"http:\/\/www.korhanyilmaz.com\/index.php?rest_route=\/wp\/v2\/types\/post"}],"author":[{"embeddable":true,"href":"http:\/\/www.korhanyilmaz.com\/index.php?rest_route=\/wp\/v2\/users\/1"}],"replies":[{"embeddable":true,"href":"http:\/\/www.korhanyilmaz.com\/index.php?rest_route=%2Fwp%2Fv2%2Fcomments&post=4923"}],"version-history":[{"count":0,"href":"http:\/\/www.korhanyilmaz.com\/index.php?rest_route=\/wp\/v2\/posts\/4923\/revisions"}],"wp:attachment":[{"href":"http:\/\/www.korhanyilmaz.com\/index.php?rest_route=%2Fwp%2Fv2%2Fmedia&parent=4923"}],"wp:term":[{"taxonomy":"category","embeddable":true,"href":"http:\/\/www.korhanyilmaz.com\/index.php?rest_route=%2Fwp%2Fv2%2Fcategories&post=4923"},{"taxonomy":"post_tag","embeddable":true,"href":"http:\/\/www.korhanyilmaz.com\/index.php?rest_route=%2Fwp%2Fv2%2Ftags&post=4923"}],"curies":[{"name":"wp","href":"https:\/\/api.w.org\/{rel}","templated":true}]}}