{"id":49229,"date":"2012-03-06T08:41:57","date_gmt":"2012-03-06T06:41:57","guid":{"rendered":"http:\/\/www.korhanyilmaz.com\/?p=49229"},"modified":"2012-03-06T11:02:05","modified_gmt":"2012-03-06T09:02:05","slug":"generaller-obamayi-uyardi","status":"publish","type":"post","link":"http:\/\/www.korhanyilmaz.com\/?p=49229","title":{"rendered":"Generaller Obama&#8217;y\u0131 uyard\u0131"},"content":{"rendered":"<p style=\"text-align: center;\"><a href=\"http:\/\/www.korhanyilmaz.com\/wp-content\/uploads\/2012\/03\/9080.jpg\"  class=\"lightview\"><img loading=\"lazy\" decoding=\"async\" class=\"aligncenter  wp-image-49230\" src=\"http:\/\/www.korhanyilmaz.com\/wp-content\/uploads\/2012\/03\/9080.jpg\" alt=\"\" width=\"396\" height=\"180\" \/><\/a><\/p>\n<p style=\"text-align: justify;\">\u0130ran&#8217;a m\u00fcdahale iddialar\u0131 s\u00fcrerken ABD&#8217;li generaller gazete ilan\u0131 ile ABD Ba\u015fkan\u0131 Obama&#8217;ya &#8216;sava\u015fma&#8217; diye seslendi.<\/p>\n<p style=\"text-align: justify;\">\u0130STANBUL &#8211; \u0130srail Ba\u015fbakan\u0131 B\u00fcnyamin Netanyahu\u2019nun \u0130ran\u2019a olas\u0131 bir m\u00fcdahaleyi konu\u015fmak i\u00e7in ABD\u2019ye gitti\u011fi g\u00fcn, Amerikal\u0131 generaller Ba\u015fkan Barack Obama\u2019y\u0131 gazete ilan\u0131 ile \u201csava\u015fa hay\u0131r demesi\u201d i\u00e7in uyard\u0131.\u00a0<!--more--><\/p>\n<p style=\"text-align: justify;\">Amerikal\u0131 generaller Washington Post Gazetesi&#8217;ne verdikleri tam sayfa ilanda, \u201cSay\u0131n Ba\u015fkan, ABD ordusu d\u00fcnyadaki en heybetli askeri g\u00fc\u00e7t\u00fcr. Fakat her meydan okuman\u0131n askeri bir \u00e7\u00f6z\u00fcm\u00fc yoktur. Biz ya da m\u00fcttefiklerimize sald\u0131r\u0131 olmad\u0131k\u00e7a, sava\u015f son se\u00e7enek olmal\u0131d\u0131r. Cesur askerlerimiz sizden onlar\u0131 zorlukla dolu yola g\u00f6ndermeden \u00f6nce t\u00fcm diplomatik ve bar\u0131\u015f\u00e7\u0131l se\u00e7enekleri t\u00fcketmenizi bekliyor. N\u00fckleer silahl\u0131 bir \u0130ran\u2019\u0131 \u00f6nlemek hakl\u0131 olarak sizin \u00f6nceli\u011finiz ve k\u0131rm\u0131z\u0131 \u00e7izginiz. Neyse ki, diplomasi hen\u00fcz t\u00fckenmedi ve bar\u0131\u015f\u00e7\u0131l \u00e7\u00f6z\u00fcm hala m\u00fcmk\u00fcn. \u015eu anda askeri bir harekat sadece gereksiz de\u011fil ayn\u0131 zamanda hem ABD hem de \u0130srail i\u00e7in tehlikeli. Sizi \u0130ran\u2019la sava\u015f se\u00e7ene\u011fi bask\u0131s\u0131na direnmeniz i\u00e7in uyar\u0131yoruz\u201d dediler.<\/p>\n<p style=\"text-align: justify;\">Generallerin mektubunun Obama, Netanyahu\u2019yu ofisinde a\u011f\u0131rlayaca\u011f\u0131 g\u00fcn ve \u0130srail yanl\u0131s\u0131 olarak bilinen lobi grubu AIPAC\u2019te yapt\u0131\u011f\u0131 konu\u015fmadan bir g\u00fcn sonra gelmesi dikkat \u00e7ekti.<\/p>\n<p style=\"text-align: justify;\">T\u00fcm bu geli\u015fmeler sonras\u0131nda d\u00fcn Netanyahu ile Obama Beyaz Saraya\u2019da bir araya geldi. G\u00f6r\u00fc\u015fme \u00f6ncesinde konu\u015fan Obama, kendisinin ve Netanyahu\u2019nun sorunu diplomatik yollarla \u00e7\u00f6zmeyi tercih ettiklerini belirtti.<\/p>\n<p style=\"text-align: justify;\"><a href=\"http:\/\/www.gazeteport.com\/haber\/82949\/generaller_obamayi_uyardi\" target=\"_blank\">Kaynak : GAZETEPORT<\/a><\/p>\n","protected":false},"excerpt":{"rendered":"<p style=\"text-align: center;\">\n<p style=\"text-align: justify;\">\u0130ran&#8217;a m\u00fcdahale iddialar\u0131 s\u00fcrerken ABD&#8217;li generaller gazete ilan\u0131 ile ABD Ba\u015fkan\u0131 Obama&#8217;ya &#8216;sava\u015fma&#8217; diye seslendi.<\/p>\n<p style=\"text-align: justify;\">\u0130STANBUL &#8211; \u0130srail Ba\u015fbakan\u0131 B\u00fcnyamin Netanyahu\u2019nun \u0130ran\u2019a olas\u0131 bir m\u00fcdahaleyi konu\u015fmak i\u00e7in ABD\u2019ye gitti\u011fi g\u00fcn, Amerikal\u0131 generaller Ba\u015fkan Barack Obama\u2019y\u0131 gazete ilan\u0131 ile \u201csava\u015fa hay\u0131r demesi\u201d i\u00e7in uyard\u0131. <\/p>\n","protected":false},"author":1,"featured_media":0,"comment_status":"open","ping_status":"open","sticky":false,"template":"","format":"standard","meta":{"footnotes":""},"categories":[3],"tags":[],"class_list":["post-49229","post","type-post","status-publish","format-standard","hentry","category-dunya","odd"],"_links":{"self":[{"href":"http:\/\/www.korhanyilmaz.com\/index.php?rest_route=\/wp\/v2\/posts\/49229","targetHints":{"allow":["GET"]}}],"collection":[{"href":"http:\/\/www.korhanyilmaz.com\/index.php?rest_route=\/wp\/v2\/posts"}],"about":[{"href":"http:\/\/www.korhanyilmaz.com\/index.php?rest_route=\/wp\/v2\/types\/post"}],"author":[{"embeddable":true,"href":"http:\/\/www.korhanyilmaz.com\/index.php?rest_route=\/wp\/v2\/users\/1"}],"replies":[{"embeddable":true,"href":"http:\/\/www.korhanyilmaz.com\/index.php?rest_route=%2Fwp%2Fv2%2Fcomments&post=49229"}],"version-history":[{"count":0,"href":"http:\/\/www.korhanyilmaz.com\/index.php?rest_route=\/wp\/v2\/posts\/49229\/revisions"}],"wp:attachment":[{"href":"http:\/\/www.korhanyilmaz.com\/index.php?rest_route=%2Fwp%2Fv2%2Fmedia&parent=49229"}],"wp:term":[{"taxonomy":"category","embeddable":true,"href":"http:\/\/www.korhanyilmaz.com\/index.php?rest_route=%2Fwp%2Fv2%2Fcategories&post=49229"},{"taxonomy":"post_tag","embeddable":true,"href":"http:\/\/www.korhanyilmaz.com\/index.php?rest_route=%2Fwp%2Fv2%2Ftags&post=49229"}],"curies":[{"name":"wp","href":"https:\/\/api.w.org\/{rel}","templated":true}]}}