{"id":49226,"date":"2012-03-06T09:37:21","date_gmt":"2012-03-06T07:37:21","guid":{"rendered":"http:\/\/www.korhanyilmaz.com\/?p=49226"},"modified":"2012-03-06T10:59:20","modified_gmt":"2012-03-06T08:59:20","slug":"bu-belgeler-hakan-sukurun-basini-agritacak","status":"publish","type":"post","link":"http:\/\/www.korhanyilmaz.com\/?p=49226","title":{"rendered":"Bu belgeler Hakan \u015e\u00fck\u00fcr&#8217;\u00fcn ba\u015f\u0131n\u0131 a\u011fr\u0131tacak"},"content":{"rendered":"<p style=\"text-align: center;\"><a href=\"http:\/\/www.korhanyilmaz.com\/wp-content\/uploads\/2012\/03\/9079.jpg\"  class=\"lightview\"><img loading=\"lazy\" decoding=\"async\" class=\"aligncenter  wp-image-49227\" src=\"http:\/\/www.korhanyilmaz.com\/wp-content\/uploads\/2012\/03\/9079.jpg\" alt=\"\" width=\"396\" height=\"180\" \/><\/a><\/p>\n<p style=\"text-align: justify;\">Haber Aktif, Hakan \u015e\u00fck\u00fcr&#8217;\u00fcn baz\u0131 meclis oturumlar\u0131na mazaret bildirip kat\u0131lmad\u0131\u011f\u0131 g\u00fcnlerin ak\u015fam\u0131nda Lig TV&#8217;ye \u00e7\u0131k\u0131p yorumculuk yapt\u0131\u011f\u0131n\u0131 belgeledi.<\/p>\n<p style=\"text-align: justify;\">TV 8 ekranlar\u0131nda yay\u0131nlanan Haber Aktif, AKP milletvekili Hakan \u015e\u00fck\u00fcr ve Lig TV tart\u0131\u015fmas\u0131n\u0131 yeni bir boyuta ta\u015f\u0131d\u0131.<\/p>\n<p style=\"text-align: justify;\">G\u00f6kmen Karada\u011f&#8217;\u0131n haz\u0131rlad\u0131\u011f\u0131 programda, Hakan \u015e\u00fck\u00fcr&#8217;\u00fcn 4 Ocak, 1 ve 2 \u015eubat&#8217;ta TBMM \u00e7al\u0131\u015fmalar\u0131na mazeret bildirerek kat\u0131lmad\u0131\u011f\u0131 ama Lig TV yay\u0131n\u0131na \u00e7\u0131kt\u0131\u011f\u0131 belgelendi.\u00a0<!--more--><\/p>\n<p style=\"text-align: justify;\">\u015e\u00fck\u00fcr&#8217;\u00fcn astronomik bir \u00fccretle Lig TV&#8217;de Maraton&#8217;a yorumcu olmas\u0131yla ba\u015flayan tart\u0131\u015fmalar meclise kadar uzan\u0131rken konuyu Haber Aktif&#8217;de mercek alt\u0131na alan gazeteci M\u00fcnir Ko\u00e7aslan \u00e7arp\u0131c\u0131 baz\u0131 belgeler payla\u015ft\u0131.<\/p>\n<p style=\"text-align: justify;\">\u015e\u00fck\u00fcr&#8217;\u00fcn mecliste kat\u0131lmad\u0131\u011f\u0131 baz\u0131 oturumlara Lig TV&#8217;deki i\u015fi nedeniyle kat\u0131lmad\u0131\u011f\u0131n\u0131 ortaya koyan belgelerde eski futbolcunun mazaret bildirdi\u011fi kimi g\u00fcnlerin ak\u015fam\u0131nda canl\u0131 yay\u0131na \u00e7\u0131kt\u0131\u011f\u0131 g\u00f6r\u00fcl\u00fcyor.<\/p>\n<p style=\"text-align: justify;\"><a href=\"http:\/\/www.gazeteport.com\/haber\/82963\/bu_belgeler_hakan_sukurun_basini_agritacak\" target=\"_blank\">Kaynak : GAZETEPORT<\/a><\/p>\n","protected":false},"excerpt":{"rendered":"<p style=\"text-align: center;\">\n<p style=\"text-align: justify;\">Haber Aktif, Hakan \u015e\u00fck\u00fcr&#8217;\u00fcn baz\u0131 meclis oturumlar\u0131na mazaret bildirip kat\u0131lmad\u0131\u011f\u0131 g\u00fcnlerin ak\u015fam\u0131nda Lig TV&#8217;ye \u00e7\u0131k\u0131p yorumculuk yapt\u0131\u011f\u0131n\u0131 belgeledi.<\/p>\n<p style=\"text-align: justify;\">TV 8 ekranlar\u0131nda yay\u0131nlanan Haber Aktif, AKP milletvekili Hakan \u015e\u00fck\u00fcr ve Lig TV tart\u0131\u015fmas\u0131n\u0131 yeni bir boyuta ta\u015f\u0131d\u0131.<\/p>\n<p style=\"text-align: justify;\">G\u00f6kmen Karada\u011f&#8217;\u0131n haz\u0131rlad\u0131\u011f\u0131 programda, Hakan \u015e\u00fck\u00fcr&#8217;\u00fcn 4 Ocak, 1 ve <\/p>\n","protected":false},"author":1,"featured_media":0,"comment_status":"open","ping_status":"open","sticky":false,"template":"","format":"standard","meta":{"footnotes":""},"categories":[105],"tags":[],"class_list":["post-49226","post","type-post","status-publish","format-standard","hentry","category-gundem","odd"],"_links":{"self":[{"href":"http:\/\/www.korhanyilmaz.com\/index.php?rest_route=\/wp\/v2\/posts\/49226","targetHints":{"allow":["GET"]}}],"collection":[{"href":"http:\/\/www.korhanyilmaz.com\/index.php?rest_route=\/wp\/v2\/posts"}],"about":[{"href":"http:\/\/www.korhanyilmaz.com\/index.php?rest_route=\/wp\/v2\/types\/post"}],"author":[{"embeddable":true,"href":"http:\/\/www.korhanyilmaz.com\/index.php?rest_route=\/wp\/v2\/users\/1"}],"replies":[{"embeddable":true,"href":"http:\/\/www.korhanyilmaz.com\/index.php?rest_route=%2Fwp%2Fv2%2Fcomments&post=49226"}],"version-history":[{"count":0,"href":"http:\/\/www.korhanyilmaz.com\/index.php?rest_route=\/wp\/v2\/posts\/49226\/revisions"}],"wp:attachment":[{"href":"http:\/\/www.korhanyilmaz.com\/index.php?rest_route=%2Fwp%2Fv2%2Fmedia&parent=49226"}],"wp:term":[{"taxonomy":"category","embeddable":true,"href":"http:\/\/www.korhanyilmaz.com\/index.php?rest_route=%2Fwp%2Fv2%2Fcategories&post=49226"},{"taxonomy":"post_tag","embeddable":true,"href":"http:\/\/www.korhanyilmaz.com\/index.php?rest_route=%2Fwp%2Fv2%2Ftags&post=49226"}],"curies":[{"name":"wp","href":"https:\/\/api.w.org\/{rel}","templated":true}]}}