{"id":49222,"date":"2012-03-06T09:39:35","date_gmt":"2012-03-06T07:39:35","guid":{"rendered":"http:\/\/www.korhanyilmaz.com\/?p=49222"},"modified":"2012-03-06T10:55:42","modified_gmt":"2012-03-06T08:55:42","slug":"eski-balyoz-hakimine-rusvetten-ihrac","status":"publish","type":"post","link":"http:\/\/www.korhanyilmaz.com\/?p=49222","title":{"rendered":"Eski Balyoz h\u00e2kimine r\u00fc\u015fvetten ihra\u00e7"},"content":{"rendered":"<p style=\"text-align: center;\"><a href=\"http:\/\/www.korhanyilmaz.com\/wp-content\/uploads\/2012\/03\/9078.jpg\"  class=\"lightview\"><img loading=\"lazy\" decoding=\"async\" class=\"aligncenter  wp-image-49223\" src=\"http:\/\/www.korhanyilmaz.com\/wp-content\/uploads\/2012\/03\/9078.jpg\" alt=\"\" width=\"210\" height=\"210\" \/><\/a><\/p>\n<p style=\"text-align: justify;\">H\u00e2kimler ve Savc\u0131lar Y\u00fcksek Kurulu (HSYK), bir d\u00f6nem Balyoz davas\u0131n\u0131n g\u00f6r\u00fcld\u00fc\u011f\u00fc \u0130stanbul 10. A\u011f\u0131r Ceza Mahkemesi&#8217;nin ba\u015fkanl\u0131\u011f\u0131n\u0131 da yapan Zafer Ba\u015fkurt&#8217;a meslekten ihra\u00e7 cezas\u0131 verdi.<\/p>\n<p style=\"text-align: justify;\">Tefti\u015f Kurulu Ba\u015fkanl\u0131\u011f\u0131, Ba\u015fkurt hakk\u0131nda 25 A\u011fustos 2009&#8217;da soru\u015fturma a\u00e7m\u0131\u015f ve &#8216;uyu\u015fturucu san\u0131klar\u0131yla yak\u0131n ili\u015fki i\u00e7inde bulunmak ve para kar\u015f\u0131l\u0131\u011f\u0131 tahliye s\u00f6z\u00fc vermek&#8217; iddias\u0131yla rapor haz\u0131rlam\u0131\u015ft\u0131. M\u00fcfetti\u015flerin g\u00f6rev yerinin de\u011fi\u015ftirilmesini istemesi \u00fczerine HSYK, soru\u015fturman\u0131n selameti i\u00e7in oybirli\u011fiyle Ba\u015fkurt&#8217;un \u00f6zel yetkisini kald\u0131rarak Gebze&#8217;ye tayin etmi\u015fti. Ba\u015fkurt, ihra\u00e7 karar\u0131ndan \u00f6nce emekli oldu\u011fu i\u00e7in \u00f6zl\u00fck haklar\u0131n\u0131 kaybetmeyecek ancak avukatl\u0131k yapamayacak.\u00a0<!--more--><\/p>\n<p style=\"text-align: justify;\">HSYK, &#8216;resmi s\u0131fatlar\u0131n\u0131n gerektirdi\u011fi sayg\u0131nl\u0131k ve g\u00fcven duygusunu sarsacak nitelikte davran\u0131\u015flarda bulunma, irtik\u00e2pta bulunma ve r\u00fc\u015fvet alma iddias\u0131yla&#8217; hakk\u0131nda soru\u015fturma y\u00fcr\u00fct\u00fclen eski Balyoz davas\u0131 hakimi Zafer Ba\u015fkurt&#8217;un meslekten ihrac\u0131na karar verdi. Daire, Ba\u015fkurt&#8217;a ihra\u00e7 karar\u0131n\u0131 tebli\u011f etti. Balyoz davas\u0131n\u0131n g\u00f6r\u00fcld\u00fc\u011f\u00fc \u0130stanbul 10. A\u011f\u0131r Ceza Mahkemesi Ba\u015fkan\u0131 Zafer Ba\u015fkurt hakk\u0131nda Adalet Bakanl\u0131\u011f\u0131 m\u00fcfetti\u015fleri 25 A\u011fustos 2009&#8217;da soru\u015fturma ba\u015flatm\u0131\u015ft\u0131. \u0130hra\u00e7 karar\u0131na kar\u015f\u0131 Ba\u015fkurt&#8217;un Kurul&#8217;a itiraz etme ve Dan\u0131\u015ftay&#8217;a dava a\u00e7ma hakk\u0131 bulunuyor. Ba\u015fkurt, ihra\u00e7 karar\u0131ndan \u00f6nce emekliye ayr\u0131ld\u0131\u011f\u0131 i\u00e7in kazan\u0131lm\u0131\u015f haklar\u0131n\u0131 koruyacak. Ancak emeklili\u011fi sonras\u0131nda avukatl\u0131k yapamayacak. Ba\u015fkurt, g\u00f6rev yerinin de\u011fi\u015ftirilmesinden bir s\u00fcre sonra emekliye ayr\u0131lm\u0131\u015ft\u0131.<\/p>\n<p style=\"text-align: justify;\">Zafer Ba\u015fkurt&#8217;un ismi daha \u00f6nce Ergenekon soru\u015fturmas\u0131 kapsam\u0131nda &#8216;adil yarg\u0131lamay\u0131 etkileme&#8217; operasyonunda da g\u00fcndeme gelmi\u015fti. Operasyonda g\u00f6zalt\u0131na al\u0131nan eski Adalet Bakan\u0131 Seyfi Oktay ve avukat baz\u0131 san\u0131klarla telefon konu\u015fmalar\u0131 dosyaya giren Erkan Canak ve Ba\u015fkurt&#8217;un, Seyfi Oktay arac\u0131l\u0131\u011f\u0131yla HSYK eski Ba\u015fkanvekili Kadir \u00d6zbek&#8217;le bir araya gelip g\u00f6r\u00fc\u015ft\u00fckleri ortaya \u00e7\u0131km\u0131\u015ft\u0131. \u00d6zbek&#8217;in, Ergenekon kararlar\u0131n\u0131 etkileyecek atamalar i\u00e7in iki ba\u015fkandan baz\u0131 isteklerde bulundu\u011fu telefon dinlemelerine tak\u0131lm\u0131\u015ft\u0131.<\/p>\n<p style=\"text-align: justify;\"><a href=\"http:\/\/www.gazeteport.com\/haber\/82964\/eski_balyoz_hakimine_rusvetten_ihrac\" target=\"_blank\">Kaynak : GAZETEPORT<\/a><\/p>\n","protected":false},"excerpt":{"rendered":"<p style=\"text-align: center;\">\n<p style=\"text-align: justify;\">H\u00e2kimler ve Savc\u0131lar Y\u00fcksek Kurulu (HSYK), bir d\u00f6nem Balyoz davas\u0131n\u0131n g\u00f6r\u00fcld\u00fc\u011f\u00fc \u0130stanbul 10. A\u011f\u0131r Ceza Mahkemesi&#8217;nin ba\u015fkanl\u0131\u011f\u0131n\u0131 da yapan Zafer Ba\u015fkurt&#8217;a meslekten ihra\u00e7 cezas\u0131 verdi.<\/p>\n<p style=\"text-align: justify;\">Tefti\u015f Kurulu Ba\u015fkanl\u0131\u011f\u0131, Ba\u015fkurt hakk\u0131nda 25 A\u011fustos 2009&#8217;da soru\u015fturma a\u00e7m\u0131\u015f ve &#8216;uyu\u015fturucu san\u0131klar\u0131yla yak\u0131n ili\u015fki i\u00e7inde bulunmak ve para kar\u015f\u0131l\u0131\u011f\u0131 tahliye s\u00f6z\u00fc vermek&#8217; <\/p>\n","protected":false},"author":1,"featured_media":0,"comment_status":"open","ping_status":"open","sticky":false,"template":"","format":"standard","meta":{"footnotes":""},"categories":[105],"tags":[],"class_list":["post-49222","post","type-post","status-publish","format-standard","hentry","category-gundem","odd"],"_links":{"self":[{"href":"http:\/\/www.korhanyilmaz.com\/index.php?rest_route=\/wp\/v2\/posts\/49222","targetHints":{"allow":["GET"]}}],"collection":[{"href":"http:\/\/www.korhanyilmaz.com\/index.php?rest_route=\/wp\/v2\/posts"}],"about":[{"href":"http:\/\/www.korhanyilmaz.com\/index.php?rest_route=\/wp\/v2\/types\/post"}],"author":[{"embeddable":true,"href":"http:\/\/www.korhanyilmaz.com\/index.php?rest_route=\/wp\/v2\/users\/1"}],"replies":[{"embeddable":true,"href":"http:\/\/www.korhanyilmaz.com\/index.php?rest_route=%2Fwp%2Fv2%2Fcomments&post=49222"}],"version-history":[{"count":0,"href":"http:\/\/www.korhanyilmaz.com\/index.php?rest_route=\/wp\/v2\/posts\/49222\/revisions"}],"wp:attachment":[{"href":"http:\/\/www.korhanyilmaz.com\/index.php?rest_route=%2Fwp%2Fv2%2Fmedia&parent=49222"}],"wp:term":[{"taxonomy":"category","embeddable":true,"href":"http:\/\/www.korhanyilmaz.com\/index.php?rest_route=%2Fwp%2Fv2%2Fcategories&post=49222"},{"taxonomy":"post_tag","embeddable":true,"href":"http:\/\/www.korhanyilmaz.com\/index.php?rest_route=%2Fwp%2Fv2%2Ftags&post=49222"}],"curies":[{"name":"wp","href":"https:\/\/api.w.org\/{rel}","templated":true}]}}