{"id":49218,"date":"2012-03-06T07:41:17","date_gmt":"2012-03-06T05:41:17","guid":{"rendered":"http:\/\/www.korhanyilmaz.com\/?p=49218"},"modified":"2012-03-06T10:50:58","modified_gmt":"2012-03-06T08:50:58","slug":"erdoganin-2-yil-omru-kaldi","status":"publish","type":"post","link":"http:\/\/www.korhanyilmaz.com\/?p=49218","title":{"rendered":"&#8220;Erdo\u011fan&#8217;\u0131n 2 y\u0131l \u00f6mr\u00fc kald\u0131&#8221;"},"content":{"rendered":"<p style=\"text-align: center;\"><a href=\"http:\/\/www.korhanyilmaz.com\/wp-content\/uploads\/2012\/03\/9077.jpg\"  class=\"lightview\"><img loading=\"lazy\" decoding=\"async\" class=\"aligncenter  wp-image-49219\" src=\"http:\/\/www.korhanyilmaz.com\/wp-content\/uploads\/2012\/03\/9077.jpg\" alt=\"\" width=\"396\" height=\"180\" \/><\/a><\/p>\n<p style=\"text-align: justify;\">Ba\u015fbakan\u2019\u0131n ameliyat\u0131 sonras\u0131nda Faruk Demir adl\u0131 kayna\u011f\u0131n\u0131n istihbarat\u0131n\u0131 de\u011ferlendiren Stratfor&#8217;dan \u015foke eden iddia.<\/p>\n<p style=\"text-align: justify;\">Ba\u015fbakan\u2019\u0131n ameliyat\u0131 sonras\u0131nda Faruk Demir adl\u0131 kayna\u011f\u0131n\u0131n istihbarat\u0131n\u0131 de\u011ferlendiren Stratfor, doktorlar\u0131n\u0131n Erdo\u011fan\u2019a iki y\u0131l \u00f6m\u00fcr bi\u00e7ti\u011fini yazd\u0131.<\/p>\n<p style=\"text-align: justify;\">Taraf gazetesinin haberine g\u00f6rei Stratfor\u2019un son d\u00f6nem yaz\u0131\u015fma ve raporlar\u0131nda Ba\u015fbakan Erdo\u011fan\u2019\u0131n sa\u011fl\u0131\u011f\u0131yla ilgili bilgi ve tahminler geni\u015f yer tutuyor. Bu kapsamda, \u201cTR325\u201d kod adl\u0131 Faruk Demir isimli ve Stratfor\u2019dan y\u0131lda 20 bin dolar maa\u015fl\u0131 enerji uzman\u0131n\u0131n kurulu\u015fa verdi\u011fi istihbarat \u00f6ne \u00e7\u0131k\u0131yor. Bu \u201cspek\u00fclatif\u201d istihbarat\u0131n dayand\u0131r\u0131ld\u0131\u011f\u0131 kaynak ise, \u201cBa\u015fbakan Erdo\u011fan\u2019\u0131 ameliyat eden ekibin ba\u015f\u0131ndaki cerrah\u201d olarak Stratfor yaz\u0131\u015fmalar\u0131na girmi\u015f.\u00a0<!--more--><\/p>\n<p style=\"text-align: justify;\">Stratfor uzmanlar\u0131 aras\u0131nda ge\u00e7en ve WikiLeaks\u2019in bug\u00fcn d\u00fcnyaya duyuraca\u011f\u0131 elektronik postada \u015fu de\u011ferlendirmeler yer al\u0131yor:<\/p>\n<p style=\"text-align: justify;\">Tarih: 10\/12\/2011 20:04:53<\/p>\n<p style=\"text-align: justify;\">Kimden: bhalla@stratfor.com<\/p>\n<p style=\"text-align: justify;\">Kime: alpha@stratfor.com Metin<\/p>\n<p style=\"text-align: justify;\">KAYNAK: TR325 ve onun i\u015f orta\u011f\u0131<\/p>\n<p style=\"text-align: justify;\">ATFED\u0130LECEK K\u0130\u015e\u0130: STRATFOR kayna\u011f\u0131<\/p>\n<p style=\"text-align: justify;\">KAYNAK TAR\u0130F\u0130: T\u00fcrkiye\u2019de Milli G\u00fcvenlik Kurulu\u2019nun eski bir \u00fcyesi, Erdo\u011fan\u2019\u0131n dan\u0131\u015fman\u0131 ve enerji uzman\u0131 bir m\u00fczakereci<\/p>\n<p style=\"text-align: justify;\">YAYINLANMA DURUMU: Evet<\/p>\n<p style=\"text-align: justify;\">KAYNAK G\u00dcVEN\u0130L\u0130RL\u0130\u011e\u0130: B<\/p>\n<p style=\"text-align: justify;\">UNSUR G\u00dcVEN\u0130L\u0130RL\u0130\u011e\u0130: B<\/p>\n<p style=\"text-align: justify;\">\u00d6ZEL MUAMELE: Alpha<\/p>\n<p style=\"text-align: justify;\">KAYNAKLA \u0130L\u0130\u015eK\u0130 KURAN: Reva TR325\u2019in i\u015f orta\u011f\u0131n\u0131n eski bir s\u0131n\u0131f arkada\u015f\u0131, Erdo\u011fan\u2019\u0131n ge\u00e7irdi\u011fi son ameliyat\u0131 (Ba\u015fbakan\u2019\u0131n 26 Kas\u0131m 2011\u2019deki ilk ameliyat\u0131 kastediliyor) yapan ekibin ba\u015f\u0131ndaki cerrahm\u0131\u015f. Bu cerrah Erdo\u011fan\u2019\u0131n kolon kanseri oldu\u011funu, ancak metastas yap\u0131p yapmad\u0131\u011f\u0131n\u0131 g\u00f6rmek i\u00e7in gerekli olan ikinci biyopsi sonu\u00e7lar\u0131n\u0131 hen\u00fcz g\u00f6rmediklerini s\u00f6yledi. Son ameliyatta, Erdo\u011fan\u2019\u0131n kal\u0131n ba\u011f\u0131rsa\u011f\u0131ndan 20 santimetre kesmi\u015fler. (Ortalama bir kal\u0131n ba\u011f\u0131rsa\u011f\u0131n uzunlu\u011funun 1.5 metre oldu\u011funu ara\u015ft\u0131r\u0131p buldum.) Bu hakikaten \u00f6nemli bir ameliyat. Erdo\u011fan bir s\u00fcre i\u00e7in seyahat edemeyecek ve en az iki-\u00fc\u00e7 ay boyunca yan\u0131nda bir kolonoskopi torbas\u0131 ta\u015f\u0131mas\u0131 gerekecek. (Ba\u015fbakan\u2019\u0131n 10 \u015fubatta ge\u00e7irdi\u011fi ikinci ameliyatta bu torban\u0131n al\u0131nd\u0131\u011f\u0131 daha sonra medyaya yans\u0131d\u0131.) Ancak prognoz (hastal\u0131\u011f\u0131n gidi\u015fat\u0131na ili\u015fkin \u00f6ng\u00f6r\u00fc) pek iyi g\u00f6r\u00fcnm\u00fcyor. Cerrah, Erdo\u011fan\u2019\u0131n iki y\u0131l\u0131 kald\u0131\u011f\u0131 tahmininde bulunduklar\u0131n\u0131 s\u00f6ylemi\u015f.<\/p>\n<p style=\"text-align: justify;\">Bunun AKP i\u00e7inde b\u00fcy\u00fck \u00e7atlaklara yol a\u00e7mas\u0131 y\u00fcksek ihtimal. G\u00fcl\u2019\u00fcn fazla bir deste\u011fi yok. Davuto\u011flu herkesin onun alt\u0131n\u0131 oymaya \u00e7al\u0131\u015ft\u0131\u011f\u0131 konusunda paranoyak (onunla TR325 aras\u0131nda kesin bir \u00e7eki\u015fme var.) Erdo\u011fan\u2019\u0131n kime g\u00fcvendi\u011fini sordu\u011fumda, iki isim zikredildi \u2013Ali Babacan (Ba\u015fbakan Yard\u0131mc\u0131s\u0131) ve Taner Y\u0131ld\u0131z (Enerji Bakan\u0131.) \u0130ki kaynak da ABD\u2019nin bu duruma nas\u0131l bir bir tepki vermesinin beklenebilece\u011fini soruyorlard\u0131. CHP h\u00e2l\u00e2 \u00e7ok b\u00f6l\u00fcnm\u00fc\u015f bir halde. \u0130ki kaynak da ordunun bu durumdan avantaj sa\u011flayamayaca\u011f\u0131n\u0131 d\u00fc\u015f\u00fcn\u00fcr gibi g\u00f6r\u00fcn\u00fcyorlard\u0131.<\/p>\n<p style=\"text-align: justify;\">Suriye konusunda konu\u015fmam\u0131z T\u00fcrkiye\u2019nin fiilen ne kadar ileri gidece\u011fi \u00fczerine odakland\u0131. TR325, T\u00fcrk plan\u0131n\u0131n Suriye\u2019de i\u00e7 sava\u015f \u00fczerine odakland\u0131\u011f\u0131n\u0131 a\u00e7\u0131klad\u0131. Resm\u00ee olarak, FSA\u2019ya (H\u00fcr Suriye Ordusu) e\u011fitim, silah ve destek sa\u011flayan T\u00fcrkiye\u2019dir. Gayr\u0131resm\u00ee d\u00fczeyde ise, bu g\u00f6rev i\u00e7in SOF\u2019u (\u00d6zel Operasyon G\u00fc\u00e7lerini) sahaya s\u00fcrerek ABD ve T\u00fcrkiye bunu birlikte yap\u0131yorlar. \u015eimdi bas\u0131nda Suriye\u2019de i\u00e7 sava\u015f\u0131n \u00e7\u0131kaca\u011f\u0131 konusundaki onca l\u00e2fa bak\u0131n. T\u00fcrkiye ile ABD\u2019nin kurmak istedi\u011fi anlat\u0131 bu. Ben, Alevi g\u00fc\u00e7lerinin h\u00e2l\u00e2 birlikte davrand\u0131\u011f\u0131na dikkat \u00e7ekerek, i\u00e7 sava\u015f \u2013kom\u015fu mahalleler aras\u0131nda fiil\u00ee \u00e7at\u0131\u015fmalar\u2014i\u00e7in \u015fartlar\u0131n yarat\u0131lmas\u0131n\u0131n olduk\u00e7a zor oldu\u011funa i\u015faret ettim ama o, bunun iki ay i\u00e7inde t\u0131rmanabilece\u011fini d\u00fc\u015f\u00fcn\u00fcyor gibiydi. Bunun olmas\u0131 i\u00e7in \u00e7al\u0131\u015ft\u0131klar\u0131n\u0131 da s\u00f6ylemeden s\u00f6yledi. (Elektronik posta mesaj\u0131nda kullan\u0131lan ifade aynen bu, \u201cs\u00f6ylemeden s\u00f6yledi.\u201d) Bunun pis bir i\u015f olaca\u011f\u0131n\u0131, Suriye\u2019de bir S\u00fcnni iktidar\u0131n ortaya \u00e7\u0131kmas\u0131n\u0131n \u00e7ok kan ve zaman gerektirece\u011fini o da teslim ediyor ama T\u00fcrkiye\u2019nin buna mecbur oldu\u011funu s\u00f6yl\u00fcyor.<\/p>\n<p style=\"text-align: justify;\">\u0130\u00e7 sava\u015f ko\u015fullar\u0131ndan kaynaklanacak istikrars\u0131zl\u0131\u011f\u0131n \u00f6n\u00fcne ge\u00e7meye y\u00f6nelik T\u00fcrk plan\u0131, Suriye topraklar\u0131 i\u00e7inde 5 ile 40 km aras\u0131nda bir tampon b\u00f6lge olu\u015fturmak ve m\u00fclteci kamplar\u0131 kurmak. T\u00fcrkiye\u2019yi bundan vazge\u00e7irmek i\u00e7in, \u0130ran\u2019\u0131n ve Suriye\u2019nin elinde PKK konusunda nas\u0131l kozlar oldu\u011funu sordum. O, (yar\u0131 \u015faka bi\u00e7imde) Karay\u0131lan\u2019\u0131n T\u00fcrkiye\u2019nin adam\u0131 oldu\u011funu s\u00f6yledi (yani T\u00fcrkiye onunla fiilen m\u00fczakere edebilirdi.) Ama PKK\u2019n\u0131n \u00fc\u00e7 numaral\u0131 liderinin (bu adam\u0131n ad\u0131n\u0131 h\u00e2l\u00e2 bulmam gerekiyor) Suriye ve \u0130ran\u2019\u0131n s\u00f6z\u00fcn\u00fc dinledi\u011fini s\u00f6yledi. T\u00fcrkiye bunu \u00e7ok iyi biliyor ve o, Suriye\u2019nin ve \u0130ran\u2019\u0131n bu fraksiyon \u00fczerinden sald\u0131r\u0131 tehdidinde bulunmak i\u00e7in h\u00e2lihaz\u0131rda zaten giri\u015fim yapt\u0131klar\u0131n\u0131 s\u00f6yl\u00fcyor.<\/p>\n<p style=\"text-align: justify;\"><strong>KAFAMDA B\u0130R \u00c7OK SORU VAR<\/strong><\/p>\n<p style=\"text-align: justify;\">Erdo\u011fan\u2019\u0131n sa\u011fl\u0131\u011f\u0131yla ilgili olarak AKP\u2019nin i\u00e7inde ortaya \u00e7\u0131kmas\u0131 muhtemel istikrars\u0131zl\u0131k d\u00fc\u015f\u00fcn\u00fcld\u00fc\u011f\u00fcnde, T\u00fcrkiye, Suriye\u2019de i\u00e7 sava\u015f \u00e7\u0131kmas\u0131na yard\u0131mc\u0131 olmak gibi ger\u00e7ekten de cesur d\u0131\u015f politika ad\u0131mlar\u0131 atabilir mi?<\/p>\n<p style=\"text-align: justify;\">T\u00fcrkiye, Suriye ve \u0130ran\u2019\u0131n PKK kart\u0131n\u0131 oynama imk\u00e2n\u0131na sahip olduklar\u0131ndan \u00e7ok emin g\u00f6r\u00fcn\u00fcyor. Bu riski niye als\u0131n?<\/p>\n<p style=\"text-align: justify;\">T\u00fcrkiye Suriye\u2019de b\u00fcy\u00fck bir m\u00fclteci kriziyle u\u011fra\u015facaklar\u0131n\u0131 biliyor \u2013 niye bu durumu h\u0131zland\u0131rs\u0131n?<\/p>\n<p style=\"text-align: justify;\">(E-postan\u0131n sonraki b\u00f6l\u00fcm\u00fcnde Azerbaycan\u2019\u0131n do\u011falgaz ihracat\u0131 ve Trinidad ve Tobago\u2019ya denizalt\u0131 sat\u0131\u015f\u0131 gibi, mesaj\u0131n ana konusuyla ilgisiz ayr\u0131nt\u0131lar var. O b\u00f6l\u00fcm\u00fc aktarm\u0131yoruz.)<\/p>\n<p style=\"text-align: justify;\"><strong>K\u00dcLL\u0130YEN YALAN<\/strong><\/p>\n<p style=\"text-align: justify;\">Stratfor\u2019un \u201cderin posta\u201ds\u0131na yans\u0131yan iddia, Ba\u015fbakan Erdo\u011fan\u2019\u0131n ameliyat\u0131n\u0131 ger\u00e7ekle\u015ftiren ekibin ba\u015f\u0131 Prof. Dr. Dursun Bu\u011fra taraf\u0131ndan yalanland\u0131.<\/p>\n<p style=\"text-align: justify;\">Bu\u011fra, s\u00f6z konusu mesaj\u0131n kendisine okunmas\u0131 \u00fczerine, \u201cTamamen dedikodu, ben bu konuda b\u00f6yle bir m\u00fclahazada bulunmad\u0131m\u201d dedi. Mesajdaki de\u011ferlendirmenin i\u00e7erik olarak ger\u00e7e\u011fi yans\u0131t\u0131p yans\u0131tmad\u0131\u011f\u0131, b\u00f6yle bir prognozda bulunulup bulunulamayaca\u011f\u0131 konusundaki sorumuza Prof. Dr. Bu\u011fra \u015fu yan\u0131t\u0131 verdi:<\/p>\n<p style=\"text-align: justify;\">\u201cK\u00fclliyen yalan ifadelerdir. Bu ifadeler Ba\u015fbakan\u2019\u0131n sa\u011fl\u0131\u011f\u0131yla ilgili ger\u00e7e\u011fi yans\u0131tmamaktad\u0131r ve benim de b\u00f6yle bir ifadem olmam\u0131\u015ft\u0131r. Bir kere, bir hasta hakk\u0131nda etik olarak kimseye b\u00f6yle bir bilgi verme hakk\u0131m\u0131z yoktur. Ba\u015fbakan\u2019\u0131n sa\u011fl\u0131\u011f\u0131yla ilgili olarak da zaten b\u00fct\u00fcn a\u00e7\u0131klamalar, benim taraf\u0131mdan de\u011fil, her zaman resm\u00ee kanallardan yap\u0131lm\u0131\u015ft\u0131r.\u201d<\/p>\n<p style=\"text-align: justify;\"><strong>ORTADA T\u00dcM\u00d6R B\u0130LE YOK<\/strong><\/p>\n<p style=\"text-align: justify;\">Ba\u015fbakan\u2019\u0131n annesi merhume Tenzile Erdo\u011fan\u2019\u0131 ameliyat eden ve Ba\u015fbakan\u2019\u0131n ameliyat\u0131n\u0131 ger\u00e7ekle\u015ftiren ekipte yer alan Prof. Dr. Hasan Ta\u015f\u00e7\u0131 da Taraf\u2019\u0131n sorular\u0131n\u0131 yan\u0131tlad\u0131. Prof. Dr. Ta\u015f\u00e7\u0131, Stratfor\u2019un iddias\u0131n\u0131 kendisine iletti\u011fimizde, \u201cBen ekibin ba\u015f\u0131 de\u011fildim. Sadece g\u00f6zetmen olarak ameliyata kat\u0131ld\u0131m ama Ba\u015fbakan\u2019\u0131n sa\u011fl\u0131\u011f\u0131yla ilgili b\u00f6yle bir de\u011ferlendirme yap\u0131lamaz\u201d dedi. Erdo\u011fan\u2019\u0131n ikinci ameliyat sonras\u0131ndaki durumunu ve Stratfor\u2019un \u201columsuz prognoz\u201d iddias\u0131n\u0131 teyid eden bir endi\u015fenin olup olmad\u0131\u011f\u0131n\u0131 sordu\u011fumuz Prof. Dr. Ta\u015f\u00e7\u0131 \u015fu yan\u0131t\u0131 verdi:<\/p>\n<p style=\"text-align: justify;\">\u201cHay\u0131r, kesinlikle b\u00f6yle bir \u015fey s\u00f6ylenemez. Ortada kanser filan yok. Ortada t\u00fcm\u00f6r yok ki b\u00f6yle bir \u015fey s\u00f6ylenebilsin. T\u0131bb\u00ee a\u00e7\u0131dan bu de\u011ferlendirme kesinlikle do\u011fru de\u011fil.\u201d<\/p>\n<p style=\"text-align: justify;\"><strong>\u0130ST\u0130HBARATI AKTARAN TR325 K\u0130MD\u0130R<\/strong><\/p>\n<p style=\"text-align: justify;\">Stratfor\u2019un \u201cTR 325\u201d olarak kodlad\u0131\u011f\u0131 kayna\u011f\u0131n Faruk Demir oldu\u011fu, yukar\u0131daki yaz\u0131\u015fmadan de\u011fil ama kurulu\u015fun WikiLeaks taraf\u0131ndan elde edilen be\u015f milyondan fazla elektronik postas\u0131 kapsam\u0131ndaki bir\u00e7ok not ve ifadeden a\u00e7\u0131k\u00e7a anla\u015f\u0131l\u0131yor.<\/p>\n<p style=\"text-align: justify;\">Kendisini daha ziyade \u201cAKP h\u00fck\u00fcmetine yak\u0131n enerji uzman\u0131,\u201d bazen de, \u201cBa\u015fbakan\u2019\u0131n enerji konular\u0131ndaki dan\u0131\u015fman\u0131\u201d olarak tan\u0131tan Demir\u2019in, Ankara\u2019daki Amerikan B\u00fcy\u00fckel\u00e7ili\u011fi ile yak\u0131n temasta oldu\u011fu da daha \u00f6nce WikiLeaks taraf\u0131ndan elde edilen ABD diplomatik yaz\u0131\u015fmalar\u0131nda ortaya \u00e7\u0131km\u0131\u015ft\u0131. Demir, Stratfor\u2019un \u201cderin posta\u201ds\u0131nda oldu\u011fu gibi baz\u0131 Amerikan kriptolar\u0131na da \u201cMilli G\u00fcvenlik Kurulu\u2019nun eski bir \u00fcyesi\u201d s\u0131fat\u0131yla tan\u0131t\u0131lm\u0131\u015ft\u0131.<\/p>\n<p style=\"text-align: justify;\">Demir\u2019in Stratfor\u2019la maddi ba\u011f\u0131n\u0131 ortaya koyan yaz\u0131\u015fmalar da bu \u201cderin posta\u201dn\u0131n par\u00e7as\u0131. \u00d6rne\u011fin, 28 Nisan 2011\u2019de Stratfor Ba\u015fkan\u0131 George Friedman ile e\u015fi Meredith Friedman\u2019a yazan \u015fimdiki T\u00dcS\u0130AD Washington Temsilcisi Emre Do\u011fru, \u201cHey George, Faruk ayl\u0131k \u00f6demelerin iyi olaca\u011f\u0131n\u0131 s\u00f6yl\u00fcyor. A\u015fa\u011f\u0131da onun bankadaki dolar hesab\u0131 bilgisi var. Enformasyon toplamak konusunda ben onunla temastay\u0131m\u201d demi\u015f. 12 May\u0131s 2011\u2019de ise, Meredith Friedman, Stratfor \u00e7al\u0131\u015fan\u0131 Rob Bassetti\u2019ye, Faruk Demir\u2019in Garanti Bankas\u0131\u2019ndaki hesap bilgilerini g\u00f6nderiyor ve kendisine yap\u0131lacak \u00f6demeyi \u201cE\u015fit ayl\u0131k miktarlara b\u00f6l\u00fcnecek \u015fekilde 20 bin (dolar) \u201d olarak tarif ediyor.<\/p>\n<p style=\"text-align: justify;\">Bu maddi ili\u015fkinin ge\u00e7mi\u015fini ise 23 Aral\u0131k 2010 tarihli \u201cFaruk Demir\u2019i kazanmak\u201d ba\u015fl\u0131kl\u0131 e-postada buluyoruz. Emre Do\u011fru o tarihte George Friedman, Reva Bhalla ve di\u011ferlerine \u015f\u00f6yle yazm\u0131\u015f:<\/p>\n<p style=\"text-align: justify;\">\u201cBildi\u011finiz gibi, George, Meredith ve ben \u0130stanbul\u2019da Frauk Demir\u2019le ak\u015fam yeme\u011fi yedik. Faruk, Reva\u2019yla benim ilk kez martta tan\u0131\u015ft\u0131\u011f\u0131m\u0131z ve o zamandan beri benim \u00f6zellikle enerji konular\u0131nda temasta oldu\u011fum biri. George\u2019la yapt\u0131\u011f\u0131m\u0131z toplant\u0131da Faruk daha a\u00e7\u0131k davrand\u0131 ve AKP\u2019den Suudi Arabistan\u2019a, \u0130ran\u2019la ili\u015fkilere kadar \u00e7ok farkl\u0131 konulardan bahsettik. Toplant\u0131dan sonra George bana Faruk\u2019la ilgili bir \u015fey yapmam\u0131 s\u00f6ylemedi ama toplant\u0131 s\u0131ras\u0131nda George\u2019un bu adama sahip olmak istedi\u011fini farkettim. George, ABD\u2019ye geldi\u011fi zaman Faruk\u2019la g\u00f6r\u00fc\u015fmek istedi\u011fini ve onu kendi i\u015flerine yard\u0131mc\u0131 olmas\u0131 i\u00e7in enerji sekt\u00f6r\u00fcnden insanlarla tan\u0131\u015ft\u0131raca\u011f\u0131n\u0131 s\u00f6yledi. George ve Meredith yemekten ayr\u0131ld\u0131ktan sonra, Faruk ve ben bir s\u00fcre daha konu\u015fmay\u0131 s\u00fcrd\u00fcrd\u00fck ve daha ziyade i\u00e7 politikadan bahsettik. Beni eve b\u0131rakt\u0131. Bana arada s\u0131rada ABD B\u00fcy\u00fckel\u00e7ili\u011fi ve Konsoloslu\u011fu i\u00e7in \u00e7al\u0131\u015ft\u0131\u011f\u0131n\u0131, Erdo\u011fan\u2019a ve anamuhalefet liderine konferanslar verdi\u011fini vs. anlatt\u0131. Bana ayr\u0131ca ge\u00e7mi\u015fte CIA ajan\u0131 olmakla itham edildi\u011fini ve bir s\u00fcre Erdo\u011fan\u2019la aras\u0131n\u0131n bozuldu\u011funu s\u00f6yledi. Eve d\u00f6n\u00fcnce, a\u00e7\u0131k kaynaklardan onun hakk\u0131nda bir ara\u015ft\u0131rma yapt\u0131m ve baz\u0131 gazete makalelerinde ad\u0131n\u0131n a\u00e7\u0131k\u00e7a eskiden resm\u00ee bir g\u00f6revi olmaks\u0131z\u0131n Ba\u015fbakanl\u0131k Ofisi\u2019nde \u00e7al\u0131\u015fan bir CIA ajan\u0131 olarak ge\u00e7ti\u011fini g\u00f6rd\u00fcm\u2026\u201d<\/p>\n<p style=\"text-align: justify;\">Bu mesajda Faruk Demir\u2019in Enerji Oyunu adl\u0131 kitab\u0131n\u0131 \u0130ngilizce olarak bast\u0131rtmak istedi\u011fi ve Demir\u2019le Stratfor\u2019un ili\u015fkisini geli\u015ftirmek isteyen Emre Do\u011fru\u2019nun da hemen devreye girerek kitabin terc\u00fcme etmek i\u00e7in iki \u00e7evirmen ayarlad\u0131\u011f\u0131 ve Demir\u2019le yeniden g\u00f6r\u00fc\u015fmek i\u00e7in randevu yer ve tarihleri saptad\u0131\u011f\u0131n\u0131 g\u00f6steren b\u00f6l\u00fcmler de var.<\/p>\n<p style=\"text-align: justify;\"><a href=\"http:\/\/www.gazeteport.com\/haber\/82931\/erdoganin_2_yil_omru_kaldi\" target=\"_blank\">Kaynak : GAZETEPORT<\/a><\/p>\n","protected":false},"excerpt":{"rendered":"<p style=\"text-align: center;\">\n<p style=\"text-align: justify;\">Ba\u015fbakan\u2019\u0131n ameliyat\u0131 sonras\u0131nda Faruk Demir adl\u0131 kayna\u011f\u0131n\u0131n istihbarat\u0131n\u0131 de\u011ferlendiren Stratfor&#8217;dan \u015foke eden iddia.<\/p>\n<p style=\"text-align: justify;\">Ba\u015fbakan\u2019\u0131n ameliyat\u0131 sonras\u0131nda Faruk Demir adl\u0131 kayna\u011f\u0131n\u0131n istihbarat\u0131n\u0131 de\u011ferlendiren Stratfor, doktorlar\u0131n\u0131n Erdo\u011fan\u2019a iki y\u0131l \u00f6m\u00fcr bi\u00e7ti\u011fini yazd\u0131.<\/p>\n<p style=\"text-align: justify;\">Taraf gazetesinin haberine g\u00f6rei Stratfor\u2019un son d\u00f6nem yaz\u0131\u015fma ve raporlar\u0131nda Ba\u015fbakan Erdo\u011fan\u2019\u0131n sa\u011fl\u0131\u011f\u0131yla ilgili bilgi ve <\/p>\n","protected":false},"author":1,"featured_media":0,"comment_status":"open","ping_status":"open","sticky":false,"template":"","format":"standard","meta":{"footnotes":""},"categories":[105],"tags":[],"class_list":["post-49218","post","type-post","status-publish","format-standard","hentry","category-gundem","odd"],"_links":{"self":[{"href":"http:\/\/www.korhanyilmaz.com\/index.php?rest_route=\/wp\/v2\/posts\/49218","targetHints":{"allow":["GET"]}}],"collection":[{"href":"http:\/\/www.korhanyilmaz.com\/index.php?rest_route=\/wp\/v2\/posts"}],"about":[{"href":"http:\/\/www.korhanyilmaz.com\/index.php?rest_route=\/wp\/v2\/types\/post"}],"author":[{"embeddable":true,"href":"http:\/\/www.korhanyilmaz.com\/index.php?rest_route=\/wp\/v2\/users\/1"}],"replies":[{"embeddable":true,"href":"http:\/\/www.korhanyilmaz.com\/index.php?rest_route=%2Fwp%2Fv2%2Fcomments&post=49218"}],"version-history":[{"count":0,"href":"http:\/\/www.korhanyilmaz.com\/index.php?rest_route=\/wp\/v2\/posts\/49218\/revisions"}],"wp:attachment":[{"href":"http:\/\/www.korhanyilmaz.com\/index.php?rest_route=%2Fwp%2Fv2%2Fmedia&parent=49218"}],"wp:term":[{"taxonomy":"category","embeddable":true,"href":"http:\/\/www.korhanyilmaz.com\/index.php?rest_route=%2Fwp%2Fv2%2Fcategories&post=49218"},{"taxonomy":"post_tag","embeddable":true,"href":"http:\/\/www.korhanyilmaz.com\/index.php?rest_route=%2Fwp%2Fv2%2Ftags&post=49218"}],"curies":[{"name":"wp","href":"https:\/\/api.w.org\/{rel}","templated":true}]}}