{"id":49215,"date":"2012-03-05T17:58:53","date_gmt":"2012-03-05T15:58:53","guid":{"rendered":"http:\/\/www.korhanyilmaz.com\/?p=49215"},"modified":"2012-03-05T20:25:30","modified_gmt":"2012-03-05T18:25:30","slug":"horlayan-hakim-hsykya-havale","status":"publish","type":"post","link":"http:\/\/www.korhanyilmaz.com\/?p=49215","title":{"rendered":"&#8220;Horlayan hakim&#8221; HSYK&#8217;ya havale"},"content":{"rendered":"<p style=\"text-align: center;\"><a href=\"http:\/\/www.korhanyilmaz.com\/wp-content\/uploads\/2012\/03\/9076.jpg\"  class=\"lightview\"><img loading=\"lazy\" decoding=\"async\" class=\"aligncenter  wp-image-49216\" src=\"http:\/\/www.korhanyilmaz.com\/wp-content\/uploads\/2012\/03\/9076.jpg\" alt=\"\" width=\"278\" height=\"192\" \/><\/a><\/p>\n<p style=\"text-align: justify;\">San\u0131klar\u0131n mahkemeye getirilmemesi, sekiz y\u0131ld\u0131r san\u0131k ifadelerinin al\u0131namamas\u0131, duru\u015fmalar\u0131n rutin olarak ertelenmesinin \u00fczerine bir de hakim duru\u015fma s\u0131ras\u0131nda horlayarak uyuyunca m\u00fcdahil avukatlar\u0131n sabr\u0131 ta\u015ft\u0131, mahkeme heyeti HSYK&#8217;ya \u015fikayet edildi.<\/p>\n<p style=\"text-align: justify;\">Bianet&#8217;ten Ay\u00e7a S\u00f6ylemez&#8217;in haberine g\u00f6re, 19-22 Aral\u0131k&#8217;ta \u00dcmraniye Cezaevi&#8217;nde yap\u0131lan Hayata D\u00f6n\u00fc\u015f Operasyonu sonras\u0131nda 267 askeri personele a\u00e7\u0131lan davan\u0131n mahkeme heyeti, Hakimler ve Savc\u0131lar Y\u00fcksek Kurulu&#8217;na (HSYK) \u015fikayet edildi.<!--more--><\/p>\n<p style=\"text-align: justify;\">\u015eikayet gerek\u00e7eleri aras\u0131nda, san\u0131klar\u0131n d\u00f6rt y\u0131ld\u0131r mahkemeye getirilmemesi, m\u00fcdahil avukatlara bir kez bile san\u0131klara soru sorma \u015fans\u0131 tan\u0131nmamas\u0131, \u00fc\u00e7 y\u0131l \u00f6nce ortaya \u00e7\u0131kan &#8220;Bora&#8221; ve &#8220;Atmaca&#8221; isimli harekat planlar\u0131n\u0131n i\u015fleme konmamas\u0131, avukatlar\u0131n t\u00fcm taleplerinin reddedilmesi gibi sebepler var.<\/p>\n<p style=\"text-align: justify;\">Son duru\u015fmada, mahkeme heyetinden Mehmet Ali \u00d6nen&#8217;in duru\u015fma s\u0131ras\u0131nda avukatlar konu\u015furken &#8220;uykuya dalmas\u0131 ve horlamas\u0131&#8221; ise barda\u011f\u0131 ta\u015f\u0131ran son damla oldu.<\/p>\n<p style=\"text-align: justify;\"><strong>&#8220;Tufan&#8221; tamam, ya di\u011ferleri?\u00a0<\/strong><\/p>\n<p style=\"text-align: justify;\">12 y\u0131l \u00f6nce, 20 cezaevine e\u015fzamanl\u0131 yap\u0131lan operasyonlarda toplam 30 tutuklu ve h\u00fck\u00fcml\u00fc ile iki asker hayat\u0131n\u0131 kaybetti. \u00dcmraniye Cezaevi&#8217;nde de bir uzman \u00e7avu\u015f ile d\u00f6rt mahkum \u00f6ld\u00fcr\u00fcld\u00fc.<\/p>\n<p style=\"text-align: justify;\">Uzman \u00e7avu\u015fun asker kur\u015funuyla \u00f6ld\u00fc\u011f\u00fc, yarg\u0131lama s\u0131ras\u0131nda ortaya \u00e7\u0131kt\u0131.<\/p>\n<p style=\"text-align: justify;\">Operasyonunu ard\u0131ndan \u00dcmraniye Cezaevi&#8217;nde bulunan 399 tutuklu ve h\u00fck\u00fcml\u00fcye dava a\u00e7\u0131ld\u0131. Dava hala s\u00fcr\u00fcyor.<\/p>\n<p style=\"text-align: justify;\">2004&#8217;te de operasyonun \u00dcmraniye Cezaevi&#8217;yle ilgili k\u0131sm\u0131 i\u00e7in 267 askeri personele dava a\u00e7\u0131ld\u0131.<\/p>\n<p style=\"text-align: justify;\">Operasyonda zarar g\u00f6ren mahkumlar\u0131n avukatlar\u0131 davaya m\u00fcdahil s\u0131fat\u0131yla kat\u0131l\u0131yor ancak davada operasyon planlar\u0131 bile \u00e7\u0131kmas\u0131na ra\u011fmen, sekiz y\u0131ld\u0131r hi\u00e7bir i\u015flem yap\u0131lmad\u0131.<\/p>\n<p style=\"text-align: justify;\">12 ki\u015finin hayat\u0131n\u0131 kaybetti\u011fi Bayrampa\u015fa&#8217;yla ilgili a\u00e7\u0131lan davada, &#8220;as\u0131l sorumlular\u0131 koruyarak yarg\u0131 \u00f6n\u00fcne \u00e7\u0131karmad\u0131\u011f\u0131 i\u00e7in&#8221; hakk\u0131nda su\u00e7 duyurusu yap\u0131lan savc\u0131 Ali \u0130hsan Demirel&#8217;e soru\u015fturma a\u00e7\u0131ld\u0131.<\/p>\n<p style=\"text-align: justify;\">Bayrampa\u015fa Cezaevi davas\u0131nda ortaya \u00e7\u0131kan &#8220;Tufan&#8221; plan\u0131 medyada geni\u015f yer bulurken, \u00fc\u00e7 y\u0131l \u00f6nce mahkeme sunulan &#8220;Bora&#8221; ve &#8220;Atmaca&#8221; isimli \u00dcmraniye planlar\u0131 ne medyada yer ald\u0131 ne de davada bunlarla ilgili bir ilerleme kaydedildi.<\/p>\n<p style=\"text-align: justify;\"><strong>&#8220;San\u0131k ifadeleri sekiz y\u0131ld\u0131r al\u0131namad\u0131&#8221;\u00a0<\/strong><\/p>\n<p style=\"text-align: justify;\">\u00c7a\u011fda\u015f Huku\u00e7ular Derne\u011fi (\u00c7HD) Y\u00f6netim Kurulu \u00dcyesi Avukat G\u00fc\u00e7l\u00fc Sevimli&#8217;nin 3 Mart&#8217;ta HSYK&#8217;ya sundu\u011fu dilek\u00e7edeki \u015fikayetler aras\u0131nda, &#8220;sekiz y\u0131ld\u0131r san\u0131k sorgular\u0131n\u0131n bitirilememesi&#8221; en ba\u015fta yer al\u0131yor.<\/p>\n<p style=\"text-align: justify;\">&#8220;G\u00f6revi ihmal&#8221;, &#8220;\u00f6l\u00fcme sebebiyet vermek&#8221; ve &#8220;k\u00f6t\u00fc muamele&#8221; su\u00e7lar\u0131yla yarg\u0131lanan askerler, bir kez bile m\u00fcdahil avukatlar\u0131n sorular\u0131n\u0131 cevaplamad\u0131.<\/p>\n<p style=\"text-align: justify;\">Sekiz y\u0131ll\u0131k dava s\u00fcrecinde ve hatta soru\u015fturma a\u015famas\u0131nda bile askerlerin bir\u00e7o\u011fu talimatla bulunduklar\u0131 \u015fehirlerde ifade verdi.<\/p>\n<p style=\"text-align: justify;\">D\u00f6rt y\u0131ld\u0131r da mahkemeye gelmiyorlar.<\/p>\n<p style=\"text-align: justify;\"><strong>&#8220;Mahkemenin ger\u00e7e\u011fi ortaya \u00e7\u0131karma iradesi yok&#8221;\u00a0<\/strong><\/p>\n<p style=\"text-align: justify;\">Sevimli, dilek\u00e7esinde, &#8220;Yarg\u0131lama dosyas\u0131na &#8216;Bora&#8217; ve &#8216;Atmaca&#8217; isimli harekat planlar\u0131 geldi. Bu belgelerde operasyonun emrini hangi komutanlar\u0131n verdi\u011fi, nas\u0131l yap\u0131ld\u0131\u011f\u0131 yaz\u0131l\u0131yd\u0131. Ancak davan\u0131n bu en \u00f6nemli delilleri i\u015fleme konmad\u0131&#8221; dendi.<\/p>\n<p style=\"text-align: justify;\">&#8220;Mahkeme sekiz y\u0131ld\u0131r t\u00fcm taleplerimizi d\u00fczenli olarak reddediyor ve sadece yeni duru\u015fma tarihini tayin etmekle yetiniyor. Mahkemenin ger\u00e7e\u011fi ortaya \u00e7\u0131karma iradesinin olmad\u0131\u011f\u0131n\u0131 g\u00f6rd\u00fck.&#8221;<\/p>\n<p style=\"text-align: justify;\">20 Ocak&#8217;taki son duru\u015fmada heyet \u00fcyesi \u00d6nen&#8217;in horlayarak uyumas\u0131 da \u015fikayet dilek\u00e7esinde yer al\u0131yor. \u00d6nen&#8217;in uyumas\u0131, salondaki \u0130stanbul Barosu g\u00f6zlemcisi Avukat Nurdan D\u00fcvenci&#8217;nin raporuna da yans\u0131d\u0131.<\/p>\n<p style=\"text-align: justify;\"><a href=\"http:\/\/www.cnnturk.com\/2012\/guncel\/03\/05\/horlayan.hakim.hsykya.havale\/651869.0\/index.html\" target=\"_blank\">Kaynak : CNN T\u00dcRK<\/a><\/p>\n","protected":false},"excerpt":{"rendered":"<p style=\"text-align: center;\">\n<p style=\"text-align: justify;\">San\u0131klar\u0131n mahkemeye getirilmemesi, sekiz y\u0131ld\u0131r san\u0131k ifadelerinin al\u0131namamas\u0131, duru\u015fmalar\u0131n rutin olarak ertelenmesinin \u00fczerine bir de hakim duru\u015fma s\u0131ras\u0131nda horlayarak uyuyunca m\u00fcdahil avukatlar\u0131n sabr\u0131 ta\u015ft\u0131, mahkeme heyeti HSYK&#8217;ya \u015fikayet edildi.<\/p>\n<p style=\"text-align: justify;\">Bianet&#8217;ten Ay\u00e7a S\u00f6ylemez&#8217;in haberine g\u00f6re, 19-22 Aral\u0131k&#8217;ta \u00dcmraniye Cezaevi&#8217;nde yap\u0131lan Hayata D\u00f6n\u00fc\u015f Operasyonu sonras\u0131nda 267 askeri personele a\u00e7\u0131lan davan\u0131n <\/p>\n","protected":false},"author":1,"featured_media":0,"comment_status":"open","ping_status":"open","sticky":false,"template":"","format":"standard","meta":{"footnotes":""},"categories":[105],"tags":[],"class_list":["post-49215","post","type-post","status-publish","format-standard","hentry","category-gundem","odd"],"_links":{"self":[{"href":"http:\/\/www.korhanyilmaz.com\/index.php?rest_route=\/wp\/v2\/posts\/49215","targetHints":{"allow":["GET"]}}],"collection":[{"href":"http:\/\/www.korhanyilmaz.com\/index.php?rest_route=\/wp\/v2\/posts"}],"about":[{"href":"http:\/\/www.korhanyilmaz.com\/index.php?rest_route=\/wp\/v2\/types\/post"}],"author":[{"embeddable":true,"href":"http:\/\/www.korhanyilmaz.com\/index.php?rest_route=\/wp\/v2\/users\/1"}],"replies":[{"embeddable":true,"href":"http:\/\/www.korhanyilmaz.com\/index.php?rest_route=%2Fwp%2Fv2%2Fcomments&post=49215"}],"version-history":[{"count":0,"href":"http:\/\/www.korhanyilmaz.com\/index.php?rest_route=\/wp\/v2\/posts\/49215\/revisions"}],"wp:attachment":[{"href":"http:\/\/www.korhanyilmaz.com\/index.php?rest_route=%2Fwp%2Fv2%2Fmedia&parent=49215"}],"wp:term":[{"taxonomy":"category","embeddable":true,"href":"http:\/\/www.korhanyilmaz.com\/index.php?rest_route=%2Fwp%2Fv2%2Fcategories&post=49215"},{"taxonomy":"post_tag","embeddable":true,"href":"http:\/\/www.korhanyilmaz.com\/index.php?rest_route=%2Fwp%2Fv2%2Ftags&post=49215"}],"curies":[{"name":"wp","href":"https:\/\/api.w.org\/{rel}","templated":true}]}}