{"id":49206,"date":"2012-03-05T15:05:53","date_gmt":"2012-03-05T13:05:53","guid":{"rendered":"http:\/\/www.korhanyilmaz.com\/?p=49206"},"modified":"2012-03-05T19:46:54","modified_gmt":"2012-03-05T17:46:54","slug":"profesyonel-saldiri","status":"publish","type":"post","link":"http:\/\/www.korhanyilmaz.com\/?p=49206","title":{"rendered":"Profesyonel sald\u0131r\u0131"},"content":{"rendered":"<p style=\"text-align: center;\"><a href=\"http:\/\/www.korhanyilmaz.com\/wp-content\/uploads\/2012\/03\/9074.jpg\"  class=\"lightview\"><img loading=\"lazy\" decoding=\"async\" class=\"aligncenter  wp-image-49207\" src=\"http:\/\/www.korhanyilmaz.com\/wp-content\/uploads\/2012\/03\/9074.jpg\" alt=\"\" width=\"396\" height=\"180\" \/><\/a><\/p>\n<p style=\"text-align: justify;\">Ankara&#8217;da arac\u0131nda \u00f6l\u00fc bulunan emekli emniyet m\u00fcd\u00fcr\u00fc Hasan Ery\u0131lmaz&#8217;\u0131n d\u00fczenlenen sald\u0131r\u0131yla ilgili ilgin\u00e7 ayr\u0131nt\u0131lar ortaya \u00e7\u0131kt\u0131.<\/p>\n<p style=\"text-align: justify;\">ANKARA &#8211; Ankara&#8217;da d\u00fcn ak\u015fam arac\u0131nda \u00f6l\u00fc olarak bulunan 12 Eyl\u00fcl 1980 harekat\u0131 sonras\u0131 Ankara Emniyet M\u00fcd\u00fcrl\u00fc\u011f\u00fc\u2019nde Siyasi \u015eube M\u00fcd\u00fcr Yard\u0131mc\u0131 olarak g\u00f6rev yapan Hasan Ery\u0131lmaz&#8217;\u0131n ilk otopsi raporuna g\u00f6re, 5 santimetre mesafeden a\u00e7\u0131lan ate\u015f sonucu sol kulak arkas\u0131nda girerek kafatas\u0131n\u0131n arka taraf\u0131ndan \u00e7\u0131kan tek kur\u015funla \u00f6ld\u00fcr\u00fcld\u00fc\u011f\u00fc belirtildi.<!--more--><\/p>\n<p style=\"text-align: justify;\">Mustafa Ery\u0131lmaz\u2019\u0131n \u00f6ld\u00fcr\u00fclmeden bir g\u00fcn \u00f6nce kendisini takip eden 2 ki\u015fiden \u015f\u00fcphelendi\u011fi ve bu durumu da yak\u0131nlar\u0131yla payla\u015ft\u0131\u011f\u0131 belirtildi. Ery\u0131lmaz&#8217;\u0131n \u00f6ld\u00fcr\u00fclmeden 5 dakika \u00f6nce telefonla arad\u0131\u011f\u0131 o\u011flu O\u011fuz Ery\u0131lmaz, &#8220;Beni arayarak &#8216;takip ediliyorum, birileri \u00f6n\u00fcm\u00fc kesiyor, takip edenler d\u00fcn \u015f\u00fcphelendi\u011fim o 2 ki\u015fi. Durup onlarla konu\u015faca\u011f\u0131m, telefonumu da a\u00e7\u0131k b\u0131rak\u0131yorum&#8217; dedi. 12 Eyl\u00fcl soru\u015fturmalar\u0131ndan sonra babam\u0131n ismi de \u00e7ok g\u00fcndeme geldi. Olay\u0131n 12 Eyl\u00fcl ile ba\u011flant\u0131l\u0131 oldu\u011funu d\u00fc\u015f\u00fcn\u00fcyorum&#8221; dedi.<\/p>\n<p style=\"text-align: justify;\">12 Eyl\u00fcl 1980 harekat\u0131 sonras\u0131 Ankara Emniyet M\u00fcd\u00fcrl\u00fc\u011f\u00fc\u2019nde Siyasi \u015eube M\u00fcd\u00fcr Yard\u0131mc\u0131 olarak g\u00f6rev yapan, bir d\u00f6nem de Emniyet Genel M\u00fcd\u00fcrl\u00fc\u011f\u00fc Asayi\u015f Daire Ba\u015fkanl\u0131\u011f\u0131 g\u00f6revinde bulunan emekli emniyet m\u00fcd\u00fcr\u00fc Hasan Ery\u0131lmaz, ak\u015fam saatlerinde Ankara-Konya Karayolu \u0130ncek Mevkii&#8217;nde 06 ZUY 06 plakal\u0131 arac\u0131n\u0131n i\u00e7inde \u00f6ld\u00fcr\u00fclm\u00fc\u015f halde bulundu. Ery\u0131lmaz&#8217;\u0131n cenazesi yap\u0131lan ilk incelemenin ar\u0131dndan otopsisi yap\u0131lmak \u00fczere Ke\u00e7i\u00f6ren Adli T\u0131p Kurumu Morgu&#8217;na kald\u0131r\u0131ld\u0131.<\/p>\n<p style=\"text-align: justify;\"><strong>5 SANT\u0130MDE ATE\u015e ED\u0130LM\u0130\u015e<\/strong><\/p>\n<p style=\"text-align: justify;\">Adli T\u0131p Kurumu&#8217;nda otopsisi yap\u0131lan Ery\u0131lmaz&#8217;\u0131n, ilk rapora g\u00f6re 5 santimetre mesafede a\u00e7\u0131lan ate\u015f sonucu sol kulak arkas\u0131nda girerek kafatas\u0131n\u0131n arka taraf\u0131ndan \u00e7\u0131kan tek kur\u015funla \u00f6ld\u00fcr\u00fcld\u00fc\u011f\u00fc belirlendi. Bu arada Ery\u0131lmaz&#8217;\u0131n arac\u0131n\u0131n sa\u011f koltu\u011funda bulunan beylik tabancas\u0131n\u0131n ise ate\u015flenmedi\u011fi iddia edildi. Cinayet b\u00fcro dedektifleri ise cinayetin olu\u015f \u015feklinin \u00e7ok profesyonelce oldu\u011funu, olay\u0131 ger\u00e7ekle\u015ftiren ki\u015fi veya ki\u015filerin cinayeti planlayarak ger\u00e7ekle\u015ftirdiklerini belirtiler.<\/p>\n<p style=\"text-align: justify;\">Bu arada cinayetin meydana geldi\u011fi mevkiinin k\u00f6r noktada olmas\u0131 ve mobese kameralar\u0131 taraf\u0131ndan g\u00f6r\u00fcnt\u00fclenmeyen alanda olmas\u0131 da dikkat \u00e7ekti.<\/p>\n<p style=\"text-align: justify;\">Otopsisi tamamlanan Ery\u0131lmaz&#8217;\u0131n cenazesi yak\u0131nlar\u0131 taraf\u0131ndan Adli T\u0131p Kurumu&#8217;ndan al\u0131narak \u0130bni Sina Hastanesi Morgu&#8217;na kald\u0131r\u0131ld\u0131. Ery\u0131lmaz&#8217;\u0131n yar\u0131n Kocatepe Camii&#8217;sinde \u00f6\u011fle namaz\u0131na m\u00fctakip k\u0131l\u0131nacak cenaze namaz\u0131n\u0131n ard\u0131ndan topra\u011fa verilece\u011fi \u00f6\u011frenildi.<\/p>\n<p style=\"text-align: justify;\"><strong>&#8216;O\u011eLUNU ARADI VE \u00d6LD\u00dcR\u00dcLD\u00dc&#8217;<\/strong><\/p>\n<p style=\"text-align: justify;\">Mustafa Ery\u0131lmaz\u2019\u0131n \u00f6ld\u00fcr\u00fclmeden bir g\u00fcn \u00f6nce kendisini takip eden 2 ki\u015fiden \u015f\u00fcphelendi\u011fi ve bu durumu da yak\u0131nlar\u0131yla payla\u015ft\u0131\u011f\u0131 belirtildi. Ery\u0131lmaz&#8217;\u0131n Milli \u0130stihbarat Te\u015fkilat\u0131&#8217;nda (M\u0130T) g\u00f6revli o\u011flu O\u011fuz Ery\u0131lmaz, babas\u0131n\u0131n \u00f6ld\u00fcr\u00fclmeden 5 dakkika \u00f6nce kendisini arad\u0131\u011f\u0131n\u0131 belirterek \u015funlar\u0131 s\u00f6yledi:<\/p>\n<p style=\"text-align: justify;\">&#8220;Beni arayarak &#8216;takip ediliyorum, birileri \u00f6n\u00fcm\u00fc kesiyor, takip edenler d\u00fcn \u015f\u00fcphelendi\u011fim o 2 ki\u015fi. Durup onlarla konu\u015faca\u011f\u0131m, telefonumu da a\u00e7\u0131k b\u0131rak\u0131yorum&#8217; dedi. Bunun \u00fczerine hemen evden \u00e7\u0131karak babama do\u011fru gittim. Telefon da k\u0131sa bir s\u00fcre sonra kapand\u0131. Gitti\u011fimde babam\u0131 \u00f6ld\u00fcr\u00fclm\u00fc\u015f halde buldum. Arac\u0131 \u00e7al\u0131\u015f\u0131r vaziyette, silah\u0131 ise sa\u011f koltu\u011fundayd\u0131. B\u00fcy\u00fck ihtimalle babam kendisini takip edenlerle konu\u015fmak \u00fczere durdu. O s\u0131rada olas\u0131 bir sald\u0131r\u0131 kar\u015f\u0131s\u0131nda \u00e7antas\u0131nda olan silah\u0131n\u0131 \u00e7\u0131kartarak sa\u011f koltu\u011fu b\u0131rakm\u0131\u015f. Ancak durur durmaz sald\u0131r\u0131ya u\u011fram\u0131\u015f.&#8221;<\/p>\n<p style=\"text-align: justify;\"><strong>&#8217;12 EYL\u00dcL HESAPLA\u015eMASI&#8217;<\/strong><\/p>\n<p style=\"text-align: justify;\">Babas\u0131n\u0131n kimseyle bir sorununun bulunmad\u0131\u011f\u0131n, tek kuru\u015f bile al\u0131\u015fveri\u015finin olmad\u0131\u011f\u0131n\u0131 kaydeden o\u011ful Ery\u0131lmaz, &#8220;Babam\u0131n alacak verecek veya ba\u015fka bir al\u0131\u015f veri\u015fi yoktu. 12 Eyl\u00fcl soru\u015fturmalar\u0131ndan sonra babam\u0131n ismi de \u00e7ok g\u00fcndeme geldi. Olay\u0131n 12 Eyl\u00fcl ile ba\u011flant\u0131l\u0131 oldu\u011funu d\u00fc\u015f\u00fcn\u00fcyorum. Onun d\u0131\u015f\u0131nda akl\u0131m\u0131za hi\u00e7 bir\u015fey gelmiyor&#8221; dedi.<\/p>\n<p style=\"text-align: justify;\"><strong>TANIKLAR 2 K\u0130\u015e\u0130 G\u00d6RD\u00dc \u0130DD\u0130ASI<\/strong><\/p>\n<p style=\"text-align: justify;\">Bu arada polisin bilgisine ba\u015fvurdu\u011fu g\u00f6rg\u00fc tan\u0131klar\u0131n\u0131n, olay sonras\u0131 iki ki\u015fiyi ka\u00e7arak uzakla\u015f\u0131rken g\u00f6rd\u00fcklerini s\u00f6yledikleri \u00f6ne s\u00fcr\u00fcld\u00fc. Geni\u015f \u00e7apl\u0131 soru\u015fturma ba\u015flatan polis ekipleri ise Ery\u0131lmaz&#8217;\u0131n arac\u0131n\u0131n ge\u00e7ti\u011fi alanlardaki Mobese kameralar\u0131n\u0131 incelemeye ald\u0131.<\/p>\n<p style=\"text-align: justify;\"><strong>KR\u0130T\u0130K G\u00d6REVLER<\/strong><\/p>\n<p style=\"text-align: justify;\">Ery\u0131lmaz&#8217;\u0131n Siyasi \u015eube M\u00fcd\u00fcr Yard\u0131mc\u0131s\u0131 oldu\u011fu 12 Eyl\u00fcl d\u00f6neminde bir silahl\u0131 \u00e7at\u0131\u015fmada a\u011f\u0131r yaraland\u0131\u011f\u0131 \u00f6\u011frenildi. 2001\u2019de Emniyet Genel M\u00fcd\u00fcrl\u00fc\u011f\u00fc Asayi\u015f Daire Ba\u015fkanl\u0131\u011f\u0131 g\u00f6revini de y\u00fcr\u00fcten Ery\u0131lmaz, 2009\u2019da emekliye ayr\u0131ld\u0131. \u0130ki \u00e7ocuk babas\u0131 Ery\u0131lmaz, ayn\u0131 zamanda T\u00fcrkiye Emekli Emniyet M\u00fcd\u00fcrleri Sosyal Yard\u0131mla\u015fma ve Dayan\u0131\u015fma Derne\u011fi\u2019nin y\u00f6netim kurulu \u00fcyesiydi.<\/p>\n<p style=\"text-align: justify;\"><a href=\"http:\/\/www.gazeteport.com.tr\/haber\/82850\/profesyonel_saldiri\" target=\"_blank\">Kaynak : GAZETEPORT<\/a><\/p>\n","protected":false},"excerpt":{"rendered":"<p style=\"text-align: center;\">\n<p style=\"text-align: justify;\">Ankara&#8217;da arac\u0131nda \u00f6l\u00fc bulunan emekli emniyet m\u00fcd\u00fcr\u00fc Hasan Ery\u0131lmaz&#8217;\u0131n d\u00fczenlenen sald\u0131r\u0131yla ilgili ilgin\u00e7 ayr\u0131nt\u0131lar ortaya \u00e7\u0131kt\u0131.<\/p>\n<p style=\"text-align: justify;\">ANKARA &#8211; Ankara&#8217;da d\u00fcn ak\u015fam arac\u0131nda \u00f6l\u00fc olarak bulunan 12 Eyl\u00fcl 1980 harekat\u0131 sonras\u0131 Ankara Emniyet M\u00fcd\u00fcrl\u00fc\u011f\u00fc\u2019nde Siyasi \u015eube M\u00fcd\u00fcr Yard\u0131mc\u0131 olarak g\u00f6rev yapan Hasan Ery\u0131lmaz&#8217;\u0131n ilk otopsi raporuna g\u00f6re, 5 santimetre <\/p>\n","protected":false},"author":1,"featured_media":0,"comment_status":"open","ping_status":"open","sticky":false,"template":"","format":"standard","meta":{"footnotes":""},"categories":[105],"tags":[],"class_list":["post-49206","post","type-post","status-publish","format-standard","hentry","category-gundem","odd"],"_links":{"self":[{"href":"http:\/\/www.korhanyilmaz.com\/index.php?rest_route=\/wp\/v2\/posts\/49206","targetHints":{"allow":["GET"]}}],"collection":[{"href":"http:\/\/www.korhanyilmaz.com\/index.php?rest_route=\/wp\/v2\/posts"}],"about":[{"href":"http:\/\/www.korhanyilmaz.com\/index.php?rest_route=\/wp\/v2\/types\/post"}],"author":[{"embeddable":true,"href":"http:\/\/www.korhanyilmaz.com\/index.php?rest_route=\/wp\/v2\/users\/1"}],"replies":[{"embeddable":true,"href":"http:\/\/www.korhanyilmaz.com\/index.php?rest_route=%2Fwp%2Fv2%2Fcomments&post=49206"}],"version-history":[{"count":0,"href":"http:\/\/www.korhanyilmaz.com\/index.php?rest_route=\/wp\/v2\/posts\/49206\/revisions"}],"wp:attachment":[{"href":"http:\/\/www.korhanyilmaz.com\/index.php?rest_route=%2Fwp%2Fv2%2Fmedia&parent=49206"}],"wp:term":[{"taxonomy":"category","embeddable":true,"href":"http:\/\/www.korhanyilmaz.com\/index.php?rest_route=%2Fwp%2Fv2%2Fcategories&post=49206"},{"taxonomy":"post_tag","embeddable":true,"href":"http:\/\/www.korhanyilmaz.com\/index.php?rest_route=%2Fwp%2Fv2%2Ftags&post=49206"}],"curies":[{"name":"wp","href":"https:\/\/api.w.org\/{rel}","templated":true}]}}