{"id":49202,"date":"2012-03-05T17:45:53","date_gmt":"2012-03-05T15:45:53","guid":{"rendered":"http:\/\/www.korhanyilmaz.com\/?p=49202"},"modified":"2012-03-05T19:35:18","modified_gmt":"2012-03-05T17:35:18","slug":"the-new-yorkerdan-erdogana-agir-elestiri","status":"publish","type":"post","link":"http:\/\/www.korhanyilmaz.com\/?p=49202","title":{"rendered":"The New Yorker\u2019dan Erdo\u011fan\u2019a a\u011f\u0131r ele\u015ftiri"},"content":{"rendered":"<p style=\"text-align: center;\"><a href=\"http:\/\/www.korhanyilmaz.com\/wp-content\/uploads\/2012\/03\/9073.jpg\"  class=\"lightview\"><img loading=\"lazy\" decoding=\"async\" class=\"aligncenter  wp-image-49203\" src=\"http:\/\/www.korhanyilmaz.com\/wp-content\/uploads\/2012\/03\/9073.jpg\" alt=\"\" width=\"396\" height=\"180\" \/><\/a><\/p>\n<p style=\"text-align: justify;\">\u201cIl\u0131ml\u0131 olarak tan\u0131nan Erdo\u011fan, iktidarda kalabilmek u\u011fruna daha ne kadar ileri gidebilecek?\u201d<\/p>\n<p style=\"text-align: justify;\">ABD\u2019de yay\u0131nlanan ve liberal entelekt\u00fcel \u00e7evrelerin yak\u0131ndan takip ettikleri The New Yorker dergisi, Ba\u015fbakan Recep Tayyip Erdo\u011fan hakk\u0131nda ilgin\u00e7 analizlere yer veren bir yaz\u0131 yay\u0131nlad\u0131.<\/p>\n<p style=\"text-align: justify;\">Erdo\u011fan liderli\u011findeki AKP iktidar\u0131n\u0131n son 10 y\u0131l\u0131na ili\u015fkin de\u011ferlendirmelerin yerald\u0131\u011f\u0131 yaz\u0131da, 2002 y\u0131l\u0131nda iktidara geldi\u011finde, \u201cDerin devlet\u201d ad\u0131 verilen yap\u0131lanman\u0131n, kendisine ne kadar diren\u00e7 g\u00f6sterece\u011fi konusunda tedirgin olan Ba\u015fbakan\u2019\u0131n, \u201cKendisini destekleyenleri bile \u015fa\u015f\u0131rtacak derecede hem ekonomiyi d\u00fcnyaya daha fazla a\u00e7t\u0131\u011f\u0131, hem T\u00fcrkiye\u2019yi Bat\u0131\u2019ya daha fazla yak\u0131nla\u015ft\u0131rd\u0131\u011f\u0131, \u00fclkesi Bat\u0131\u2019n\u0131n g\u00f6z\u00fcnde vazge\u00e7ilemeyecek bir \u0130slami demokrasiye d\u00f6n\u00fc\u015ft\u00fcrd\u00fc\u011f\u00fc\u201d de vurguland\u0131.\u00a0<!--more--><\/p>\n<p style=\"text-align: justify;\">Ancak, \u201cErdo\u011fan\u2019\u0131n bir de Bat\u0131\u2019n\u0131n g\u00f6rmezden geldi\u011fi , bilinmeyen karanl\u0131k y\u00fcz\u00fc\u201dnden s\u00f6zeden The New Yorker yazar\u0131 Dexter Filkins, analizinde \u015fu g\u00f6r\u00fc\u015fleri de savundu:<\/p>\n<p style=\"text-align: justify;\">\u201cErdo\u011fan, \u00fclke i\u00e7inde muhalefeti bast\u0131rmak i\u00e7in giderek daha sert bir kampanya y\u00fcr\u00fct\u00fcyor. Ge\u00e7en 5 y\u0131l boyunca aralar\u0131nda gazetecilerin, generallerin, amirallerin, parlamenterlerin, televizyon sahiplerinin, yard\u0131m kurulu\u015flar\u0131n\u0131n, \u00fcniversite g\u00f6revlilerinin de bulundu\u011fu 700\u2019den fazla ki\u015fi g\u00f6zalt\u0131na al\u0131nd\u0131. Amerika\u2019n\u0131n buna tepkisi \u00e7ekingence oldu. ABD Ba\u015fkan\u0131 Barack Obama, dinamik ve demokrat olarak g\u00f6rd\u00fc\u011f\u00fc Erdo\u011fan\u2019la yak\u0131n bir ili\u015fki geli\u015ftirdi. ABD\u2019nin bu pasif duru\u015funun arkas\u0131nda Obama\u2019n\u0131n \u0130slam aleminde yak\u0131n bir m\u00fcttefik edinme konusundaki umutsuz \u00e7abas\u0131 yat\u0131yor. T\u00fcrkiye\u2019de baz\u0131 \u00e7evreler, Erdo\u011fan\u2019\u0131 Bat\u0131l\u0131 demokrasilerden \u00e7ok, serbest rekabet\u00e7i ekonomileri geli\u015fen ama demokratik muhalefeti bast\u0131ran \u00c7in ve Rus rejim modellerine benzetiyorlar.\u201d<\/p>\n<p style=\"text-align: justify;\">Ergenekon Davas\u0131 s\u00fcrecine de de\u011finen New Yorker\u2019\u0131n analizinde, ayr\u0131ca \u015fu g\u00f6r\u00fc\u015fler yer ald\u0131:<\/p>\n<p style=\"text-align: justify;\">\u201cSavc\u0131lar, derin devletin ta kendisi oldu\u011funa inan\u0131lan ve T\u00fcrk demokrasisini s\u00fcrekli olarak istikrars\u0131z k\u0131lmay\u0131 ama\u00e7layan Ergenekon adl\u0131 bir esrarengiz derin yap\u0131lanmadan s\u00f6zediyorlar. Ancak baz\u0131 \u00e7evreler ABD\u2019de Pennsylvania\u2019da ya\u015fayan ve d\u00fcnya \u00e7ap\u0131nda dini ve okul network\u2019\u00fc kuran Fethullah G\u00fclen isimli bir vaiz kendinden \u00e7ok s\u00f6zettiriyor. Erdo\u011fan\u2019\u0131n ayr\u0131ca K\u00fcrt az\u0131nl\u0131k liderlerini bast\u0131rd\u0131\u011f\u0131 da anlat\u0131l\u0131yor. Yakla\u015f\u0131k 10 y\u0131ll\u0131k iktidar s\u00fcrecinden sonra, Erdo\u011fan\u2019\u0131n kar\u015f\u0131s\u0131nda \u015fu anda g\u00fcl\u00fc bir muhalefet partisi g\u00f6r\u00fcnm\u00fcyor. Genel kan\u0131 \u015fu ki; Erdo\u011fan\u2019\u0131 iktidardan ancak ekonominin yava\u015flamas\u0131 indirebilir.\u201d<\/p>\n<p style=\"text-align: justify;\"><a href=\"http:\/\/www.gazeteport.com.tr\/haber\/82891\/the_new_yorker\" target=\"_blank\">Kaynak : GAZETEPORT<\/a><\/p>\n","protected":false},"excerpt":{"rendered":"<p style=\"text-align: center;\">\n<p style=\"text-align: justify;\">\u201cIl\u0131ml\u0131 olarak tan\u0131nan Erdo\u011fan, iktidarda kalabilmek u\u011fruna daha ne kadar ileri gidebilecek?\u201d<\/p>\n<p style=\"text-align: justify;\">ABD\u2019de yay\u0131nlanan ve liberal entelekt\u00fcel \u00e7evrelerin yak\u0131ndan takip ettikleri The New Yorker dergisi, Ba\u015fbakan Recep Tayyip Erdo\u011fan hakk\u0131nda ilgin\u00e7 analizlere yer veren bir yaz\u0131 yay\u0131nlad\u0131.<\/p>\n<p style=\"text-align: justify;\">Erdo\u011fan liderli\u011findeki AKP iktidar\u0131n\u0131n son 10 y\u0131l\u0131na ili\u015fkin de\u011ferlendirmelerin <\/p>\n","protected":false},"author":1,"featured_media":0,"comment_status":"open","ping_status":"open","sticky":false,"template":"","format":"standard","meta":{"footnotes":""},"categories":[105],"tags":[],"class_list":["post-49202","post","type-post","status-publish","format-standard","hentry","category-gundem","odd"],"_links":{"self":[{"href":"http:\/\/www.korhanyilmaz.com\/index.php?rest_route=\/wp\/v2\/posts\/49202","targetHints":{"allow":["GET"]}}],"collection":[{"href":"http:\/\/www.korhanyilmaz.com\/index.php?rest_route=\/wp\/v2\/posts"}],"about":[{"href":"http:\/\/www.korhanyilmaz.com\/index.php?rest_route=\/wp\/v2\/types\/post"}],"author":[{"embeddable":true,"href":"http:\/\/www.korhanyilmaz.com\/index.php?rest_route=\/wp\/v2\/users\/1"}],"replies":[{"embeddable":true,"href":"http:\/\/www.korhanyilmaz.com\/index.php?rest_route=%2Fwp%2Fv2%2Fcomments&post=49202"}],"version-history":[{"count":0,"href":"http:\/\/www.korhanyilmaz.com\/index.php?rest_route=\/wp\/v2\/posts\/49202\/revisions"}],"wp:attachment":[{"href":"http:\/\/www.korhanyilmaz.com\/index.php?rest_route=%2Fwp%2Fv2%2Fmedia&parent=49202"}],"wp:term":[{"taxonomy":"category","embeddable":true,"href":"http:\/\/www.korhanyilmaz.com\/index.php?rest_route=%2Fwp%2Fv2%2Fcategories&post=49202"},{"taxonomy":"post_tag","embeddable":true,"href":"http:\/\/www.korhanyilmaz.com\/index.php?rest_route=%2Fwp%2Fv2%2Ftags&post=49202"}],"curies":[{"name":"wp","href":"https:\/\/api.w.org\/{rel}","templated":true}]}}