{"id":49198,"date":"2012-03-05T15:12:50","date_gmt":"2012-03-05T13:12:50","guid":{"rendered":"http:\/\/www.korhanyilmaz.com\/?p=49198"},"modified":"2012-03-05T16:11:34","modified_gmt":"2012-03-05T14:11:34","slug":"444un-en-merak-edilen-detayi","status":"publish","type":"post","link":"http:\/\/www.korhanyilmaz.com\/?p=49198","title":{"rendered":"4+4+4&#8217;\u00fcn en merak edilen detay\u0131"},"content":{"rendered":"<p style=\"text-align: center;\"><a href=\"http:\/\/www.korhanyilmaz.com\/wp-content\/uploads\/2012\/03\/9072.jpg\"  class=\"lightview\"><img loading=\"lazy\" decoding=\"async\" class=\"aligncenter  wp-image-49199\" src=\"http:\/\/www.korhanyilmaz.com\/wp-content\/uploads\/2012\/03\/9072.jpg\" alt=\"\" width=\"279\" height=\"214\" \/><\/a><\/p>\n<p style=\"text-align: justify;\">E\u011fitimde 4+4+4 form\u00fcl\u00fcne ili\u015fkin yasa teklifi ile okula ba\u015flama ya\u015f\u0131 bir y\u0131l geriye \u00e7ekiliyor. Teklif yasala\u015f\u0131rsa 5 ya\u015f\u0131n\u0131 dolduran \u00e7ocuklar birinci s\u0131n\u0131f \u00f6\u011frencisi olacaklar. Milli E\u011fitim Bakanl\u0131\u011f\u0131 da bu nedenle ilk\u00f6\u011fretim birinci s\u0131n\u0131f m\u00fcfredat\u0131n\u0131 yenileyecek.<\/p>\n<p style=\"text-align: justify;\">Yenilenen m\u00fcfredatla daha ilk y\u0131lda \u00e7ocuklara akademik bilgiler vermek yerine oyunla e\u011fitim esas al\u0131nacak. \u00c7ocuklara birinci s\u0131n\u0131fta okuma yazma \u00f6\u011frenmeleri i\u00e7in bask\u0131 yap\u0131lmayacak. \u00c7ocuklar daha ilk aylarda okuma yazma yar\u0131\u015f\u0131na sokulmayacak. Hatta birinci s\u0131n\u0131flar i\u00e7in her y\u0131l mart ay\u0131nda yap\u0131lan okuma bayramlar\u0131 y\u0131l sonuna \u00e7ekilecek. Birinci s\u0131n\u0131f \u00f6\u011frencilerine okuma yazma \u00f6\u011frenmesi i\u00e7in y\u0131l sonuna kadar geni\u015f bir s\u00fcre verilecek.<!--more--><\/p>\n<p style=\"text-align: justify;\"><strong>\u0130lk\u00f6\u011fretimde yeni d\u00f6nem<\/strong><\/p>\n<p style=\"text-align: justify;\">Bakanl\u0131\u011f\u0131n \u00e7al\u0131\u015fmas\u0131nda temel e\u011fitimde yani ilk 4 y\u0131lda \u00f6\u011frencilere fazla akademik bilgi verildi\u011fine dikkat \u00e7ekiliyor. &#8220;oysa di\u011fer \u00fclkeler \u00e7ocuklara dersi oyunla \u00f6\u011fretiyor&#8221; deniliyor.<\/p>\n<p style=\"text-align: justify;\">T\u00fcrkiyede ilkokulda haftal\u0131k ders saatinin 30, di\u011fer \u00fclkelerde 25 oldu\u011fundan yola \u00e7\u0131k\u0131larak d\u00fczenleme yap\u0131lacak. Hem ilkokul m\u00fcfredat\u0131 yenilenecek hem de ders saati azalt\u0131lacak. \u00c7al\u0131\u015fman\u0131n gelecek e\u011fitim \u00f6\u011fretim y\u0131l\u0131na yeti\u015fmesi planlan\u0131yor.<\/p>\n<p style=\"text-align: justify;\">Yeni d\u00fczenlemenin bir de \u00f6\u011fretmen aya\u011f\u0131 var. Kademeli ge\u00e7i\u015f uyguland\u0131\u011f\u0131nda, s\u0131n\u0131f \u00f6\u011fretmenleri i\u00e7in de d\u00fczenlemeye gidilecek. \u00c7\u00fcnk\u00fc art\u0131k 5. s\u0131n\u0131ftan itibaren alan \u00f6\u011fretmenleri devreye girecek. Bu y\u0131l 4 ve 5. s\u0131n\u0131f\u0131 okutan s\u0131n\u0131f \u00f6\u011fretmenleri de gelecek y\u0131l birinci s\u0131n\u0131flara ders verecekler. Bu tabloda birinci s\u0131n\u0131f\u0131 okutacak \u00f6\u011fretmen say\u0131s\u0131nda bir y\u0131\u011f\u0131lma olur mu sorusuna bakanl\u0131k yetkilileri hay\u0131r yan\u0131t\u0131n\u0131 verdi. Gelecek y\u0131l hem 6 ya\u015f hem de 7 ya\u015f grubunun birinci s\u0131n\u0131f \u00f6\u011frencisi olaca\u011f\u0131 hat\u0131rlat\u0131ld\u0131, \u00f6\u011fretmen say\u0131s\u0131 ile birlikte birinci s\u0131n\u0131fta \u00f6\u011frenci say\u0131s\u0131 da artacak denildi.<\/p>\n<p style=\"text-align: justify;\"><a href=\"http:\/\/www.cnnturk.com\/2012\/turkiye\/03\/05\/4.4.4un.en.merak.edilen.detayi\/651844.0\/index.html\" target=\"_blank\">Kaynak : CNN T\u00dcRK<\/a><\/p>\n","protected":false},"excerpt":{"rendered":"<p style=\"text-align: center;\">\n<p style=\"text-align: justify;\">E\u011fitimde 4+4+4 form\u00fcl\u00fcne ili\u015fkin yasa teklifi ile okula ba\u015flama ya\u015f\u0131 bir y\u0131l geriye \u00e7ekiliyor. Teklif yasala\u015f\u0131rsa 5 ya\u015f\u0131n\u0131 dolduran \u00e7ocuklar birinci s\u0131n\u0131f \u00f6\u011frencisi olacaklar. Milli E\u011fitim Bakanl\u0131\u011f\u0131 da bu nedenle ilk\u00f6\u011fretim birinci s\u0131n\u0131f m\u00fcfredat\u0131n\u0131 yenileyecek.<\/p>\n<p style=\"text-align: justify;\">Yenilenen m\u00fcfredatla daha ilk y\u0131lda \u00e7ocuklara akademik bilgiler vermek yerine oyunla e\u011fitim esas <\/p>\n","protected":false},"author":1,"featured_media":0,"comment_status":"open","ping_status":"open","sticky":false,"template":"","format":"standard","meta":{"footnotes":""},"categories":[105],"tags":[],"class_list":["post-49198","post","type-post","status-publish","format-standard","hentry","category-gundem","odd"],"_links":{"self":[{"href":"http:\/\/www.korhanyilmaz.com\/index.php?rest_route=\/wp\/v2\/posts\/49198","targetHints":{"allow":["GET"]}}],"collection":[{"href":"http:\/\/www.korhanyilmaz.com\/index.php?rest_route=\/wp\/v2\/posts"}],"about":[{"href":"http:\/\/www.korhanyilmaz.com\/index.php?rest_route=\/wp\/v2\/types\/post"}],"author":[{"embeddable":true,"href":"http:\/\/www.korhanyilmaz.com\/index.php?rest_route=\/wp\/v2\/users\/1"}],"replies":[{"embeddable":true,"href":"http:\/\/www.korhanyilmaz.com\/index.php?rest_route=%2Fwp%2Fv2%2Fcomments&post=49198"}],"version-history":[{"count":0,"href":"http:\/\/www.korhanyilmaz.com\/index.php?rest_route=\/wp\/v2\/posts\/49198\/revisions"}],"wp:attachment":[{"href":"http:\/\/www.korhanyilmaz.com\/index.php?rest_route=%2Fwp%2Fv2%2Fmedia&parent=49198"}],"wp:term":[{"taxonomy":"category","embeddable":true,"href":"http:\/\/www.korhanyilmaz.com\/index.php?rest_route=%2Fwp%2Fv2%2Fcategories&post=49198"},{"taxonomy":"post_tag","embeddable":true,"href":"http:\/\/www.korhanyilmaz.com\/index.php?rest_route=%2Fwp%2Fv2%2Ftags&post=49198"}],"curies":[{"name":"wp","href":"https:\/\/api.w.org\/{rel}","templated":true}]}}