{"id":49195,"date":"2012-03-05T12:12:48","date_gmt":"2012-03-05T10:12:48","guid":{"rendered":"http:\/\/www.korhanyilmaz.com\/?p=49195"},"modified":"2012-03-05T16:08:00","modified_gmt":"2012-03-05T14:08:00","slug":"sivas-cigligi","status":"publish","type":"post","link":"http:\/\/www.korhanyilmaz.com\/?p=49195","title":{"rendered":"Sivas \u00e7\u0131\u011fl\u0131\u011f\u0131!"},"content":{"rendered":"<p style=\"text-align: center;\"><a href=\"http:\/\/www.korhanyilmaz.com\/wp-content\/uploads\/2012\/03\/9071.jpg\"  class=\"lightview\"><img loading=\"lazy\" decoding=\"async\" class=\"aligncenter  wp-image-49196\" src=\"http:\/\/www.korhanyilmaz.com\/wp-content\/uploads\/2012\/03\/9071.jpg\" alt=\"\" width=\"307\" height=\"236\" \/><\/a><\/p>\n<p style=\"text-align: justify;\">Onlar Sivas\u2019ta babalar\u0131n\u0131 kaybeden iki gen\u00e7 kad\u0131n. Y\u0131llard\u0131r davan\u0131n pe\u015findeler. Kendi ac\u0131lar\u0131n\u0131 ya\u015farken, ba\u015fka ac\u0131lara da tan\u0131kl\u0131k ettiler, onlara da omuz verdiler. Adalet diye hayk\u0131rd\u0131lar ve 19 y\u0131l sonra h\u00e2l\u00e2 adalete, hukuka inanmak istiyorlar&#8230;<\/p>\n<p style=\"text-align: justify;\">Sivas\u2019ta 35 ki\u015finin yanarak hayat\u0131n\u0131 kaybetti\u011fi katliamda, bulunup mahkemeye getirilemedikleri i\u00e7in dosyalar\u0131 ana davadan ayr\u0131lan ve ayr\u0131 yarg\u0131lanan 6 firari de ceza almadan kurtulacak. 13 Mart\u2019taki duru\u015fmada mahkeme heyeti, savc\u0131n\u0131n talebine uyarsa 6 san\u0131k zamana\u015f\u0131m\u0131ndan yararlanacak. Karar, dava s\u00fcrerken firar eden 12 ana dava san\u0131\u011f\u0131n\u0131n da kurtulmas\u0131n\u0131n yolunu a\u00e7acak. Yani ka\u00e7anlar kurtulmu\u015f olacak.<!--more--><\/p>\n<p style=\"text-align: justify;\">Vatan&#8217;\u0131n haberine g\u00f6re 2 Temmuz 1993\u2019te Mad\u0131mak Oteli\u2019nde babas\u0131 \u015fair Metin Alt\u0131ok\u2019u kaybeden Zeynep Alt\u0131ok, 19 y\u0131l\u0131n sonunda san\u0131klar\u0131n mahkemeye dahi \u00e7\u0131kar\u0131lamadan serbest kalmas\u0131na isyan ediyor. 19 y\u0131l\u0131n \u00e7ok uzun zaman oldu\u011funu s\u00f6yleyen Alt\u0131ok, \u201cBenim davan\u0131n ba\u015f\u0131ndan beri umudum yoktu. Yarg\u0131lananlar ger\u00e7ek faailler de\u011fil&#8230; Onlara masum da demiyorum, b\u00f6yle bir durumda sessiz, seyirci kalmak bile su\u00e7tur\u201d dedi.<\/p>\n<p style=\"text-align: justify;\">Soru\u015fturma iyi yap\u0131lmad\u0131\u011f\u0131 i\u00e7in olay\u0131n perde arkas\u0131ndaki isimlerin yarg\u0131lanmad\u0131\u011f\u0131n\u0131 belirten Alt\u0131ok \u015f\u00f6yle konu\u015ftu: \u201cHangi \u00f6rg\u00fctler taraf\u0131ndan planland\u0131\u011f\u0131 \u00e7ok net asl\u0131nda. Bir\u00e7ok ki\u015fiden hesap sorulmad\u0131. O g\u00fcn meydana \u00e7\u0131k\u0131p \u201cGazan\u0131z mubarek olsun\u201d diyen belediye ba\u015fkan\u0131ndan hesap sorulmad\u0131. 8 saat boyunca devlet bu katliam\u0131 izledi. O zaman\u0131n yetkililerine hesap sorulmad\u0131. Eli kanl\u0131 katillerin tutuksuz yarg\u0131lanmalar\u0131 ve ka\u00e7malar\u0131na izin verildi. Onlar\u0131n yakalanaca\u011f\u0131na dair benim bir umudum yoktu.\u201d<\/p>\n<p style=\"text-align: justify;\"><strong>\u2018Evlendiler, askere gittiler\u2019<\/strong><\/p>\n<p style=\"text-align: justify;\">Hakk\u0131nda yakalama karar\u0131 \u00e7\u0131kar\u0131lanlar\u0131n bilin\u00e7li bir \u015fekilde bulunmad\u0131\u011f\u0131n\u0131 anlat\u0131n Alt\u0131ok \u015f\u00f6yle devam etti: \u201cVahit Kaplan, Polonya s\u0131n\u0131r\u0131nda yakaland\u0131, bizim yapamad\u0131\u011f\u0131m\u0131z\u0131 yapt\u0131lar ama biz geri almad\u0131k. Yok evrak yeti\u015fmedi bahaneleri s\u0131raland\u0131. K\u0131rm\u0131z\u0131 b\u00fcltenle aranan san\u0131klardan biri Sivas\u2019ta evlendi, biri ehliyet ald\u0131, askere gitti. Mesela \u015eevket Erdo\u011fan ve Hakan Karaca. Bunlar Sivas\u2019ta evleniyorlar, d\u00fc\u011f\u00fcn yap\u0131yorlar hatta askere gidiyorlar ama yakalanam\u0131yorlar. Kar\u015f\u0131m\u0131za \u00e7ok b\u00fcy\u00fck \u00e7eli\u015fkiler yuma\u011f\u0131 \u00e7\u0131k\u0131yor. Cafer Er\u00e7akmak ge\u00e7en y\u0131l k\u0131z\u0131n\u0131n evinde \u00f6ld\u00fc. D\u00f6nemin Adalet Bakan\u0131 \u015eevket Kazan, cezaevindeyken san\u0131klar\u0131 ziyaret etti, onlar\u0131n \u015fartlar\u0131n\u0131 iyile\u015ftirildi, san\u0131k avukatlar\u0131 milletvekili ya da bakan oldu. Sivas katliam\u0131n\u0131n \u00f6n\u00fc al\u0131nsayd\u0131 sonraki bir \u00e7ok suikastin de \u00f6nlenebilirdi. 13 Mart\u2019ta Ankara Adliyesi\u2019nin \u00f6n\u00fcnde haks\u0131zl\u0131klara kar\u015f\u0131 elele veren vicdanl\u0131 insanlar\u0131 bekliyoruz.\u201d<\/p>\n<p style=\"text-align: justify;\"><strong>\u2018Katiller elini kolunu sallayarak gelecek\u2019<\/strong><\/p>\n<p style=\"text-align: justify;\">\u015eair Beh\u00e7et Aysan\u2019\u0131n k\u0131z\u0131 edebiyat\u00e7\u0131 Eren Aysan olay s\u0131ra\u0131snda 16 ya\u015f\u0131nda oldu\u011funu belirterek \u015funlar\u0131 s\u00f6yledi: \u201cGen\u00e7 k\u0131zl\u0131\u011fa ge\u00e7erken bir anda b\u00fcy\u00fcd\u00fcm, ben babam\u0131n \u00f6ld\u00fc\u011f\u00fcn\u00fc televizyondan \u00f6\u011frenerek b\u00fcy\u00fcd\u00fcm. B\u00fct\u00fcn g\u00fcn boyunca televizyondan takip ettik \u00f6lenlerin kimli\u011fini sorgulamak i\u00e7in annemle b\u00fct\u00fcn g\u00fcn ko\u015fturduk. Sonra babam\u0131n muayenehanesine gittik ve televizyonda \u0130\u00e7i\u015fleri Bakan\u0131 Mehmet Gazio\u011flu, 8 ki\u015finin isimlerinin belli oldu\u011funu s\u00f6yledi. 4. isim babamd\u0131. Yine de inanmad\u0131m sabaha kadar babam\u0131n kap\u0131n\u0131n zilini \u00e7almas\u0131n\u0131 bekledim. 44 ya\u015f\u0131nda yak\u0131larak \u00f6ld\u00fcr\u00fclen \u015fair bir baba ve onun ac\u0131s\u0131na dayanamayarak kansere yakalanan bir annenin \u00e7ocu\u011fuyum.\u201d<\/p>\n<p style=\"text-align: justify;\">\u201cBu dava b\u00f6yle bitmemeli. \u0130nsanl\u0131k su\u00e7lar\u0131 zaman a\u015f\u0131m\u0131na u\u011framamal\u0131. Sivas bir sembol, zaman a\u015f\u0131m\u0131na u\u011frarsa benzer davalar da zaman a\u015f\u0131m\u0131na u\u011frayacak. Ayd\u0131nl\u0131k ve yeni bir T\u00fcrkiye i\u00e7in o g\u00fcn herkesi oraya \u00e7a\u011f\u0131r\u0131yoruz. Toplumsal Bellek Platformu olarak \u2018insanl\u0131k su\u00e7lar\u0131nda zaman a\u015f\u0131m\u0131\u2019n\u0131n kalkmas\u0131 i\u00e7in \u00e7al\u0131\u015f\u0131yoruz.\u201d<\/p>\n<p style=\"text-align: justify;\"><strong>\u2018Ka\u00e7anlar kurtuldu\u2019<\/strong><\/p>\n<p style=\"text-align: justify;\">\u201c26 aile 26 \u015eubat\u2019ta TBMM\u2019ye gittik. Zaman a\u015f\u0131m\u0131 kald\u0131r\u0131ls\u0131n dedik. Taleplerimiz 17 kez reddedildi. Ger\u00e7ekle\u015fse Kemal T\u00fcrkler davas\u0131 da d\u00fc\u015fmeyecekti. Ka\u00e7anlar yurtd\u0131\u015f\u0131nda \u2018g\u00f6steri\u2019 yapma su\u00e7undan arand\u0131. Bu zaten Avrupa\u2019da su\u00e7 de\u011fil. Vahit Kaynar yakaland\u0131 ama iadesi olmad\u0131. Adalet Bakan\u0131 hi\u00e7bir \u015fekilde devreye girmedi. Zaman a\u015f\u0131m\u0131 uygulan\u0131rsa katiller ellerini kollar\u0131n\u0131 sallaya sallaya gelecekler. Bunlar \u00e7ok ac\u0131.\u201d<\/p>\n<p style=\"text-align: justify;\"><strong>19 y\u0131l nas\u0131l ge\u00e7ti<\/strong><\/p>\n<p style=\"text-align: justify;\"><strong>33 ki\u015fi idama mahkum oldu<\/strong><\/p>\n<p style=\"text-align: justify;\">2 Temmuz 1993\u2019te Sivas Mad\u0131mak Oteli\u2019nde 35 ki\u015fi yanarak hayat\u0131n\u0131 kaybetti. 124 ki\u015fi hakk\u0131nda \u2018laik anayasal d\u00fczeni de\u011fi\u015ftirip din devleti kurmaya kalk\u0131\u015fma\u2019 su\u00e7lamas\u0131yla dava a\u00e7\u0131ld\u0131. 16 Haziran 2000\u2019de 33 san\u0131k idam cezas\u0131na \u00e7arpt\u0131r\u0131ld\u0131. 2002\u2019de idam cezas\u0131 kald\u0131r\u0131l\u0131nca a\u011f\u0131r m\u00fcebbet hapse \u00e7evrildi. 2005\u2019te yeni kanundan yararlan\u0131p tahliye olan san\u0131klardan 12\u2019si yurt d\u0131\u015f\u0131na ka\u00e7t\u0131. Uluslararas\u0131 arama emri \u00e7\u0131kart\u0131ld\u0131 ama hi\u00e7biri bulunamad\u0131. Hi\u00e7 yakalanamad\u0131klar\u0131 i\u00e7in dosyalar\u0131 ayr\u0131lan 7 ki\u015fi (Cafer Er\u00e7akmak, \u015eevket Erdo\u011fan, K\u00f6ksal Ko\u00e7ak, \u0130hsan \u00c7akmak, Hakan Karaca, Y\u0131lmaz Ba\u011f ve Necmi Kara\u00f6mero\u011flu) i\u00e7in ayr\u0131 bir dava a\u00e7\u0131ld\u0131. Bunlardan Er\u00e7akmak ge\u00e7ti\u011fimiz y\u0131l hayat\u0131n\u0131 kaybetti. \u0130\u015fte bu 6 san\u0131k i\u00e7in zamana\u015f\u0131m\u0131 g\u00fcndeme geldi.<\/p>\n<p style=\"text-align: justify;\"><strong>Neden zaman a\u015f\u0131m\u0131<\/strong><\/p>\n<p style=\"text-align: justify;\">Cumhuriyet Savc\u0131s\u0131 Hakan Y\u00fcksel, 21 Haziran 2011\u2019de mahkemeye verdi\u011fi m\u00fctaalas\u0131 \u015f\u00f6yleydi: \u201cSan\u0131k Er\u00e7akmak, 765 say\u0131l\u0131 TCK\u2019n\u0131n 146\/1, maddesinde yer alan \u2018Anayasal d\u00fczeni zorla de\u011fi\u015ftirmeye te\u015febb\u00fcs\u201d su\u00e7uyla yarg\u0131lan\u0131yor. Bu su\u00e7a zaman a\u015f\u0131m\u0131 s\u00fcresi bulunmuyor. Ancak di\u011fer san\u0131klar \u015eevket Erdo\u011fan, K\u00f6ksal Ko\u00e7ak, \u0130hsan \u00c7akmak, Hakan Karaca, Y\u0131lmaz Ba\u011f ve Necmi Kara\u00f6mero\u011flu 765 say\u0131l\u0131 TCK\u2019n\u0131n 146\/3. maddesi ile 3713 say\u0131l\u0131 Ter\u00f6rle M\u00fccadele Kanunu\u2019nun 5. maddesinde d\u00fczenlenen \u201cAnayasal d\u00fczeni zorla de\u011fi\u015ftirmeye te\u015febb\u00fcse i\u015ftirak\u201d su\u00e7u ile yarg\u0131lan\u0131yor. Bu su\u00e7lar\u0131n zaman a\u015f\u0131m\u0131 15 y\u0131l. Bu y\u00fczden 6 san\u0131k hakk\u0131ndaki davan\u0131n d\u00fc\u015fmesini talep ediyoruz.\u201d<\/p>\n<p style=\"text-align: justify;\"><a href=\"http:\/\/www.cnnturk.com\/2012\/guncel\/03\/05\/sivas.cigligi\/651771.0\/index.html\" target=\"_blank\">Kaynak : CNN T\u00dcRK<\/a><\/p>\n","protected":false},"excerpt":{"rendered":"<p style=\"text-align: center;\">\n<p style=\"text-align: justify;\">Onlar Sivas\u2019ta babalar\u0131n\u0131 kaybeden iki gen\u00e7 kad\u0131n. Y\u0131llard\u0131r davan\u0131n pe\u015findeler. Kendi ac\u0131lar\u0131n\u0131 ya\u015farken, ba\u015fka ac\u0131lara da tan\u0131kl\u0131k ettiler, onlara da omuz verdiler. Adalet diye hayk\u0131rd\u0131lar ve 19 y\u0131l sonra h\u00e2l\u00e2 adalete, hukuka inanmak istiyorlar&#8230;<\/p>\n<p style=\"text-align: justify;\">Sivas\u2019ta 35 ki\u015finin yanarak hayat\u0131n\u0131 kaybetti\u011fi katliamda, bulunup mahkemeye getirilemedikleri i\u00e7in dosyalar\u0131 ana davadan <\/p>\n","protected":false},"author":1,"featured_media":0,"comment_status":"open","ping_status":"open","sticky":false,"template":"","format":"standard","meta":{"footnotes":""},"categories":[105],"tags":[],"class_list":["post-49195","post","type-post","status-publish","format-standard","hentry","category-gundem","odd"],"_links":{"self":[{"href":"http:\/\/www.korhanyilmaz.com\/index.php?rest_route=\/wp\/v2\/posts\/49195","targetHints":{"allow":["GET"]}}],"collection":[{"href":"http:\/\/www.korhanyilmaz.com\/index.php?rest_route=\/wp\/v2\/posts"}],"about":[{"href":"http:\/\/www.korhanyilmaz.com\/index.php?rest_route=\/wp\/v2\/types\/post"}],"author":[{"embeddable":true,"href":"http:\/\/www.korhanyilmaz.com\/index.php?rest_route=\/wp\/v2\/users\/1"}],"replies":[{"embeddable":true,"href":"http:\/\/www.korhanyilmaz.com\/index.php?rest_route=%2Fwp%2Fv2%2Fcomments&post=49195"}],"version-history":[{"count":0,"href":"http:\/\/www.korhanyilmaz.com\/index.php?rest_route=\/wp\/v2\/posts\/49195\/revisions"}],"wp:attachment":[{"href":"http:\/\/www.korhanyilmaz.com\/index.php?rest_route=%2Fwp%2Fv2%2Fmedia&parent=49195"}],"wp:term":[{"taxonomy":"category","embeddable":true,"href":"http:\/\/www.korhanyilmaz.com\/index.php?rest_route=%2Fwp%2Fv2%2Fcategories&post=49195"},{"taxonomy":"post_tag","embeddable":true,"href":"http:\/\/www.korhanyilmaz.com\/index.php?rest_route=%2Fwp%2Fv2%2Ftags&post=49195"}],"curies":[{"name":"wp","href":"https:\/\/api.w.org\/{rel}","templated":true}]}}