{"id":49191,"date":"2012-03-05T13:45:25","date_gmt":"2012-03-05T11:45:25","guid":{"rendered":"http:\/\/www.korhanyilmaz.com\/?p=49191"},"modified":"2012-03-05T15:57:48","modified_gmt":"2012-03-05T13:57:48","slug":"ak-parti-bir-koalisyon-tutkal-erdogan","status":"publish","type":"post","link":"http:\/\/www.korhanyilmaz.com\/?p=49191","title":{"rendered":"&#8220;AK Parti bir koalisyon, tutkal Erdo\u011fan&#8221;"},"content":{"rendered":"<p style=\"text-align: center;\"><a href=\"http:\/\/www.korhanyilmaz.com\/wp-content\/uploads\/2012\/03\/9070.jpg\"  class=\"lightview\"><img loading=\"lazy\" decoding=\"async\" class=\"aligncenter  wp-image-49192\" src=\"http:\/\/www.korhanyilmaz.com\/wp-content\/uploads\/2012\/03\/9070.jpg\" alt=\"\" width=\"396\" height=\"180\" \/><\/a><\/p>\n<p style=\"text-align: justify;\">AKP\u2019nin bir koalisyondan olu\u015ftu\u011funu savunan Wall Street Journal, Ba\u015fbakan Erdo\u011fan i\u00e7in de partiyi bir arada tutan \u201ctutkal\u201d benzetmesini yapt\u0131\u011f\u0131 haber analizinde Erdo\u011fan\u2019\u0131n, \u201cfevkalade ba\u015far\u0131l\u0131\u201d oldu\u011funu ancak son haftalar\u0131n politika \u00e7eki\u015fmelerinin sadece kendi s\u00f6zleriyle \u00e7\u00f6z\u00fcld\u00fc\u011f\u00fc bir yap\u0131y\u0131 yaratt\u0131\u011f\u0131n\u0131 g\u00f6sterdi\u011fi yorumunu da yapt\u0131.<!--more--><\/p>\n<p style=\"text-align: justify;\">NEW YORK \u2013 AKP\u2019nin \u201cmuhafazakarlar, \u0130slamiler ve milliyet\u00e7iler\u201dden olu\u015fan bir koalisyon oldu\u011fu savunulurken Ba\u015fbakan Recep Tayyip Erdo\u011fan ise, partiyi bir arada tutan \u201ctutkal\u201da benzetildi. Wall Street Journal, \u201conlarca y\u0131ld\u0131r \u00fclkenin en pop\u00fcler ve en g\u00fc\u00e7l\u00fc lideri\u201d olarak niteledi\u011fi Ba\u015fbakan Erdo\u011fan\u2019\u0131n ge\u00e7irdi\u011fi ameliyatlar\u0131n, \u201ciktidar partisindeki i\u00e7 \u00e7eki\u015fmeleri\u201d ve \u201cgiderek Ba\u015fbakan\u0131n ki\u015fisel pop\u00fclaritesinde merkezile\u015fmi\u015f bir sistemde bir halefin yoklu\u011fu\u201d olmak \u00fczere iki ger\u00e7e\u011fi ortaya koydu\u011funu iddia etti.<\/p>\n<p style=\"text-align: justify;\">ABD\u2019nin \u00e7ok satan gazetesi Wall Street Journal, \u201cT\u00fcrkiye\u2019nin Ba\u015fbakan\u2019\u0131 Erdo\u011fan, Sa\u011fl\u0131k S\u00f6ylentileri ile M\u00fccadele Ediyor\u201d ba\u015fl\u0131\u011f\u0131 ile yay\u0131mlad\u0131\u011f\u0131 haber analizinde Ba\u015fbakan Erdo\u011fan\u2019\u0131n, ikinci bir ameliyat\u0131n ard\u0131ndan i\u015f ba\u015f\u0131na yapt\u0131\u011f\u0131na i\u015faret ederek Erdo\u011fan\u2019\u0131n ge\u00e7irdi\u011fi ameliyatlar nedeniyle sa\u011fl\u0131\u011f\u0131na ili\u015fkin yo\u011fun spek\u00fclasyonlar\u0131n yap\u0131ld\u0131\u011f\u0131n\u0131 kaydetti.<\/p>\n<p style=\"text-align: justify;\">Ba\u015fbakan Erdo\u011fan\u2019\u0131, \u201conlarca y\u0131ld\u0131r \u00fclkenin en pop\u00fcler ve en g\u00fc\u00e7l\u00fc lideri\u201d olarak niteleyen gazete, Erdo\u011fan\u2019\u0131n, rahats\u0131zl\u0131\u011f\u0131n\u0131n ciddi olmad\u0131\u011f\u0131nda \u0131srar etse de ameliyatlar nedeniyle bir s\u00fcre kamuoyu \u00f6n\u00fcne \u00e7\u0131kmamas\u0131n\u0131n T\u00fcrk h\u00fck\u00fcmeti i\u00e7in \u201czorlu iki ger\u00e7e\u011fi\u201d ortaya koydu\u011funu savunarak bunlar\u0131, \u201ciktidar partisindeki i\u00e7 \u00e7eki\u015fmeleri\u201d ve \u201cgiderek Ba\u015fbakan\u0131n ki\u015fisel pop\u00fclaritesinde merkezile\u015fmi\u015f bir sistemde bir halefin yoklu\u011fu\u201d olarak s\u0131ralad\u0131.<\/p>\n<p style=\"text-align: justify;\">WSJ, Ba\u015fbakan Erdo\u011fan\u2019\u0131n ge\u00e7irdi\u011fi ameliyatlar s\u0131ras\u0131nda h\u00fck\u00fcmetin i\u015flerinin adeta durma noktas\u0131na geldi\u011fi yorumunu yapt\u0131\u011f\u0131 haber analizinde AKP\u2019yi \u201cmuhafazakarlar, \u0130slamiler ve milliyet\u00e7iler\u201dden olu\u015fan bir koalisyon olarak tan\u0131mlad\u0131ktan sonra \u015eike Yasas\u0131 ve M\u0130T M\u00fcste\u015far\u0131 Hakan Fidan\u2019\u0131n ifade vermeye \u00e7a\u011fr\u0131lmas\u0131 \u00fczerinde ya\u015fananlara dikkat \u00e7ekti.<\/p>\n<p style=\"text-align: justify;\"><strong>\u201c\u0130KT\u0130DAR PART\u0130S\u0130N\u0130N KAR\u015eI KAR\u015eIYA BULUNDU\u011eU MEYDAN OKUMALARI\u201d<\/strong><\/p>\n<p style=\"text-align: justify;\">WSJ\u2019nin analizinde, T\u00fcrkiye, Suriye ile \u0130ran\u2019\u0131n n\u00fckleer program\u0131 krizlerini \u00e7\u00f6zmeye \u00e7abalarken Ankara\u2019daki g\u00fcc\u00fcn giderek merkezle\u015fti\u011fi \u00f6ne s\u00fcr\u00fcld\u00fckten sonra \u015f\u00f6yle devam edildi:<\/p>\n<p style=\"text-align: justify;\">\u201cAnalistler, h\u00fck\u00fcmetin Ba\u015fbakan\u2019a olan ba\u011f\u0131ml\u0131l\u0131\u011f\u0131n\u0131n, par\u00e7alanm\u0131\u015f iktidar partisinin, T\u00fcrkiye\u2019nin Anayasas\u0131\u2019n\u0131 reform etmeye ve Say\u0131n Erdo\u011fan\u2019a on y\u0131ll\u0131k bir s\u00fcre i\u00e7in devlet ba\u015fkan\u0131 olarak g\u00f6rev yapmaya yard\u0131m amac\u0131yla yetkilendirilmi\u015f bir Cumhurba\u015fkanl\u0131\u011f\u0131\u2019n\u0131 yaratmaya \u00e7al\u0131\u015f\u0131rken kar\u015f\u0131 kar\u015f\u0131ya bulundu\u011fu medyan okumalar\u0131na da vurgu yapt\u0131\u011f\u0131n\u0131 s\u00f6yl\u00fcyorlar\u201d denildi.<\/p>\n<p style=\"text-align: justify;\"><strong>\u201cT\u00dcM POL\u0130T\u0130KA \u00c7EK\u0130\u015eMELER\u0130N\u0130 B\u0130R TEK ERDO\u011eAN \u00c7\u00d6Z\u00dcYOR\u201d<\/strong><\/p>\n<p style=\"text-align: justify;\">ABD\u2019li gazete, bu ba\u011flamda Global Source Partners\u2019den Atilla Ye\u015filada\u2019n\u0131n \u201cErdo\u011fan, fevkalade ba\u015far\u0131l\u0131 oldu ancak son haftalar, t\u00fcm politika \u00e7eki\u015fmelerinin sadece kendi s\u00f6zleriyle \u00e7\u00f6z\u00fcld\u00fc\u011f\u00fc bir yap\u0131 yaratt\u0131\u011f\u0131n\u0131 g\u00f6steriyor\u201d de\u011ferlendirmesini yans\u0131tt\u0131. Ye\u015filada, Erdo\u011fan i\u00e7in \u201cO, bu koalisyonu birlikte tutan tutkald\u0131r ve T\u00fcrkiye i\u00e7in g\u00f6r\u00fcn\u00fcm giderek belirsizle\u015firken riskli bir hareket etme tarz\u0131d\u0131r\u201d diye konu\u015ftu.<\/p>\n<p style=\"text-align: justify;\">Analistlerin, Erdo\u011fan\u2019\u0131n liderli\u011finin, T\u00fcrkiye\u2019de i\u00e7 istikrar\u0131n\u0131n korunmas\u0131 ve d\u0131\u015f politika a\u00e7\u0131s\u0131ndan \u201chayati\u201d \u00f6nem ta\u015f\u0131d\u0131\u011f\u0131n\u0131 s\u00f6ylediklerini belirten gazete, ne Erdo\u011fan ne de AKP\u2019nin bir oy bask\u0131s\u0131 alt\u0131nda bulunmad\u0131\u011f\u0131na, \u201czay\u0131f muhalefet\u201d ve ge\u00e7en y\u0131l y\u00fczde 8\u2019den fazla b\u00fcy\u00fcd\u00fc\u011f\u00fc san\u0131lan ekonominin sayesinde de partinin anketlerdeki \u00fcst\u00fcnl\u00fc\u011f\u00fcn\u00fc s\u00fcrd\u00fcrd\u00fc\u011f\u00fcne de i\u015faret etti.<\/p>\n<p style=\"text-align: justify;\">WSJ, kamuoyu yoklama \u015firketlerinin Ba\u015fbakan Erdo\u011fan\u2019\u0131n pop\u00fclaritesinin partisinden 20 puana kadar y\u00fcksek oldu\u011funu s\u00f6ylediklerini belirttikten sonra olas\u0131 halefine ili\u015fkin spek\u00fclasyonlara da de\u011findi. Cumhurba\u015fkan\u0131 Abdullah G\u00fcl\u2019\u00fcn Erdo\u011fan\u2019\u0131n yerine ge\u00e7mesi y\u00f6n\u00fcndeki beklentilerin \u00fczerinde duran gazete \u015funlar\u0131 yazd\u0131:<\/p>\n<p style=\"text-align: justify;\">\u201cK\u0131sa bir s\u00fcre \u00f6ncesine kadar 61 ya\u015f\u0131ndaki Say\u0131n G\u00fcl\u2019\u00fcn, Say\u0131n Erdo\u011fan ile bir Kremlin stili i\u015f toku\u015fu ile 2015 parlamento se\u00e7imlerinde AKP\u2019ye liderlik edece\u011fi yayg\u0131n bi\u00e7imde varsay\u0131l\u0131yordu. Medeni bir eski D\u0131\u015fi\u015fleri Bakan\u0131 olan Say\u0131n G\u00fcl, Bat\u0131l\u0131 ba\u015fkentlerde sayg\u0131 g\u00f6r\u00fcyor ve Say\u0131n Erdo\u011fan Cumhurba\u015fkanl\u0131\u011f\u0131\u2019na ge\u00e7erse AKP\u2019yi bir araya tutabilecek tek ki\u015fi olarak g\u00f6r\u00fcl\u00fcyor.\u201d<\/p>\n<p style=\"text-align: justify;\">Ancak baz\u0131 analistlerin, Erdo\u011fan ile olan ili\u015fkisi nedeniyle ve \u201cpartinin s\u00fcrekli Ba\u015fbakan\u2019\u0131 tercih etmesinin yaratt\u0131\u011f\u0131 hayal k\u0131r\u0131kl\u0131\u011f\u0131\u201d y\u00fcz\u00fcnden, G\u00fcl\u2019\u00fcn, g\u00f6revi isteyece\u011fi konusunda ku\u015fkular\u0131n\u0131 dile getirdikleri belirtilirken, G\u00fcl\u2019\u00fcn \u015eike Yasas\u0131\u2019n\u0131 veto etti\u011finde Erdo\u011fan\u2019\u0131n yasay\u0131 de\u011fi\u015ftirilmeden Cumhurba\u015fkan\u0131\u2019na geri g\u00f6nderilmesi talimat\u0131n\u0131 verdi\u011fine de vurgu yap\u0131ld\u0131.(ANKA)<\/p>\n<p style=\"text-align: justify;\"><a href=\"http:\/\/www.gazeteport.com\/haber\/82817\/ak_parti_bir_koalisyon_tutkal_erdogan\" target=\"_blank\">Kaynak : GAZETEPORT<\/a><\/p>\n","protected":false},"excerpt":{"rendered":"<p style=\"text-align: center;\">\n<p style=\"text-align: justify;\">AKP\u2019nin bir koalisyondan olu\u015ftu\u011funu savunan Wall Street Journal, Ba\u015fbakan Erdo\u011fan i\u00e7in de partiyi bir arada tutan \u201ctutkal\u201d benzetmesini yapt\u0131\u011f\u0131 haber analizinde Erdo\u011fan\u2019\u0131n, \u201cfevkalade ba\u015far\u0131l\u0131\u201d oldu\u011funu ancak son haftalar\u0131n politika \u00e7eki\u015fmelerinin sadece kendi s\u00f6zleriyle \u00e7\u00f6z\u00fcld\u00fc\u011f\u00fc bir yap\u0131y\u0131 yaratt\u0131\u011f\u0131n\u0131 g\u00f6sterdi\u011fi yorumunu da yapt\u0131.<\/p>\n","protected":false},"author":1,"featured_media":0,"comment_status":"open","ping_status":"open","sticky":false,"template":"","format":"standard","meta":{"footnotes":""},"categories":[105],"tags":[],"class_list":["post-49191","post","type-post","status-publish","format-standard","hentry","category-gundem","odd"],"_links":{"self":[{"href":"http:\/\/www.korhanyilmaz.com\/index.php?rest_route=\/wp\/v2\/posts\/49191","targetHints":{"allow":["GET"]}}],"collection":[{"href":"http:\/\/www.korhanyilmaz.com\/index.php?rest_route=\/wp\/v2\/posts"}],"about":[{"href":"http:\/\/www.korhanyilmaz.com\/index.php?rest_route=\/wp\/v2\/types\/post"}],"author":[{"embeddable":true,"href":"http:\/\/www.korhanyilmaz.com\/index.php?rest_route=\/wp\/v2\/users\/1"}],"replies":[{"embeddable":true,"href":"http:\/\/www.korhanyilmaz.com\/index.php?rest_route=%2Fwp%2Fv2%2Fcomments&post=49191"}],"version-history":[{"count":0,"href":"http:\/\/www.korhanyilmaz.com\/index.php?rest_route=\/wp\/v2\/posts\/49191\/revisions"}],"wp:attachment":[{"href":"http:\/\/www.korhanyilmaz.com\/index.php?rest_route=%2Fwp%2Fv2%2Fmedia&parent=49191"}],"wp:term":[{"taxonomy":"category","embeddable":true,"href":"http:\/\/www.korhanyilmaz.com\/index.php?rest_route=%2Fwp%2Fv2%2Fcategories&post=49191"},{"taxonomy":"post_tag","embeddable":true,"href":"http:\/\/www.korhanyilmaz.com\/index.php?rest_route=%2Fwp%2Fv2%2Ftags&post=49191"}],"curies":[{"name":"wp","href":"https:\/\/api.w.org\/{rel}","templated":true}]}}