{"id":49187,"date":"2012-03-04T10:05:16","date_gmt":"2012-03-04T08:05:16","guid":{"rendered":"http:\/\/www.korhanyilmaz.com\/?p=49187"},"modified":"2012-03-04T12:13:04","modified_gmt":"2012-03-04T10:13:04","slug":"aihmden-ergenekon-incelemesi","status":"publish","type":"post","link":"http:\/\/www.korhanyilmaz.com\/?p=49187","title":{"rendered":"AiHM\u2019den Ergenekon incelemesi"},"content":{"rendered":"<p style=\"text-align: center;\"><a href=\"http:\/\/www.korhanyilmaz.com\/wp-content\/uploads\/2012\/03\/9069.jpg\"  class=\"lightview\"><img loading=\"lazy\" decoding=\"async\" class=\"aligncenter  wp-image-49188\" src=\"http:\/\/www.korhanyilmaz.com\/wp-content\/uploads\/2012\/03\/9069.jpg\" alt=\"\" width=\"396\" height=\"180\" \/><\/a><\/p>\n<p style=\"text-align: justify;\">A\u0130HM ilk kez, Ergenekon davas\u0131 tutuklu san\u0131\u011f\u0131 Levent Bekta\u015f\u2019\u0131n ba\u015fvurusu \u00fczerine, iddianamede \u201c\u00f6zel hayat\u0131n korunup korunmad\u0131\u011f\u0131\u201dn\u0131 inceleme karar\u0131 ald\u0131.<\/p>\n<p style=\"text-align: justify;\">Avrupa \u0130nsan Haklar\u0131 Mahkemesi (A\u0130HM), Ergenekon davas\u0131n\u0131n tutuklu san\u0131\u011f\u0131 gazeteci Tuncay \u00d6zkan\u2019la ilgili ge\u00e7en ay verdi\u011fi \u201cara karar\u201d gibi i\u00e7 t\u00fcz\u00fc\u011fe ayk\u0131r\u0131 olmas\u0131na ra\u011fmen, \u201ci\u00e7 hukuk yolu t\u00fckenmeden\u201d davan\u0131n di\u011fer 2 san\u0131\u011f\u0131 emekli Binba\u015f\u0131 Levent Bekta\u015f ve emekli Albay Mustafa Levent G\u00f6kta\u015f\u2019\u0131n da ba\u015fvurular\u0131n\u0131 \u201cara kararla\u201d sonu\u00e7land\u0131rd\u0131.<!--more--><\/p>\n<p style=\"text-align: justify;\">A\u0130HM, her 2 davac\u0131yla ilgili karar\u0131nda, Ergenekon davas\u0131yla ilgili Ankara\u2019dan g\u00f6nderilen ayr\u0131nt\u0131l\u0131 bilgilere yer verdi. Mahkeme, soru\u015fturma kapsam\u0131nda, Poyrazk\u00f6y\u2019de ele ge\u00e7irilen m\u00fchimmata ili\u015fkin olarak 22 Nisan 2009\u2019da tutuklanan emekli Binba\u015f\u0131 Levent Bekta\u015f\u2019\u0131n ba\u015fvurusu hakk\u0131nda \u201cilk kez\u201d iddianamede \u00f6zel hayat\u0131 ve aile hayat\u0131n\u0131 ilgilendiren telefon g\u00f6r\u00fc\u015fmelerine yer verilmesi ve bunun bas\u0131n yoluyla yay\u0131lmas\u0131 nedeniyle \u201cinsan haklar\u0131 ihlali olup olmad\u0131\u011f\u0131\u201dn\u0131n incelenmesine karar verdi. A\u0130HM, \u201c\u00f6zel hayat\u0131n ve aile hayat\u0131n\u0131n korunmas\u0131\u201dn\u0131 g\u00fcvence alt\u0131na alan Avrupa \u0130nsan Haklar\u0131 S\u00f6zle\u015fmesi\u2019nin 8\u2019inci maddesinin ihlal edilip edilmedi\u011fini Ankara\u2019dan ayr\u0131nt\u0131l\u0131 bilgi ald\u0131ktan sonra de\u011ferlendirecek. Strasbourg Mahkemesi, \u2018tutukluluk s\u00fcresi\u2019 ile bu s\u00fcrenin uzunlu\u011fu konusundaki kanuni itiraz yolunun etkin olarak kulland\u0131r\u0131lmad\u0131\u011f\u0131 yolundaki ba\u015fvurunun da Ankara\u2019ya y\u00f6nlendirilen sorular\u0131n cevaplar\u0131n\u0131n al\u0131nmas\u0131ndan sonra de\u011ferlendirilece\u011fini kaydetti.<\/p>\n<p style=\"text-align: justify;\">H\u00fcrriyet&#8217;te yer alan habere g\u00f6re A\u0130HM, G\u00f6kta\u015f\u2019\u0131n da, tutukluluk s\u00fcresi ve bu s\u00fcreye itiraz\u0131 konusunda kanuni yollar\u0131 etkin olarak kullanamad\u0131\u011f\u0131 y\u00f6n\u00fcndeki ba\u015fvurusunu de\u011ferlendirecek. Bunun i\u00e7in Ankara\u2019ya y\u00f6neltti\u011fi sorular\u0131n cevab\u0131n\u0131 bekleyecek.<\/p>\n<p style=\"text-align: justify;\"><strong>TUTUKLAMLAR YASAYA UYGUN<\/strong><\/p>\n<p style=\"text-align: justify;\">A\u0130HM, Tuncay \u00d6zkan\u2019\u0131n ba\u015fvurusuna benzer bir karar\u0131, Bekta\u015f ve G\u00f6kta\u015f i\u00e7in de ald\u0131. Her iki davac\u0131n\u0131n su\u00e7 i\u015flediklerine y\u00f6nelik makul sebeplerin olmamas\u0131na ra\u011fmen haks\u0131z olarak tutukland\u0131klar\u0131 y\u00f6n\u00fcndeki itirazlar\u0131n\u0131 reddetti. A\u0130HM davac\u0131lar\u0131n tutuklanmalar\u0131 ile ilgili karar\u0131n makul sebeplere dayanarak verildi\u011finin saptand\u0131\u011f\u0131n\u0131 kaydetti. Bu ba\u011flamda yakalama ve tutuklama karar\u0131n\u0131n \u2018yasalara uygun\u2019 oldu\u011funu belirtti. A\u0130HM, G\u00f6kta\u015f\u2019\u0131n, yarg\u0131 s\u00fcrecinin uzunlu\u011fu ile mahkemenin tarafs\u0131zl\u0131\u011f\u0131na y\u00f6nelik 2 ayr\u0131 ba\u015fvurusunu da reddetti. 2 y\u0131l 11 ay olan yarg\u0131 s\u00fcrecinin, hi\u00e7bir i\u015flem yap\u0131lmadan ge\u00e7irilmedi\u011fini belirterek, yarg\u0131 s\u00fcrecinin uzunlu\u011funu reddeden A\u0130HM, mahkemenin tarafs\u0131zl\u0131\u011f\u0131na y\u00f6nelik itiraz\u0131 da, bu a\u015famada de\u011ferlendiremeyece\u011fini kaydetti.<\/p>\n<p style=\"text-align: justify;\"><strong>ANKARA&#8217;YA 5 SORU<\/strong><\/p>\n<p style=\"text-align: justify;\">A\u0130HM, Ankara\u2019ya, Bekta\u015f i\u00e7in 3, G\u00f6kta\u015f i\u00e7in ise 2 soru g\u00f6ndererek yan\u0131tlanmas\u0131n\u0131 istedi. A\u0130HM Ankara\u2019dan, her iki davac\u0131n\u0131n \u2018incelemeye\u2019 alaca\u011f\u0131 itirazlar\u0131 konusunda \u2018ihlal\u2019 olup olmad\u0131\u011f\u0131 konusunda ayr\u0131nt\u0131l\u0131 bilgi verilmesini istedi. A\u0130HM Ankara\u2019ya, Bekta\u015f i\u00e7in 4 Haziran 2012, G\u00f6kta\u015f i\u00e7in 10 Nisan 2012\u2019ye kadar s\u00fcre verdi. Bekta\u015f ve G\u00f6kta\u015f 10 Eyl\u00fcl 2010\u2019da A\u0130HM\u2019e ba\u015fvurdu. G\u00f6kta\u015f\u2019\u0131n Ocak 2009, Bekta\u015f\u2019\u0131n ise Nisan 2009\u2019dan beri tutuklu olduklar\u0131 belirtilen ba\u015fvuruda, davac\u0131lar\u0131n tutukluluk s\u00fcresinin ve davan\u0131n uzunlu\u011fu ile tarafs\u0131z olmayan mahkemelerde yarg\u0131lanmas\u0131 \u015fik\u00e2yet konusu yap\u0131ld\u0131. Bekta\u015f ayr\u0131ca, \u201c\u00f6zel hayat\u0131n gizlili\u011finin ihlal edildi\u011fi\u201d gerek\u00e7esiyle Avrupa \u0130nsan Haklar\u0131 S\u00f6zle\u015fmesi\u2019nin ihlal edildi\u011fini belirtti.<\/p>\n<p style=\"text-align: justify;\"><a href=\"http:\/\/www.gazeteport.com\/haber\/82590\/aihm\" target=\"_blank\">Kaynak : GAZETEPORT<\/a><\/p>\n","protected":false},"excerpt":{"rendered":"<p style=\"text-align: center;\">\n<p style=\"text-align: justify;\">A\u0130HM ilk kez, Ergenekon davas\u0131 tutuklu san\u0131\u011f\u0131 Levent Bekta\u015f\u2019\u0131n ba\u015fvurusu \u00fczerine, iddianamede \u201c\u00f6zel hayat\u0131n korunup korunmad\u0131\u011f\u0131\u201dn\u0131 inceleme karar\u0131 ald\u0131.<\/p>\n<p style=\"text-align: justify;\">Avrupa \u0130nsan Haklar\u0131 Mahkemesi (A\u0130HM), Ergenekon davas\u0131n\u0131n tutuklu san\u0131\u011f\u0131 gazeteci Tuncay \u00d6zkan\u2019la ilgili ge\u00e7en ay verdi\u011fi \u201cara karar\u201d gibi i\u00e7 t\u00fcz\u00fc\u011fe ayk\u0131r\u0131 olmas\u0131na ra\u011fmen, \u201ci\u00e7 hukuk yolu t\u00fckenmeden\u201d davan\u0131n <\/p>\n","protected":false},"author":1,"featured_media":0,"comment_status":"open","ping_status":"open","sticky":false,"template":"","format":"standard","meta":{"footnotes":""},"categories":[105],"tags":[],"class_list":["post-49187","post","type-post","status-publish","format-standard","hentry","category-gundem","odd"],"_links":{"self":[{"href":"http:\/\/www.korhanyilmaz.com\/index.php?rest_route=\/wp\/v2\/posts\/49187","targetHints":{"allow":["GET"]}}],"collection":[{"href":"http:\/\/www.korhanyilmaz.com\/index.php?rest_route=\/wp\/v2\/posts"}],"about":[{"href":"http:\/\/www.korhanyilmaz.com\/index.php?rest_route=\/wp\/v2\/types\/post"}],"author":[{"embeddable":true,"href":"http:\/\/www.korhanyilmaz.com\/index.php?rest_route=\/wp\/v2\/users\/1"}],"replies":[{"embeddable":true,"href":"http:\/\/www.korhanyilmaz.com\/index.php?rest_route=%2Fwp%2Fv2%2Fcomments&post=49187"}],"version-history":[{"count":0,"href":"http:\/\/www.korhanyilmaz.com\/index.php?rest_route=\/wp\/v2\/posts\/49187\/revisions"}],"wp:attachment":[{"href":"http:\/\/www.korhanyilmaz.com\/index.php?rest_route=%2Fwp%2Fv2%2Fmedia&parent=49187"}],"wp:term":[{"taxonomy":"category","embeddable":true,"href":"http:\/\/www.korhanyilmaz.com\/index.php?rest_route=%2Fwp%2Fv2%2Fcategories&post=49187"},{"taxonomy":"post_tag","embeddable":true,"href":"http:\/\/www.korhanyilmaz.com\/index.php?rest_route=%2Fwp%2Fv2%2Ftags&post=49187"}],"curies":[{"name":"wp","href":"https:\/\/api.w.org\/{rel}","templated":true}]}}