{"id":49183,"date":"2012-03-04T10:35:40","date_gmt":"2012-03-04T08:35:40","guid":{"rendered":"http:\/\/www.korhanyilmaz.com\/?p=49183"},"modified":"2012-03-04T12:08:27","modified_gmt":"2012-03-04T10:08:27","slug":"bizi-de-basbakana-sorun","status":"publish","type":"post","link":"http:\/\/www.korhanyilmaz.com\/?p=49183","title":{"rendered":"&#8220;Bizi de Ba\u015fbakan&#8217;a sorun&#8221;"},"content":{"rendered":"<p style=\"text-align: center;\"><a href=\"http:\/\/www.korhanyilmaz.com\/wp-content\/uploads\/2012\/03\/9068.jpg\"  class=\"lightview\"><img loading=\"lazy\" decoding=\"async\" class=\"aligncenter  wp-image-49184\" src=\"http:\/\/www.korhanyilmaz.com\/wp-content\/uploads\/2012\/03\/9068.jpg\" alt=\"\" width=\"396\" height=\"180\" \/><\/a><\/p>\n<p style=\"text-align: justify;\">M\u0130T&#8217;\u00e7ilere tan\u0131nan &#8216;soru\u015fturma&#8217; i\u00e7in &#8216;izin kriteri&#8217;, Genelkurmay&#8217;\u0131 harekete ge\u00e7irdi.<\/p>\n<p style=\"text-align: justify;\">ANKARA- M\u0130T yasas\u0131 sonras\u0131 Genelkurmay da ter\u00f6rle m\u00fccadele eden askerlere y\u00f6nelik soru\u015fturmalar\u0131n izne tabi olmas\u0131n\u0131 istiyor..<\/p>\n<p style=\"text-align: justify;\">KCK soru\u015fturmas\u0131n\u0131 y\u00fcr\u00fcten \u00f6zel yetkili savc\u0131n\u0131n M\u0130T M\u00fcste\u015far\u0131 Hakan Fidan, eski M\u0130T M\u00fcste\u015far\u0131 Emre Taner ve eski M\u0130T M\u00fcste\u015far Yard\u0131mc\u0131s\u0131 Afet G\u00fcne\u015f&#8217;i &#8216;\u015f\u00fcpheli&#8217; s\u0131fat\u0131yla ifadeye \u00e7a\u011f\u0131rmas\u0131 krize neden olmu\u015ftu. \u0130fade krizi, M\u0130T&#8217;\u00e7ilere y\u00f6nelik soru\u015fturmalara istisna getirilerek a\u015f\u0131labilmi\u015fti.<!--more--><\/p>\n<p style=\"text-align: justify;\">M\u0130T mensuplar\u0131 veya ba\u015fbakan taraf\u0131ndan kamu g\u00f6revlileri aras\u0131ndan g\u00f6revlendirilenler hakk\u0131nda &#8216;g\u00f6revin niteli\u011finden do\u011fan veya g\u00f6rev s\u0131ras\u0131nda i\u015fledikleri iddia olunan su\u00e7lar&#8217; nedeniyle a\u00e7\u0131lacak soru\u015fturmalar ba\u015fbakan\u0131n iznine ba\u011flanm\u0131\u015ft\u0131. Ya\u015fanan s\u00fcre\u00e7te \u0130stanbul Emniyeti&#8217;nde g\u00f6revli 13 polis \u015fefinin yeri de\u011fi\u015fmi\u015f, KCK soru\u015fturmas\u0131ndan el \u00e7ektirilen Savc\u0131 Sadrettin Sar\u0131kaya hakk\u0131nda da soru\u015fturma ba\u015flat\u0131lm\u0131\u015ft\u0131.<\/p>\n<p style=\"text-align: justify;\"><strong>\u0130Z\u0130N \u0130ST\u0130SNASI GET\u0130R\u0130LS\u0130N<\/strong><\/p>\n<p style=\"text-align: justify;\">Ak\u015fam&#8217;\u0131n haberine g\u00f6re, ifade krizini a\u015fmak i\u00e7in M\u0130T&#8217;\u00e7ilere tan\u0131nan &#8216;izin&#8217; kriteri, Genelkurmay Ba\u015fkanl\u0131\u011f\u0131&#8217;n\u0131 harekete ge\u00e7irdi. Genelkurmay, askerler hakk\u0131nda ter\u00f6rle m\u00fccadele ederken i\u015fledikleri iddia olunan su\u00e7lar nedeniyle a\u00e7\u0131lacak adli soru\u015fturmalara da izin istisnas\u0131 getirilmesi i\u00e7in bir yasa tasla\u011f\u0131 haz\u0131rlad\u0131.<\/p>\n<p style=\"text-align: justify;\"><strong>&#8216;MADDE EKLENS\u0130N&#8217;<\/strong><\/p>\n<p style=\"text-align: justify;\">Ba\u015fbakanl\u0131k&#8217;a g\u00f6nderilen taslakta, Askeri Mahkemeler Kanunu ya da Ceza Muhakemesi Kanunu&#8217;na, ter\u00f6rle m\u00fccadele eden askerlerle ilgili bir istisna maddesi eklenmesi \u00f6nerildi. Ter\u00f6rle m\u00fccadele ederken i\u015fledikleri iddia olunan su\u00e7lar nedeniyle askerler hakk\u0131nda a\u00e7\u0131lacak soru\u015fturmalar\u0131n, milli savunma bakan\u0131 ya da ba\u015fbakan\u0131n iznine tabi olmas\u0131 istendi.<\/p>\n<p style=\"text-align: justify;\"><strong>FORM\u00dcL \u015e\u00d6YLE<\/strong><\/p>\n<p style=\"text-align: justify;\">Taslakta, istisna maddesi \u015f\u00f6yle form\u00fcle edildi: &#8216;Ter\u00f6rle m\u00fccadelede g\u00f6rev veren veya bu g\u00f6revi ifa eden asker ki\u015filerin bu g\u00f6revleriyle ilgili i\u015fledikleri iddia olunan su\u00e7lar\u0131n soru\u015fturulmas\u0131, Milli Savunma Bakan\u0131 \/ Ba\u015fbakan\u0131n iznine tabidir.&#8217;<\/p>\n<p style=\"text-align: justify;\"><strong>G\u00d6ZLER H\u00dcK\u00dcMETTE<\/strong><\/p>\n<p style=\"text-align: justify;\">H\u00fck\u00fcmetin, Genelkurmay&#8217;\u0131n askerlere ili\u015fkin bu talebini nas\u0131l de\u011ferlendirece\u011fi merakla bekleniyor. H\u00fck\u00fcmet ye\u015fil \u0131\u015f\u0131k yakarsa taslak TBMM&#8217;ye sevk edilerek yasala\u015fmas\u0131 sa\u011flanacak.<\/p>\n<p style=\"text-align: justify;\">Taslak bu haliyle yasala\u015f\u0131rsa ter\u00f6rle m\u00fccadelede g\u00f6revli olan askerler hakk\u0131nda soru\u015fturma i\u00e7in Milli Savunma Bakan\u0131 ya da Ba\u015fbakan&#8217;\u0131n izin vermesi gerekecek. Bakan ya da Ba\u015fbakan&#8217;\u0131n izin vermedi\u011fi askerler hakk\u0131nda soru\u015fturma a\u00e7\u0131lamayacak. Askerlerin ter\u00f6rle m\u00fccadele ederken i\u015fledikleri di\u011fer t\u00fcm su\u00e7larda da ayn\u0131 durum s\u00f6z konusu olacak. Askerlere tan\u0131nacak olas\u0131 soru\u015fturma istisnas\u0131, Ergenekon, Balyoz, \u0130rticayla M\u00fccadele Eylem Plan\u0131 ve \u0130nternet And\u0131c\u0131 gibi davalardan tutuklu bulunan ya da tutuksuz yarg\u0131lanan askerleri de kapsay\u0131p kapsamayaca\u011f\u0131 tart\u0131\u015fmalar\u0131na neden olacak.<\/p>\n<p style=\"text-align: justify;\"><a href=\"http:\/\/www.gazeteport.com\/haber\/82601\/bizi_de_basbakana_sorun\" target=\"_blank\">Kaynak : GAZETEPORT<\/a><\/p>\n","protected":false},"excerpt":{"rendered":"<p style=\"text-align: center;\">\n<p style=\"text-align: justify;\">M\u0130T&#8217;\u00e7ilere tan\u0131nan &#8216;soru\u015fturma&#8217; i\u00e7in &#8216;izin kriteri&#8217;, Genelkurmay&#8217;\u0131 harekete ge\u00e7irdi.<\/p>\n<p style=\"text-align: justify;\">ANKARA- M\u0130T yasas\u0131 sonras\u0131 Genelkurmay da ter\u00f6rle m\u00fccadele eden askerlere y\u00f6nelik soru\u015fturmalar\u0131n izne tabi olmas\u0131n\u0131 istiyor..<\/p>\n<p style=\"text-align: justify;\">KCK soru\u015fturmas\u0131n\u0131 y\u00fcr\u00fcten \u00f6zel yetkili savc\u0131n\u0131n M\u0130T M\u00fcste\u015far\u0131 Hakan Fidan, eski M\u0130T M\u00fcste\u015far\u0131 Emre Taner ve eski M\u0130T M\u00fcste\u015far Yard\u0131mc\u0131s\u0131 Afet <\/p>\n","protected":false},"author":1,"featured_media":0,"comment_status":"open","ping_status":"open","sticky":false,"template":"","format":"standard","meta":{"footnotes":""},"categories":[105],"tags":[],"class_list":["post-49183","post","type-post","status-publish","format-standard","hentry","category-gundem","odd"],"_links":{"self":[{"href":"http:\/\/www.korhanyilmaz.com\/index.php?rest_route=\/wp\/v2\/posts\/49183","targetHints":{"allow":["GET"]}}],"collection":[{"href":"http:\/\/www.korhanyilmaz.com\/index.php?rest_route=\/wp\/v2\/posts"}],"about":[{"href":"http:\/\/www.korhanyilmaz.com\/index.php?rest_route=\/wp\/v2\/types\/post"}],"author":[{"embeddable":true,"href":"http:\/\/www.korhanyilmaz.com\/index.php?rest_route=\/wp\/v2\/users\/1"}],"replies":[{"embeddable":true,"href":"http:\/\/www.korhanyilmaz.com\/index.php?rest_route=%2Fwp%2Fv2%2Fcomments&post=49183"}],"version-history":[{"count":0,"href":"http:\/\/www.korhanyilmaz.com\/index.php?rest_route=\/wp\/v2\/posts\/49183\/revisions"}],"wp:attachment":[{"href":"http:\/\/www.korhanyilmaz.com\/index.php?rest_route=%2Fwp%2Fv2%2Fmedia&parent=49183"}],"wp:term":[{"taxonomy":"category","embeddable":true,"href":"http:\/\/www.korhanyilmaz.com\/index.php?rest_route=%2Fwp%2Fv2%2Fcategories&post=49183"},{"taxonomy":"post_tag","embeddable":true,"href":"http:\/\/www.korhanyilmaz.com\/index.php?rest_route=%2Fwp%2Fv2%2Ftags&post=49183"}],"curies":[{"name":"wp","href":"https:\/\/api.w.org\/{rel}","templated":true}]}}