{"id":49171,"date":"2012-03-04T00:05:01","date_gmt":"2012-03-03T22:05:01","guid":{"rendered":"http:\/\/www.korhanyilmaz.com\/?p=49171"},"modified":"2012-03-04T02:51:47","modified_gmt":"2012-03-04T00:51:47","slug":"erdoganin-hakimi-cikti","status":"publish","type":"post","link":"http:\/\/www.korhanyilmaz.com\/?p=49171","title":{"rendered":"Erdo\u011fan&#8217;\u0131n hakimi \u00e7\u0131kt\u0131"},"content":{"rendered":"<p style=\"text-align: center;\"><a href=\"http:\/\/www.korhanyilmaz.com\/wp-content\/uploads\/2012\/03\/9066.jpg\"  class=\"lightview\"><img loading=\"lazy\" decoding=\"async\" class=\"aligncenter  wp-image-49172\" src=\"http:\/\/www.korhanyilmaz.com\/wp-content\/uploads\/2012\/03\/9066.jpg\" alt=\"\" width=\"396\" height=\"180\" \/><\/a><\/p>\n<p style=\"text-align: justify;\">Avukatlara kar\u015f\u0131 k\u00f6t\u00fc davrand\u0131\u011f\u0131 gerek\u00e7esiyle, avukatl\u0131k mesle\u011fine kabul edilmeyen emekli yarg\u0131\u00e7, Ba\u015fbakan Erdo\u011fan\u2019\u0131n hakimi \u00e7\u0131kt\u0131.<\/p>\n<p style=\"text-align: justify;\">ANKARA &#8211; Avukatlara kar\u015f\u0131 k\u00f6t\u00fc davrand\u0131\u011f\u0131 ve savunma hakk\u0131n\u0131 k\u0131s\u0131tlad\u0131\u011f\u0131 gerek\u00e7esiyle, avukatl\u0131k mesle\u011fine kabul edilmeyen emekli yarg\u0131\u00e7 \u0130brahim Kozan, Ba\u015fbakan Recep Tayyip Erdo\u011fan\u2019\u0131n hakimi \u00e7\u0131kt\u0131.\u00a0<!--more--><\/p>\n<p style=\"text-align: justify;\">Kozan, Ba\u015fbakan Erdo\u011fan\u2019\u0131n \u2018\u2019Mal Varl\u0131\u011f\u0131\u2019\u2019 davas\u0131na bakm\u0131\u015f ve verdi\u011fi beraat karar\u0131n\u0131n ard\u0131ndan Asliye Ceza hakimli\u011finden A\u011f\u0131r Ceza mahkemesi ba\u015fkanl\u0131\u011f\u0131na atanm\u0131\u015ft\u0131. Bu davay\u0131 temyiz etmeyen d\u00f6nemin Cumhuriyet Savc\u0131s\u0131 Fahri Kas\u0131rga da Adalet Bakanl\u0131\u011f\u0131 M\u00fcste\u015far\u0131 olmu\u015ftu.<\/p>\n<p style=\"text-align: justify;\">2002 y\u0131l\u0131nda Tayyip Erdo\u011fan\u2019\u0131n mal varl\u0131\u011f\u0131 mahkemelik olmu\u015f, Ankara Cumhuriyet Savc\u0131l\u0131\u011f\u0131nca haz\u0131rlanan iddianamede Erdo\u011fan&#8217;\u0131n Belediye Ba\u015fkanl\u0131\u011f\u0131 g\u00f6revinden ayr\u0131l\u0131rken verdi\u011fi mal beyan\u0131 ile AKP Genel Ba\u015fkan\u0131 se\u00e7ildikten sonraki mal beyan\u0131 aras\u0131nda, 256 milyar 138 milyon lira art\u0131\u015f oldu\u011fu belirtilmi\u015fti.<\/p>\n<p style=\"text-align: justify;\">\u0130ddianamede bu art\u0131\u015f\u0131n, bir siyasi parti lideri ve ailesinin sosyal ya\u015famlar\u0131n\u0131n gere\u011fi olan giderler dikkate al\u0131nd\u0131\u011f\u0131nda, d\u00f6nem gelirleriyle a\u00e7\u0131klanamayaca\u011f\u0131 ve haks\u0131z edinilmi\u015f mal niteli\u011finde oldu\u011funu \u00f6ne s\u00fcr\u00fclm\u00fc\u015ft\u00fc.<\/p>\n<p style=\"text-align: justify;\">Ankara 7. Asliye Ceza Mahkemesindeki duru\u015fmalara Erdo\u011fan kat\u0131lmam\u0131\u015f, yeni bilirki\u015fi heyeti de ilk incelemeyi yapanlar\u0131n aksine, su\u00e7 unsuru olmad\u0131\u011f\u0131 y\u00f6n\u00fcnde rapor vermi\u015fti. 18 Ekim 2003\u2019de de hakim \u0130brahim Kozan, Erdo\u011fan hakk\u0131nda beraat karar\u0131 vermi\u015fti. 7. Asliye Ceza Mahkemesi hakimi Kozan daha sonra Ankara 9. A\u011f\u0131r Ceza Mahkemesi ba\u015fkanl\u0131\u011f\u0131na atanm\u0131\u015f ve ge\u00e7en y\u0131l da bu g\u00f6revden emekli olmu\u015ftu.<\/p>\n<p style=\"text-align: justify;\"><a href=\"http:\/\/www.gazeteport.com\/haber\/82554\/erdoganin_hakimi_cikti\" target=\"_blank\">Kaynak : GAZETEPORT<\/a><\/p>\n","protected":false},"excerpt":{"rendered":"<p style=\"text-align: center;\">\n<p style=\"text-align: justify;\">Avukatlara kar\u015f\u0131 k\u00f6t\u00fc davrand\u0131\u011f\u0131 gerek\u00e7esiyle, avukatl\u0131k mesle\u011fine kabul edilmeyen emekli yarg\u0131\u00e7, Ba\u015fbakan Erdo\u011fan\u2019\u0131n hakimi \u00e7\u0131kt\u0131.<\/p>\n<p style=\"text-align: justify;\">ANKARA &#8211; Avukatlara kar\u015f\u0131 k\u00f6t\u00fc davrand\u0131\u011f\u0131 ve savunma hakk\u0131n\u0131 k\u0131s\u0131tlad\u0131\u011f\u0131 gerek\u00e7esiyle, avukatl\u0131k mesle\u011fine kabul edilmeyen emekli yarg\u0131\u00e7 \u0130brahim Kozan, Ba\u015fbakan Recep Tayyip Erdo\u011fan\u2019\u0131n hakimi \u00e7\u0131kt\u0131. <\/p>\n","protected":false},"author":1,"featured_media":0,"comment_status":"open","ping_status":"open","sticky":false,"template":"","format":"standard","meta":{"footnotes":""},"categories":[105],"tags":[],"class_list":["post-49171","post","type-post","status-publish","format-standard","hentry","category-gundem","odd"],"_links":{"self":[{"href":"http:\/\/www.korhanyilmaz.com\/index.php?rest_route=\/wp\/v2\/posts\/49171","targetHints":{"allow":["GET"]}}],"collection":[{"href":"http:\/\/www.korhanyilmaz.com\/index.php?rest_route=\/wp\/v2\/posts"}],"about":[{"href":"http:\/\/www.korhanyilmaz.com\/index.php?rest_route=\/wp\/v2\/types\/post"}],"author":[{"embeddable":true,"href":"http:\/\/www.korhanyilmaz.com\/index.php?rest_route=\/wp\/v2\/users\/1"}],"replies":[{"embeddable":true,"href":"http:\/\/www.korhanyilmaz.com\/index.php?rest_route=%2Fwp%2Fv2%2Fcomments&post=49171"}],"version-history":[{"count":0,"href":"http:\/\/www.korhanyilmaz.com\/index.php?rest_route=\/wp\/v2\/posts\/49171\/revisions"}],"wp:attachment":[{"href":"http:\/\/www.korhanyilmaz.com\/index.php?rest_route=%2Fwp%2Fv2%2Fmedia&parent=49171"}],"wp:term":[{"taxonomy":"category","embeddable":true,"href":"http:\/\/www.korhanyilmaz.com\/index.php?rest_route=%2Fwp%2Fv2%2Fcategories&post=49171"},{"taxonomy":"post_tag","embeddable":true,"href":"http:\/\/www.korhanyilmaz.com\/index.php?rest_route=%2Fwp%2Fv2%2Ftags&post=49171"}],"curies":[{"name":"wp","href":"https:\/\/api.w.org\/{rel}","templated":true}]}}