{"id":4917,"date":"2009-03-12T08:54:11","date_gmt":"2009-03-12T06:54:11","guid":{"rendered":"http:\/\/www.korhanyilmaz.com\/?p=4917"},"modified":"2009-03-12T08:54:11","modified_gmt":"2009-03-12T06:54:11","slug":"ergenekonda-2-yeni-gozalti","status":"publish","type":"post","link":"http:\/\/www.korhanyilmaz.com\/?p=4917","title":{"rendered":"Ergenekon&#039;da 2 yeni g\u00f6zalt\u0131!"},"content":{"rendered":"<p style=\"text-align: center;\"><img loading=\"lazy\" decoding=\"async\" class=\"aligncenter size-full wp-image-4918\" title=\"Ergenekon'da 2 yeni g\u00f6zalt\u0131!\" src=\"http:\/\/www.korhanyilmaz.com\/wp-content\/uploads\/2009\/03\/ergenekon12.jpg\" alt=\"Ergenekon'da 2 yeni g\u00f6zalt\u0131!\" width=\"261\" height=\"218\" \/><\/p>\n<p style=\"text-align: justify;\"><strong><span style=\"color: #000000;\">Ergenekon Soru\u015fturmas\u0131 kapsam\u0131nda sabah saatlerinde bir emekli Albay&#8217;\u0131n Ankara&#8217;da al\u0131nmas\u0131n\u0131n ard\u0131ndan, Diyarbak\u0131r Jandarma Alay Komutanl\u0131\u011f\u0131&#8217;nda g\u00f6revli bir Astsubay&#8217;da ayn\u0131 gerek\u00e7eyle g\u00f6zalt\u0131na al\u0131nd\u0131.<\/span><\/strong><\/p>\n<p style=\"text-align: justify;\">Malatya Zirve Yay\u0131nevi katliam\u0131n\u0131n Ergenekon Soru\u015fturmas\u0131&#8217;na dahil edilmesinin ard\u0131ndan bug\u00fcn sabah saatlerinde eski Malatya \u0130l Jandarma Alay Komutan\u0131 emekli Albay Mehmet \u00dclger&#8217;in ard\u0131ndan, bir muazzaf istihbarat astsubay\u0131 Diyarbak\u0131r&#8217;dan g\u00f6zalt\u0131na al\u0131nd\u0131. Daha \u00f6nce Malatya&#8217;da g\u00f6rev yapt\u0131\u011f\u0131 \u00f6\u011frenilen Diyarbak\u0131r \u0130stihbarat \u015eube&#8217;de g\u00f6revli Astsubay\u0131n da ayn\u0131 konuyla ilgili ile ilgili Ergenekon Savc\u0131s\u0131 Zekariya \u00d6z&#8217;\u00fcn talimat yaz\u0131s\u0131yla g\u00f6zalt\u0131na al\u0131nd\u0131\u011f\u0131 bildirildi.<!--more--><\/p>\n<p style=\"text-align: justify;\">Muazzaf astsubay\u0131n g\u00f6revli askeri yetkililer e\u015fli\u011finde g\u00f6zalt\u0131na al\u0131nmas\u0131n\u0131n ard\u0131ndan evinde arama yap\u0131ld\u0131\u011f\u0131, sa\u011fl\u0131k kontrol\u00fcnden ge\u00e7irildikten sonra ifadesinin al\u0131nmas\u0131 i\u00e7in \u0130stanbul&#8217;a g\u00f6nderilece\u011fi \u00f6\u011frenildi.<\/p>\n<p style=\"text-align: justify;\"><strong>EMEKL\u0130 ALBAY G\u00d6ZALTINDA<\/strong><\/p>\n<p style=\"text-align: justify;\">Emniyet yetkililerinden al\u0131nan bilgiye g\u00f6re, &#8220;Ergenekon&#8221; soru\u015fturmas\u0131n\u0131 y\u00fcr\u00fcten Cumhuriyet Savc\u0131s\u0131n\u0131n talimat\u0131 \u00fczerine, hakk\u0131nda &#8220;yakalama&#8221; karar\u0131 bulunan emekli bir albay Ankara Emniyet M\u00fcd\u00fcrl\u00fc\u011f\u00fc Ter\u00f6rle M\u00fccadele \u015eube ekipleri taraf\u0131ndan Ankara&#8217;da g\u00f6zalt\u0131na al\u0131nd\u0131.<br \/>\n\u0130smi \u00f6\u011frenilemeyen emekli albay\u0131n evinde de arama yap\u0131ld\u0131\u011f\u0131 kaydedilirken, g\u00f6zalt\u0131na al\u0131nan ki\u015finin Ter\u00f6rle M\u00fccadele \u015eube M\u00fcd\u00fcrl\u00fc\u011f\u00fcne getirilece\u011fi ve i\u015flemlerinin ard\u0131ndan \u0130stanbul&#8217;a g\u00f6nderilece\u011fi \u00f6\u011frenildi.\n<\/p>\n<p style=\"text-align: justify;\"><span style=\"color: #888888;\">Kaynak : Vatan Gazetesi<\/span><\/p>\n","protected":false},"excerpt":{"rendered":"<p style=\"text-align: center;\">\n<p style=\"text-align: justify;\">Ergenekon Soru\u015fturmas\u0131 kapsam\u0131nda sabah saatlerinde bir emekli Albay&#8217;\u0131n Ankara&#8217;da al\u0131nmas\u0131n\u0131n ard\u0131ndan, Diyarbak\u0131r Jandarma Alay Komutanl\u0131\u011f\u0131&#8217;nda g\u00f6revli bir Astsubay&#8217;da ayn\u0131 gerek\u00e7eyle g\u00f6zalt\u0131na al\u0131nd\u0131.<\/p>\n<p style=\"text-align: justify;\">Malatya Zirve Yay\u0131nevi katliam\u0131n\u0131n Ergenekon Soru\u015fturmas\u0131&#8217;na dahil edilmesinin ard\u0131ndan bug\u00fcn sabah saatlerinde eski Malatya \u0130l Jandarma Alay Komutan\u0131 emekli Albay Mehmet \u00dclger&#8217;in ard\u0131ndan, bir muazzaf istihbarat <\/p>\n","protected":false},"author":1,"featured_media":0,"comment_status":"open","ping_status":"closed","sticky":false,"template":"","format":"standard","meta":{"footnotes":""},"categories":[105],"tags":[],"class_list":["post-4917","post","type-post","status-publish","format-standard","hentry","category-gundem","odd"],"_links":{"self":[{"href":"http:\/\/www.korhanyilmaz.com\/index.php?rest_route=\/wp\/v2\/posts\/4917","targetHints":{"allow":["GET"]}}],"collection":[{"href":"http:\/\/www.korhanyilmaz.com\/index.php?rest_route=\/wp\/v2\/posts"}],"about":[{"href":"http:\/\/www.korhanyilmaz.com\/index.php?rest_route=\/wp\/v2\/types\/post"}],"author":[{"embeddable":true,"href":"http:\/\/www.korhanyilmaz.com\/index.php?rest_route=\/wp\/v2\/users\/1"}],"replies":[{"embeddable":true,"href":"http:\/\/www.korhanyilmaz.com\/index.php?rest_route=%2Fwp%2Fv2%2Fcomments&post=4917"}],"version-history":[{"count":0,"href":"http:\/\/www.korhanyilmaz.com\/index.php?rest_route=\/wp\/v2\/posts\/4917\/revisions"}],"wp:attachment":[{"href":"http:\/\/www.korhanyilmaz.com\/index.php?rest_route=%2Fwp%2Fv2%2Fmedia&parent=4917"}],"wp:term":[{"taxonomy":"category","embeddable":true,"href":"http:\/\/www.korhanyilmaz.com\/index.php?rest_route=%2Fwp%2Fv2%2Fcategories&post=4917"},{"taxonomy":"post_tag","embeddable":true,"href":"http:\/\/www.korhanyilmaz.com\/index.php?rest_route=%2Fwp%2Fv2%2Ftags&post=4917"}],"curies":[{"name":"wp","href":"https:\/\/api.w.org\/{rel}","templated":true}]}}